{"id":241979,"date":"2009-03-06T00:00:00","date_gmt":"2009-03-06T00:00:00","guid":{"rendered":"https:\/\/www.procarton.com\/carton-awards-2009-launched-6th-march-2009\/"},"modified":"2021-11-07T16:24:05","modified_gmt":"2021-11-07T16:24:05","slug":"carton-awards-2009-launched-6th-march-2009","status":"publish","type":"post","link":"https:\/\/www.procarton.com\/es\/carton-awards-2009-launched-6th-march-2009\/","title":{"rendered":"Lanzamiento de la caja Awards 2009 - 6 de marzo de 2009"},"content":{"rendered":"<p>Pro Carton, en asociaci\u00f3n con ECMA, ha puesto en marcha el Awards del cart\u00f3n 2009. Este evento anual llega a su decimotercera edici\u00f3n y durante ese periodo ha contado con muchos ejemplos excelentes de las habilidades de los fabricantes y dise\u00f1adores de cart\u00f3n. <a href='\/files\/file_manager\/Press_0209\/p_mail_0209_e.htm ' target='_blank' rel=\"noopener\">M\u00e1s ...<\/a><\/p>","protected":false},"excerpt":{"rendered":"<p>Pro Carton, en asociaci\u00f3n con ECMA, ha puesto en marcha el Awards del cart\u00f3n 2009. Este evento anual llega a su decimotercera edici\u00f3n y durante ese periodo ha contado con muchos ejemplos excelentes de las habilidades de los fabricantes y dise\u00f1adores de cart\u00f3n. <a href='\/files\/file_manager\/Press_0209\/p_mail_0209_e.htm ' target='_blank' rel=\"noopener\">M\u00e1s ...<\/a><\/p>","protected":false},"author":1,"featured_media":241980,"comment_status":"open","ping_status":"open","sticky":false,"template":"","format":"standard","meta":{"inline_featured_image":false,"footnotes":""},"categories":[42],"tags":[],"class_list":["post-241979","post","type-post","status-publish","format-standard","has-post-thumbnail","hentry","category-awards"],"yoast_head":"<!-- This site is optimized with the Yoast SEO plugin v27.5 - https:\/\/yoast.com\/product\/yoast-seo-wordpress\/ -->\n<title>Carton Awards 2009 launched - 6th March 2009 - Pro Carton<\/title>\n<meta name=\"robots\" content=\"index, follow, max-snippet:-1, max-image-preview:large, max-video-preview:-1\" \/>\n<link rel=\"canonical\" href=\"https:\/\/www.procarton.com\/es\/carton-awards-2009-launched-6th-march-2009\/\" \/>\n<meta property=\"og:locale\" content=\"es_ES\" \/>\n<meta property=\"og:type\" content=\"article\" \/>\n<meta property=\"og:title\" content=\"Carton Awards 2009 launched - 6th March 2009 - Pro Carton\" \/>\n<meta property=\"og:description\" content=\"Pro Carton, in association with ECMA, has launched the 2009 Carton Awards. This annual event is now in its 13th year and has over that period had many excellent examples of the skills of carton manufacturers and designers. More ...\" \/>\n<meta property=\"og:url\" content=\"https:\/\/www.procarton.com\/es\/carton-awards-2009-launched-6th-march-2009\/\" \/>\n<meta property=\"og:site_name\" content=\"Pro Carton\" \/>\n<meta property=\"article:publisher\" content=\"https:\/\/www.facebook.com\/procartondesignaward\/\" \/>\n<meta property=\"article:published_time\" content=\"2009-03-06T00:00:00+00:00\" \/>\n<meta property=\"article:modified_time\" content=\"2021-11-07T16:24:05+00:00\" \/>\n<meta property=\"og:image\" content=\"https:\/\/www.procarton.com\/wp-content\/uploads\/2021\/02\/entry_form_english1.jpg\" \/>\n\t<meta property=\"og:image:width\" content=\"420\" \/>\n\t<meta property=\"og:image:height\" content=\"595\" \/>\n\t<meta property=\"og:image:type\" content=\"image\/jpeg\" \/>\n<meta name=\"author\" content=\"esterling@admin\" \/>\n<meta name=\"twitter:card\" content=\"summary_large_image\" \/>\n<meta name=\"twitter:creator\" content=\"@pro_carton\" \/>\n<meta name=\"twitter:site\" content=\"@pro_carton\" \/>\n<meta name=\"twitter:label1\" content=\"Escrito por\" \/>\n\t<meta name=\"twitter:data1\" content=\"esterling@admin\" \/>\n<script type=\"application\/ld+json\" class=\"yoast-schema-graph\">{\"@context\":\"https:\\\/\\\/schema.org\",\"@graph\":[{\"@type\":\"Article\",\"@id\":\"https:\\\/\\\/www.procarton.com\\\/es\\\/carton-awards-2009-launched-6th-march-2009\\\/#article\",\"isPartOf\":{\"@id\":\"https:\\\/\\\/www.procarton.com\\\/es\\\/carton-awards-2009-launched-6th-march-2009\\\/\"},\"author\":{\"name\":\"esterling@admin\",\"@id\":\"https:\\\/\\\/www.procarton.com\\\/es\\\/#\\\/schema\\\/person\\\/872a075145d2c38578ff4eed7d481251\"},\"headline\":\"Carton Awards 2009 launched &#8211; 6th March 2009\",\"datePublished\":\"2009-03-06T00:00:00+00:00\",\"dateModified\":\"2021-11-07T16:24:05+00:00\",\"mainEntityOfPage\":{\"@id\":\"https:\\\/\\\/www.procarton.com\\\/es\\\/carton-awards-2009-launched-6th-march-2009\\\/\"},\"wordCount\":44,\"commentCount\":0,\"publisher\":{\"@id\":\"https:\\\/\\\/www.procarton.com\\\/es\\\/#organization\"},\"image\":{\"@id\":\"https:\\\/\\\/www.procarton.com\\\/es\\\/carton-awards-2009-launched-6th-march-2009\\\/#primaryimage\"},\"thumbnailUrl\":\"https:\\\/\\\/www.procarton.com\\\/wp-content\\\/uploads\\\/2021\\\/02\\\/entry_form_english1.jpg\",\"articleSection\":[\"Awards\"],\"inLanguage\":\"es\",\"potentialAction\":[{\"@type\":\"CommentAction\",\"name\":\"Comment\",\"target\":[\"https:\\\/\\\/www.procarton.com\\\/es\\\/carton-awards-2009-launched-6th-march-2009\\\/#respond\"]}]},{\"@type\":\"WebPage\",\"@id\":\"https:\\\/\\\/www.procarton.com\\\/es\\\/carton-awards-2009-launched-6th-march-2009\\\/\",\"url\":\"https:\\\/\\\/www.procarton.com\\\/es\\\/carton-awards-2009-launched-6th-march-2009\\\/\",\"name\":\"Carton Awards 2009 launched - 6th March 2009 - Pro Carton\",\"isPartOf\":{\"@id\":\"https:\\\/\\\/www.procarton.com\\\/es\\\/#website\"},\"primaryImageOfPage\":{\"@id\":\"https:\\\/\\\/www.procarton.com\\\/es\\\/carton-awards-2009-launched-6th-march-2009\\\/#primaryimage\"},\"image\":{\"@id\":\"https:\\\/\\\/www.procarton.com\\\/es\\\/carton-awards-2009-launched-6th-march-2009\\\/#primaryimage\"},\"thumbnailUrl\":\"https:\\\/\\\/www.procarton.com\\\/wp-content\\\/uploads\\\/2021\\\/02\\\/entry_form_english1.jpg\",\"datePublished\":\"2009-03-06T00:00:00+00:00\",\"dateModified\":\"2021-11-07T16:24:05+00:00\",\"breadcrumb\":{\"@id\":\"https:\\\/\\\/www.procarton.com\\\/es\\\/carton-awards-2009-launched-6th-march-2009\\\/#breadcrumb\"},\"inLanguage\":\"es\",\"potentialAction\":[{\"@type\":\"ReadAction\",\"target\":[\"https:\\\/\\\/www.procarton.com\\\/es\\\/carton-awards-2009-launched-6th-march-2009\\\/\"]}]},{\"@type\":\"ImageObject\",\"inLanguage\":\"es\",\"@id\":\"https:\\\/\\\/www.procarton.com\\\/es\\\/carton-awards-2009-launched-6th-march-2009\\\/#primaryimage\",\"url\":\"https:\\\/\\\/www.procarton.com\\\/wp-content\\\/uploads\\\/2021\\\/02\\\/entry_form_english1.jpg\",\"contentUrl\":\"https:\\\/\\\/www.procarton.com\\\/wp-content\\\/uploads\\\/2021\\\/02\\\/entry_form_english1.jpg\",\"width\":420,\"height\":595},{\"@type\":\"BreadcrumbList\",\"@id\":\"https:\\\/\\\/www.procarton.com\\\/es\\\/carton-awards-2009-launched-6th-march-2009\\\/#breadcrumb\",\"itemListElement\":[{\"@type\":\"ListItem\",\"position\":1,\"name\":\"Home\",\"item\":\"https:\\\/\\\/www.procarton.com\\\/\"},{\"@type\":\"ListItem\",\"position\":2,\"name\":\"Carton Awards 2009 launched &#8211; 6th March 2009\"}]},{\"@type\":\"WebSite\",\"@id\":\"https:\\\/\\\/www.procarton.com\\\/es\\\/#website\",\"url\":\"https:\\\/\\\/www.procarton.com\\\/es\\\/\",\"name\":\"Pro Carton\",\"description\":\"\",\"publisher\":{\"@id\":\"https:\\\/\\\/www.procarton.com\\\/es\\\/#organization\"},\"potentialAction\":[{\"@type\":\"SearchAction\",\"target\":{\"@type\":\"EntryPoint\",\"urlTemplate\":\"https:\\\/\\\/www.procarton.com\\\/es\\\/?s={search_term_string}\"},\"query-input\":{\"@type\":\"PropertyValueSpecification\",\"valueRequired\":true,\"valueName\":\"search_term_string\"}}],\"inLanguage\":\"es\"},{\"@type\":\"Organization\",\"@id\":\"https:\\\/\\\/www.procarton.com\\\/es\\\/#organization\",\"name\":\"ProCarton\",\"url\":\"https:\\\/\\\/www.procarton.com\\\/es\\\/\",\"logo\":{\"@type\":\"ImageObject\",\"inLanguage\":\"es\",\"@id\":\"https:\\\/\\\/www.procarton.com\\\/es\\\/#\\\/schema\\\/logo\\\/image\\\/\",\"url\":\"https:\\\/\\\/www.procarton.com\\\/wp-content\\\/uploads\\\/2022\\\/06\\\/logo-mit-slogan.jpg\",\"contentUrl\":\"https:\\\/\\\/www.procarton.com\\\/wp-content\\\/uploads\\\/2022\\\/06\\\/logo-mit-slogan.jpg\",\"width\":422,\"height\":519,\"caption\":\"ProCarton\"},\"image\":{\"@id\":\"https:\\\/\\\/www.procarton.com\\\/es\\\/#\\\/schema\\\/logo\\\/image\\\/\"},\"sameAs\":[\"https:\\\/\\\/www.facebook.com\\\/procartondesignaward\\\/\",\"https:\\\/\\\/x.com\\\/pro_carton\"]},{\"@type\":\"Person\",\"@id\":\"https:\\\/\\\/www.procarton.com\\\/es\\\/#\\\/schema\\\/person\\\/872a075145d2c38578ff4eed7d481251\",\"name\":\"esterling@admin\",\"sameAs\":[\"https:\\\/\\\/www.procarton.com\"],\"url\":\"https:\\\/\\\/www.procarton.com\\\/es\\\/author\\\/esterlingadmin\\\/\"}]}<\/script>\n<!-- \/ Yoast SEO plugin. -->","yoast_head_json":{"title":"Lanzamiento del cart\u00f3n Awards 2009 - 6 de marzo de 2009 - Pro Carton","robots":{"index":"index","follow":"follow","max-snippet":"max-snippet:-1","max-image-preview":"max-image-preview:large","max-video-preview":"max-video-preview:-1"},"canonical":"https:\/\/www.procarton.com\/es\/carton-awards-2009-launched-6th-march-2009\/","og_locale":"es_ES","og_type":"article","og_title":"Carton Awards 2009 launched - 6th March 2009 - Pro Carton","og_description":"Pro Carton, in association with ECMA, has launched the 2009 Carton Awards. This annual event is now in its 13th year and has over that period had many excellent examples of the skills of carton manufacturers and designers. More ...","og_url":"https:\/\/www.procarton.com\/es\/carton-awards-2009-launched-6th-march-2009\/","og_site_name":"Pro Carton","article_publisher":"https:\/\/www.facebook.com\/procartondesignaward\/","article_published_time":"2009-03-06T00:00:00+00:00","article_modified_time":"2021-11-07T16:24:05+00:00","og_image":[{"width":420,"height":595,"url":"https:\/\/www.procarton.com\/wp-content\/uploads\/2021\/02\/entry_form_english1.jpg","type":"image\/jpeg"}],"author":"esterling@admin","twitter_card":"summary_large_image","twitter_creator":"@pro_carton","twitter_site":"@pro_carton","twitter_misc":{"Escrito por":"esterling@admin"},"schema":{"@context":"https:\/\/schema.org","@graph":[{"@type":"Article","@id":"https:\/\/www.procarton.com\/es\/carton-awards-2009-launched-6th-march-2009\/#article","isPartOf":{"@id":"https:\/\/www.procarton.com\/es\/carton-awards-2009-launched-6th-march-2009\/"},"author":{"name":"esterling@admin","@id":"https:\/\/www.procarton.com\/es\/#\/schema\/person\/872a075145d2c38578ff4eed7d481251"},"headline":"Carton Awards 2009 launched &#8211; 6th March 2009","datePublished":"2009-03-06T00:00:00+00:00","dateModified":"2021-11-07T16:24:05+00:00","mainEntityOfPage":{"@id":"https:\/\/www.procarton.com\/es\/carton-awards-2009-launched-6th-march-2009\/"},"wordCount":44,"commentCount":0,"publisher":{"@id":"https:\/\/www.procarton.com\/es\/#organization"},"image":{"@id":"https:\/\/www.procarton.com\/es\/carton-awards-2009-launched-6th-march-2009\/#primaryimage"},"thumbnailUrl":"https:\/\/www.procarton.com\/wp-content\/uploads\/2021\/02\/entry_form_english1.jpg","articleSection":["Awards"],"inLanguage":"es","potentialAction":[{"@type":"CommentAction","name":"Comment","target":["https:\/\/www.procarton.com\/es\/carton-awards-2009-launched-6th-march-2009\/#respond"]}]},{"@type":"WebPage","@id":"https:\/\/www.procarton.com\/es\/carton-awards-2009-launched-6th-march-2009\/","url":"https:\/\/www.procarton.com\/es\/carton-awards-2009-launched-6th-march-2009\/","name":"Lanzamiento del cart\u00f3n Awards 2009 - 6 de marzo de 2009 - Pro Carton","isPartOf":{"@id":"https:\/\/www.procarton.com\/es\/#website"},"primaryImageOfPage":{"@id":"https:\/\/www.procarton.com\/es\/carton-awards-2009-launched-6th-march-2009\/#primaryimage"},"image":{"@id":"https:\/\/www.procarton.com\/es\/carton-awards-2009-launched-6th-march-2009\/#primaryimage"},"thumbnailUrl":"https:\/\/www.procarton.com\/wp-content\/uploads\/2021\/02\/entry_form_english1.jpg","datePublished":"2009-03-06T00:00:00+00:00","dateModified":"2021-11-07T16:24:05+00:00","breadcrumb":{"@id":"https:\/\/www.procarton.com\/es\/carton-awards-2009-launched-6th-march-2009\/#breadcrumb"},"inLanguage":"es","potentialAction":[{"@type":"ReadAction","target":["https:\/\/www.procarton.com\/es\/carton-awards-2009-launched-6th-march-2009\/"]}]},{"@type":"ImageObject","inLanguage":"es","@id":"https:\/\/www.procarton.com\/es\/carton-awards-2009-launched-6th-march-2009\/#primaryimage","url":"https:\/\/www.procarton.com\/wp-content\/uploads\/2021\/02\/entry_form_english1.jpg","contentUrl":"https:\/\/www.procarton.com\/wp-content\/uploads\/2021\/02\/entry_form_english1.jpg","width":420,"height":595},{"@type":"BreadcrumbList","@id":"https:\/\/www.procarton.com\/es\/carton-awards-2009-launched-6th-march-2009\/#breadcrumb","itemListElement":[{"@type":"ListItem","position":1,"name":"Home","item":"https:\/\/www.procarton.com\/"},{"@type":"ListItem","position":2,"name":"Carton Awards 2009 launched &#8211; 6th March 2009"}]},{"@type":"WebSite","@id":"https:\/\/www.procarton.com\/es\/#website","url":"https:\/\/www.procarton.com\/es\/","name":"Pro Carton","description":"","publisher":{"@id":"https:\/\/www.procarton.com\/es\/#organization"},"potentialAction":[{"@type":"SearchAction","target":{"@type":"EntryPoint","urlTemplate":"https:\/\/www.procarton.com\/es\/?s={search_term_string}"},"query-input":{"@type":"PropertyValueSpecification","valueRequired":true,"valueName":"search_term_string"}}],"inLanguage":"es"},{"@type":"Organization","@id":"https:\/\/www.procarton.com\/es\/#organization","name":"ProCarton","url":"https:\/\/www.procarton.com\/es\/","logo":{"@type":"ImageObject","inLanguage":"es","@id":"https:\/\/www.procarton.com\/es\/#\/schema\/logo\/image\/","url":"https:\/\/www.procarton.com\/wp-content\/uploads\/2022\/06\/logo-mit-slogan.jpg","contentUrl":"https:\/\/www.procarton.com\/wp-content\/uploads\/2022\/06\/logo-mit-slogan.jpg","width":422,"height":519,"caption":"ProCarton"},"image":{"@id":"https:\/\/www.procarton.com\/es\/#\/schema\/logo\/image\/"},"sameAs":["https:\/\/www.facebook.com\/procartondesignaward\/","https:\/\/x.com\/pro_carton"]},{"@type":"Person","@id":"https:\/\/www.procarton.com\/es\/#\/schema\/person\/872a075145d2c38578ff4eed7d481251","name":"esterling@admin","sameAs":["https:\/\/www.procarton.com"],"url":"https:\/\/www.procarton.com\/es\/author\/esterlingadmin\/"}]}},"_links":{"self":[{"href":"https:\/\/www.procarton.com\/es\/wp-json\/wp\/v2\/posts\/241979","targetHints":{"allow":["GET"]}}],"collection":[{"href":"https:\/\/www.procarton.com\/es\/wp-json\/wp\/v2\/posts"}],"about":[{"href":"https:\/\/www.procarton.com\/es\/wp-json\/wp\/v2\/types\/post"}],"author":[{"embeddable":true,"href":"https:\/\/www.procarton.com\/es\/wp-json\/wp\/v2\/users\/1"}],"replies":[{"embeddable":true,"href":"https:\/\/www.procarton.com\/es\/wp-json\/wp\/v2\/comments?post=241979"}],"version-history":[{"count":1,"href":"https:\/\/www.procarton.com\/es\/wp-json\/wp\/v2\/posts\/241979\/revisions"}],"predecessor-version":[{"id":266316,"href":"https:\/\/www.procarton.com\/es\/wp-json\/wp\/v2\/posts\/241979\/revisions\/266316"}],"wp:featuredmedia":[{"embeddable":true,"href":"https:\/\/www.procarton.com\/es\/wp-json\/wp\/v2\/media\/241980"}],"wp:attachment":[{"href":"https:\/\/www.procarton.com\/es\/wp-json\/wp\/v2\/media?parent=241979"}],"wp:term":[{"taxonomy":"category","embeddable":true,"href":"https:\/\/www.procarton.com\/es\/wp-json\/wp\/v2\/categories?post=241979"},{"taxonomy":"post_tag","embeddable":true,"href":"https:\/\/www.procarton.com\/es\/wp-json\/wp\/v2\/tags?post=241979"}],"curies":[{"name":"wp","href":"https:\/\/api.w.org\/{rel}","templated":true}]}}