{"id":241879,"date":"2010-06-30T00:00:00","date_gmt":"2010-06-30T00:00:00","guid":{"rendered":"https:\/\/www.procarton.com\/brief-interview-with-oystein-aksnes-president-of-cepi-cartonboard\/"},"modified":"2021-11-07T16:32:17","modified_gmt":"2021-11-07T16:32:17","slug":"brief-interview-with-oystein-aksnes-president-of-cepi-cartonboard","status":"publish","type":"post","link":"https:\/\/www.procarton.com\/es\/brief-interview-with-oystein-aksnes-president-of-cepi-cartonboard\/","title":{"rendered":"Breve entrevista con \u00d6ystein Aksnes, Presidente de CEPI Cartonboard"},"content":{"rendered":"<p>\u00d6ystein Aksnes ha sido nombrado presidente de CEPI Cartonboard, la asociaci\u00f3n que re\u00fane a la mayor\u00eda de los fabricantes de cart\u00f3n de Europa y tambi\u00e9n a algunos de Estados Unidos. Despu\u00e9s de pasar gran parte de su carrera en el antiguo grupo MoDo y en Iggesund Paperboard, Oystein se uni\u00f3 a Stora Enso en 2008 y actualmente trabaja como Vicepresidente de Ventas y Marketing de Cart\u00f3n. Aqu\u00ed habla con Richard Dalgleish sobre CEPI Cartonboard y sus planes para el futuro.<br \/>\n<a href=\"\/files\/file_manager\/press_0610\/p_0610_aks_e.htm \" target=\"_blank\" rel=\"noopener\">Mehr ...<\/a><\/p>","protected":false},"excerpt":{"rendered":"<p>\u00d6ystein Aksnes ha sido nombrado presidente de CEPI Cartonboard, la asociaci\u00f3n que re\u00fane a la mayor\u00eda de los fabricantes de cart\u00f3n de Europa y tambi\u00e9n a algunos de Estados Unidos. Despu\u00e9s de pasar gran parte de su carrera en el antiguo grupo MoDo y en Iggesund Paperboard, Oystein se uni\u00f3 a Stora Enso en 2008 y actualmente trabaja como Vicepresidente de Ventas y Marketing de Cart\u00f3n. Aqu\u00ed habla con Richard Dalgleish sobre CEPI Cartonboard y sus planes para el futuro.<br \/><a href='\/files\/file_manager\/press_0610\/p_0610_aks_e.htm ' target='_blank' rel=\"noopener\">Mehr ...<\/a><\/p>","protected":false},"author":1,"featured_media":241880,"comment_status":"open","ping_status":"open","sticky":false,"template":"","format":"standard","meta":{"inline_featured_image":false,"footnotes":""},"categories":[241,242],"tags":[45],"class_list":["post-241879","post","type-post","status-publish","format-standard","has-post-thumbnail","hentry","category-legislation","category-procarton","tag-experts-it"],"yoast_head":"<!-- This site is optimized with the Yoast SEO plugin v27.4 - https:\/\/yoast.com\/product\/yoast-seo-wordpress\/ -->\n<title>Brief Interview with \u00d6ystein Aksnes, President of CEPI Cartonboard - Pro Carton<\/title>\n<meta name=\"robots\" content=\"index, follow, max-snippet:-1, max-image-preview:large, max-video-preview:-1\" \/>\n<link rel=\"canonical\" href=\"https:\/\/www.procarton.com\/es\/brief-interview-with-oystein-aksnes-president-of-cepi-cartonboard\/\" \/>\n<meta property=\"og:locale\" content=\"es_ES\" \/>\n<meta property=\"og:type\" content=\"article\" \/>\n<meta property=\"og:title\" content=\"Brief Interview with \u00d6ystein Aksnes, President of CEPI Cartonboard - Pro Carton\" \/>\n<meta property=\"og:description\" content=\"\u00d6ystein Aksnes has been appointed as President of CEPI Cartonboard, the Association that brings together most of the cartonboard manufacturers in Europe and also some from the USA. After spending much of his career at former MoDo-group and Iggesund Paperboard, Oystein joined Stora Enso in 2008 and currently operates as Vice President, Sales &amp; Marketing, Carton Board. Here he talks to Richard Dalgleish about CEPI Cartonboard and his plans for the future.Mehr ...\" \/>\n<meta property=\"og:url\" content=\"https:\/\/www.procarton.com\/es\/brief-interview-with-oystein-aksnes-president-of-cepi-cartonboard\/\" \/>\n<meta property=\"og:site_name\" content=\"Pro Carton\" \/>\n<meta property=\"article:publisher\" content=\"https:\/\/www.facebook.com\/procartondesignaward\/\" \/>\n<meta property=\"article:published_time\" content=\"2010-06-30T00:00:00+00:00\" \/>\n<meta property=\"article:modified_time\" content=\"2021-11-07T16:32:17+00:00\" \/>\n<meta property=\"og:image\" content=\"https:\/\/www.procarton.com\/wp-content\/uploads\/2021\/02\/aksnes_3_k1.jpg\" \/>\n\t<meta property=\"og:image:width\" content=\"138\" \/>\n\t<meta property=\"og:image:height\" content=\"169\" \/>\n\t<meta property=\"og:image:type\" content=\"image\/jpeg\" \/>\n<meta name=\"author\" content=\"esterling@admin\" \/>\n<meta name=\"twitter:card\" content=\"summary_large_image\" \/>\n<meta name=\"twitter:creator\" content=\"@pro_carton\" \/>\n<meta name=\"twitter:site\" content=\"@pro_carton\" \/>\n<meta name=\"twitter:label1\" content=\"Escrito por\" \/>\n\t<meta name=\"twitter:data1\" content=\"esterling@admin\" \/>\n<script type=\"application\/ld+json\" class=\"yoast-schema-graph\">{\"@context\":\"https:\\\/\\\/schema.org\",\"@graph\":[{\"@type\":\"Article\",\"@id\":\"https:\\\/\\\/www.procarton.com\\\/es\\\/brief-interview-with-oystein-aksnes-president-of-cepi-cartonboard\\\/#article\",\"isPartOf\":{\"@id\":\"https:\\\/\\\/www.procarton.com\\\/es\\\/brief-interview-with-oystein-aksnes-president-of-cepi-cartonboard\\\/\"},\"author\":{\"name\":\"esterling@admin\",\"@id\":\"https:\\\/\\\/www.procarton.com\\\/es\\\/#\\\/schema\\\/person\\\/872a075145d2c38578ff4eed7d481251\"},\"headline\":\"Brief Interview with \u00d6ystein Aksnes, President of CEPI Cartonboard\",\"datePublished\":\"2010-06-30T00:00:00+00:00\",\"dateModified\":\"2021-11-07T16:32:17+00:00\",\"mainEntityOfPage\":{\"@id\":\"https:\\\/\\\/www.procarton.com\\\/es\\\/brief-interview-with-oystein-aksnes-president-of-cepi-cartonboard\\\/\"},\"wordCount\":81,\"commentCount\":0,\"publisher\":{\"@id\":\"https:\\\/\\\/www.procarton.com\\\/es\\\/#organization\"},\"image\":{\"@id\":\"https:\\\/\\\/www.procarton.com\\\/es\\\/brief-interview-with-oystein-aksnes-president-of-cepi-cartonboard\\\/#primaryimage\"},\"thumbnailUrl\":\"https:\\\/\\\/www.procarton.com\\\/wp-content\\\/uploads\\\/2021\\\/02\\\/aksnes_3_k1.jpg\",\"keywords\":[\"Experts\"],\"articleSection\":[\"Legislation\",\"Pro Carton\"],\"inLanguage\":\"es\",\"potentialAction\":[{\"@type\":\"CommentAction\",\"name\":\"Comment\",\"target\":[\"https:\\\/\\\/www.procarton.com\\\/es\\\/brief-interview-with-oystein-aksnes-president-of-cepi-cartonboard\\\/#respond\"]}]},{\"@type\":\"WebPage\",\"@id\":\"https:\\\/\\\/www.procarton.com\\\/es\\\/brief-interview-with-oystein-aksnes-president-of-cepi-cartonboard\\\/\",\"url\":\"https:\\\/\\\/www.procarton.com\\\/es\\\/brief-interview-with-oystein-aksnes-president-of-cepi-cartonboard\\\/\",\"name\":\"Brief Interview with \u00d6ystein Aksnes, President of CEPI Cartonboard - Pro Carton\",\"isPartOf\":{\"@id\":\"https:\\\/\\\/www.procarton.com\\\/es\\\/#website\"},\"primaryImageOfPage\":{\"@id\":\"https:\\\/\\\/www.procarton.com\\\/es\\\/brief-interview-with-oystein-aksnes-president-of-cepi-cartonboard\\\/#primaryimage\"},\"image\":{\"@id\":\"https:\\\/\\\/www.procarton.com\\\/es\\\/brief-interview-with-oystein-aksnes-president-of-cepi-cartonboard\\\/#primaryimage\"},\"thumbnailUrl\":\"https:\\\/\\\/www.procarton.com\\\/wp-content\\\/uploads\\\/2021\\\/02\\\/aksnes_3_k1.jpg\",\"datePublished\":\"2010-06-30T00:00:00+00:00\",\"dateModified\":\"2021-11-07T16:32:17+00:00\",\"breadcrumb\":{\"@id\":\"https:\\\/\\\/www.procarton.com\\\/es\\\/brief-interview-with-oystein-aksnes-president-of-cepi-cartonboard\\\/#breadcrumb\"},\"inLanguage\":\"es\",\"potentialAction\":[{\"@type\":\"ReadAction\",\"target\":[\"https:\\\/\\\/www.procarton.com\\\/es\\\/brief-interview-with-oystein-aksnes-president-of-cepi-cartonboard\\\/\"]}]},{\"@type\":\"ImageObject\",\"inLanguage\":\"es\",\"@id\":\"https:\\\/\\\/www.procarton.com\\\/es\\\/brief-interview-with-oystein-aksnes-president-of-cepi-cartonboard\\\/#primaryimage\",\"url\":\"https:\\\/\\\/www.procarton.com\\\/wp-content\\\/uploads\\\/2021\\\/02\\\/aksnes_3_k1.jpg\",\"contentUrl\":\"https:\\\/\\\/www.procarton.com\\\/wp-content\\\/uploads\\\/2021\\\/02\\\/aksnes_3_k1.jpg\",\"width\":138,\"height\":169},{\"@type\":\"BreadcrumbList\",\"@id\":\"https:\\\/\\\/www.procarton.com\\\/es\\\/brief-interview-with-oystein-aksnes-president-of-cepi-cartonboard\\\/#breadcrumb\",\"itemListElement\":[{\"@type\":\"ListItem\",\"position\":1,\"name\":\"Home\",\"item\":\"https:\\\/\\\/www.procarton.com\\\/\"},{\"@type\":\"ListItem\",\"position\":2,\"name\":\"Brief Interview with \u00d6ystein Aksnes, President of CEPI Cartonboard\"}]},{\"@type\":\"WebSite\",\"@id\":\"https:\\\/\\\/www.procarton.com\\\/es\\\/#website\",\"url\":\"https:\\\/\\\/www.procarton.com\\\/es\\\/\",\"name\":\"Pro Carton\",\"description\":\"\",\"publisher\":{\"@id\":\"https:\\\/\\\/www.procarton.com\\\/es\\\/#organization\"},\"potentialAction\":[{\"@type\":\"SearchAction\",\"target\":{\"@type\":\"EntryPoint\",\"urlTemplate\":\"https:\\\/\\\/www.procarton.com\\\/es\\\/?s={search_term_string}\"},\"query-input\":{\"@type\":\"PropertyValueSpecification\",\"valueRequired\":true,\"valueName\":\"search_term_string\"}}],\"inLanguage\":\"es\"},{\"@type\":\"Organization\",\"@id\":\"https:\\\/\\\/www.procarton.com\\\/es\\\/#organization\",\"name\":\"ProCarton\",\"url\":\"https:\\\/\\\/www.procarton.com\\\/es\\\/\",\"logo\":{\"@type\":\"ImageObject\",\"inLanguage\":\"es\",\"@id\":\"https:\\\/\\\/www.procarton.com\\\/es\\\/#\\\/schema\\\/logo\\\/image\\\/\",\"url\":\"https:\\\/\\\/www.procarton.com\\\/wp-content\\\/uploads\\\/2022\\\/06\\\/logo-mit-slogan.jpg\",\"contentUrl\":\"https:\\\/\\\/www.procarton.com\\\/wp-content\\\/uploads\\\/2022\\\/06\\\/logo-mit-slogan.jpg\",\"width\":422,\"height\":519,\"caption\":\"ProCarton\"},\"image\":{\"@id\":\"https:\\\/\\\/www.procarton.com\\\/es\\\/#\\\/schema\\\/logo\\\/image\\\/\"},\"sameAs\":[\"https:\\\/\\\/www.facebook.com\\\/procartondesignaward\\\/\",\"https:\\\/\\\/x.com\\\/pro_carton\"]},{\"@type\":\"Person\",\"@id\":\"https:\\\/\\\/www.procarton.com\\\/es\\\/#\\\/schema\\\/person\\\/872a075145d2c38578ff4eed7d481251\",\"name\":\"esterling@admin\",\"sameAs\":[\"https:\\\/\\\/www.procarton.com\"],\"url\":\"https:\\\/\\\/www.procarton.com\\\/es\\\/author\\\/esterlingadmin\\\/\"}]}<\/script>\n<!-- \/ Yoast SEO plugin. -->","yoast_head_json":{"title":"Breve entrevista con \u00d6ystein Aksnes, Presidente de CEPI Cartonboard - Pro Carton","robots":{"index":"index","follow":"follow","max-snippet":"max-snippet:-1","max-image-preview":"max-image-preview:large","max-video-preview":"max-video-preview:-1"},"canonical":"https:\/\/www.procarton.com\/es\/brief-interview-with-oystein-aksnes-president-of-cepi-cartonboard\/","og_locale":"es_ES","og_type":"article","og_title":"Brief Interview with \u00d6ystein Aksnes, President of CEPI Cartonboard - Pro Carton","og_description":"\u00d6ystein Aksnes has been appointed as President of CEPI Cartonboard, the Association that brings together most of the cartonboard manufacturers in Europe and also some from the USA. After spending much of his career at former MoDo-group and Iggesund Paperboard, Oystein joined Stora Enso in 2008 and currently operates as Vice President, Sales & Marketing, Carton Board. Here he talks to Richard Dalgleish about CEPI Cartonboard and his plans for the future.Mehr ...","og_url":"https:\/\/www.procarton.com\/es\/brief-interview-with-oystein-aksnes-president-of-cepi-cartonboard\/","og_site_name":"Pro Carton","article_publisher":"https:\/\/www.facebook.com\/procartondesignaward\/","article_published_time":"2010-06-30T00:00:00+00:00","article_modified_time":"2021-11-07T16:32:17+00:00","og_image":[{"width":138,"height":169,"url":"https:\/\/www.procarton.com\/wp-content\/uploads\/2021\/02\/aksnes_3_k1.jpg","type":"image\/jpeg"}],"author":"esterling@admin","twitter_card":"summary_large_image","twitter_creator":"@pro_carton","twitter_site":"@pro_carton","twitter_misc":{"Escrito por":"esterling@admin"},"schema":{"@context":"https:\/\/schema.org","@graph":[{"@type":"Article","@id":"https:\/\/www.procarton.com\/es\/brief-interview-with-oystein-aksnes-president-of-cepi-cartonboard\/#article","isPartOf":{"@id":"https:\/\/www.procarton.com\/es\/brief-interview-with-oystein-aksnes-president-of-cepi-cartonboard\/"},"author":{"name":"esterling@admin","@id":"https:\/\/www.procarton.com\/es\/#\/schema\/person\/872a075145d2c38578ff4eed7d481251"},"headline":"Brief Interview with \u00d6ystein Aksnes, President of CEPI Cartonboard","datePublished":"2010-06-30T00:00:00+00:00","dateModified":"2021-11-07T16:32:17+00:00","mainEntityOfPage":{"@id":"https:\/\/www.procarton.com\/es\/brief-interview-with-oystein-aksnes-president-of-cepi-cartonboard\/"},"wordCount":81,"commentCount":0,"publisher":{"@id":"https:\/\/www.procarton.com\/es\/#organization"},"image":{"@id":"https:\/\/www.procarton.com\/es\/brief-interview-with-oystein-aksnes-president-of-cepi-cartonboard\/#primaryimage"},"thumbnailUrl":"https:\/\/www.procarton.com\/wp-content\/uploads\/2021\/02\/aksnes_3_k1.jpg","keywords":["Experts"],"articleSection":["Legislation","Pro Carton"],"inLanguage":"es","potentialAction":[{"@type":"CommentAction","name":"Comment","target":["https:\/\/www.procarton.com\/es\/brief-interview-with-oystein-aksnes-president-of-cepi-cartonboard\/#respond"]}]},{"@type":"WebPage","@id":"https:\/\/www.procarton.com\/es\/brief-interview-with-oystein-aksnes-president-of-cepi-cartonboard\/","url":"https:\/\/www.procarton.com\/es\/brief-interview-with-oystein-aksnes-president-of-cepi-cartonboard\/","name":"Breve entrevista con \u00d6ystein Aksnes, Presidente de CEPI Cartonboard - Pro Carton","isPartOf":{"@id":"https:\/\/www.procarton.com\/es\/#website"},"primaryImageOfPage":{"@id":"https:\/\/www.procarton.com\/es\/brief-interview-with-oystein-aksnes-president-of-cepi-cartonboard\/#primaryimage"},"image":{"@id":"https:\/\/www.procarton.com\/es\/brief-interview-with-oystein-aksnes-president-of-cepi-cartonboard\/#primaryimage"},"thumbnailUrl":"https:\/\/www.procarton.com\/wp-content\/uploads\/2021\/02\/aksnes_3_k1.jpg","datePublished":"2010-06-30T00:00:00+00:00","dateModified":"2021-11-07T16:32:17+00:00","breadcrumb":{"@id":"https:\/\/www.procarton.com\/es\/brief-interview-with-oystein-aksnes-president-of-cepi-cartonboard\/#breadcrumb"},"inLanguage":"es","potentialAction":[{"@type":"ReadAction","target":["https:\/\/www.procarton.com\/es\/brief-interview-with-oystein-aksnes-president-of-cepi-cartonboard\/"]}]},{"@type":"ImageObject","inLanguage":"es","@id":"https:\/\/www.procarton.com\/es\/brief-interview-with-oystein-aksnes-president-of-cepi-cartonboard\/#primaryimage","url":"https:\/\/www.procarton.com\/wp-content\/uploads\/2021\/02\/aksnes_3_k1.jpg","contentUrl":"https:\/\/www.procarton.com\/wp-content\/uploads\/2021\/02\/aksnes_3_k1.jpg","width":138,"height":169},{"@type":"BreadcrumbList","@id":"https:\/\/www.procarton.com\/es\/brief-interview-with-oystein-aksnes-president-of-cepi-cartonboard\/#breadcrumb","itemListElement":[{"@type":"ListItem","position":1,"name":"Home","item":"https:\/\/www.procarton.com\/"},{"@type":"ListItem","position":2,"name":"Brief Interview with \u00d6ystein Aksnes, President of CEPI Cartonboard"}]},{"@type":"WebSite","@id":"https:\/\/www.procarton.com\/es\/#website","url":"https:\/\/www.procarton.com\/es\/","name":"Pro Carton","description":"","publisher":{"@id":"https:\/\/www.procarton.com\/es\/#organization"},"potentialAction":[{"@type":"SearchAction","target":{"@type":"EntryPoint","urlTemplate":"https:\/\/www.procarton.com\/es\/?s={search_term_string}"},"query-input":{"@type":"PropertyValueSpecification","valueRequired":true,"valueName":"search_term_string"}}],"inLanguage":"es"},{"@type":"Organization","@id":"https:\/\/www.procarton.com\/es\/#organization","name":"ProCarton","url":"https:\/\/www.procarton.com\/es\/","logo":{"@type":"ImageObject","inLanguage":"es","@id":"https:\/\/www.procarton.com\/es\/#\/schema\/logo\/image\/","url":"https:\/\/www.procarton.com\/wp-content\/uploads\/2022\/06\/logo-mit-slogan.jpg","contentUrl":"https:\/\/www.procarton.com\/wp-content\/uploads\/2022\/06\/logo-mit-slogan.jpg","width":422,"height":519,"caption":"ProCarton"},"image":{"@id":"https:\/\/www.procarton.com\/es\/#\/schema\/logo\/image\/"},"sameAs":["https:\/\/www.facebook.com\/procartondesignaward\/","https:\/\/x.com\/pro_carton"]},{"@type":"Person","@id":"https:\/\/www.procarton.com\/es\/#\/schema\/person\/872a075145d2c38578ff4eed7d481251","name":"esterling@admin","sameAs":["https:\/\/www.procarton.com"],"url":"https:\/\/www.procarton.com\/es\/author\/esterlingadmin\/"}]}},"_links":{"self":[{"href":"https:\/\/www.procarton.com\/es\/wp-json\/wp\/v2\/posts\/241879","targetHints":{"allow":["GET"]}}],"collection":[{"href":"https:\/\/www.procarton.com\/es\/wp-json\/wp\/v2\/posts"}],"about":[{"href":"https:\/\/www.procarton.com\/es\/wp-json\/wp\/v2\/types\/post"}],"author":[{"embeddable":true,"href":"https:\/\/www.procarton.com\/es\/wp-json\/wp\/v2\/users\/1"}],"replies":[{"embeddable":true,"href":"https:\/\/www.procarton.com\/es\/wp-json\/wp\/v2\/comments?post=241879"}],"version-history":[{"count":2,"href":"https:\/\/www.procarton.com\/es\/wp-json\/wp\/v2\/posts\/241879\/revisions"}],"predecessor-version":[{"id":266360,"href":"https:\/\/www.procarton.com\/es\/wp-json\/wp\/v2\/posts\/241879\/revisions\/266360"}],"wp:featuredmedia":[{"embeddable":true,"href":"https:\/\/www.procarton.com\/es\/wp-json\/wp\/v2\/media\/241880"}],"wp:attachment":[{"href":"https:\/\/www.procarton.com\/es\/wp-json\/wp\/v2\/media?parent=241879"}],"wp:term":[{"taxonomy":"category","embeddable":true,"href":"https:\/\/www.procarton.com\/es\/wp-json\/wp\/v2\/categories?post=241879"},{"taxonomy":"post_tag","embeddable":true,"href":"https:\/\/www.procarton.com\/es\/wp-json\/wp\/v2\/tags?post=241879"}],"curies":[{"name":"wp","href":"https:\/\/api.w.org\/{rel}","templated":true}]}}