{"id":241820,"date":"2011-03-30T00:00:00","date_gmt":"2011-03-29T23:00:00","guid":{"rendered":"https:\/\/www.procarton.com\/pro-carton-at-interpack\/"},"modified":"2021-11-07T16:28:44","modified_gmt":"2021-11-07T16:28:44","slug":"pro-carton-at-interpack","status":"publish","type":"post","link":"https:\/\/www.procarton.com\/es\/pro-carton-at-interpack\/","title":{"rendered":"Pro Carton en Interpack"},"content":{"rendered":"<p>En 2011 Pro Carton volver\u00e1 a exponer en Interpack, la feria m\u00e1s importante del mundo para la industria del embalaje, que este a\u00f1o se celebrar\u00e1 en D\u00fcsseldorf del 12 al 18 de mayo de 2011. El punto de encuentro es el pabell\u00f3n 7a, stand 7aB31. Pro Carton expondr\u00e1 junto con la Asociaci\u00f3n de F\u00e1bricas de Papel Alemanas (VDP), la asociaci\u00f3n comercial Paper Processing (WPV) y la asociaci\u00f3n comercial Paper Technology Specialists (PTS).<\/p>\n<p><a href='\/files\/file_manager\/press_0311\/p_0311_int_e.html' target='_blank' rel=\"noopener\">M\u00e1s ...<\/a><\/p>","protected":false},"excerpt":{"rendered":"<p>En 2011 Pro Carton volver\u00e1 a exponer en Interpack, la feria m\u00e1s importante del mundo para la industria del embalaje, que este a\u00f1o se celebrar\u00e1 en D\u00fcsseldorf del 12 al 18 de mayo de 2011. El punto de encuentro es el pabell\u00f3n 7a, stand 7aB31. Pro Carton expondr\u00e1 junto con la Asociaci\u00f3n de F\u00e1bricas de Papel Alemanas (VDP), la asociaci\u00f3n comercial Paper Processing (WPV) y la asociaci\u00f3n comercial Paper Technology Specialists (PTS).<\/p>\n<p><a href='\/files\/file_manager\/press_0311\/p_0311_int_e.html' target='_blank' rel=\"noopener\">M\u00e1s ...<\/a><\/p>","protected":false},"author":1,"featured_media":241821,"comment_status":"open","ping_status":"open","sticky":false,"template":"","format":"standard","meta":{"inline_featured_image":false,"footnotes":""},"categories":[77,242],"tags":[37],"class_list":["post-241820","post","type-post","status-publish","format-standard","has-post-thumbnail","hentry","category-national-activities","category-procarton","tag-events-fr"],"yoast_head":"<!-- This site is optimized with the Yoast SEO plugin v27.4 - https:\/\/yoast.com\/product\/yoast-seo-wordpress\/ -->\n<title>Pro Carton at Interpack - Pro Carton<\/title>\n<meta name=\"robots\" content=\"index, follow, max-snippet:-1, max-image-preview:large, max-video-preview:-1\" \/>\n<link rel=\"canonical\" href=\"https:\/\/www.procarton.com\/es\/pro-carton-at-interpack\/\" \/>\n<meta property=\"og:locale\" content=\"es_ES\" \/>\n<meta property=\"og:type\" content=\"article\" \/>\n<meta property=\"og:title\" content=\"Pro Carton at Interpack - Pro Carton\" \/>\n<meta property=\"og:description\" content=\"In 2011 Pro Carton will again be exhibiting at Interpack, the world\u2019s most important trade show for the packaging industry, which this year will be held in D\u00fcsseldorf from 12 to 18 May 2011. Meeting point is Hall 7a, Stand 7aB31. Pro Carton will be exhibiting together with the Association of German Paper Factories (VDP), the trade association Paper Processing (WPV), and the trade association Paper Technology Specialists (PTS).More ...\" \/>\n<meta property=\"og:url\" content=\"https:\/\/www.procarton.com\/es\/pro-carton-at-interpack\/\" \/>\n<meta property=\"og:site_name\" content=\"Pro Carton\" \/>\n<meta property=\"article:publisher\" content=\"https:\/\/www.facebook.com\/procartondesignaward\/\" \/>\n<meta property=\"article:published_time\" content=\"2011-03-29T23:00:00+00:00\" \/>\n<meta property=\"article:modified_time\" content=\"2021-11-07T16:28:44+00:00\" \/>\n<meta property=\"og:image\" content=\"https:\/\/www.procarton.com\/wp-content\/uploads\/2021\/02\/003_k1.jpg\" \/>\n\t<meta property=\"og:image:width\" content=\"138\" \/>\n\t<meta property=\"og:image:height\" content=\"138\" \/>\n\t<meta property=\"og:image:type\" content=\"image\/jpeg\" \/>\n<meta name=\"author\" content=\"esterling@admin\" \/>\n<meta name=\"twitter:card\" content=\"summary_large_image\" \/>\n<meta name=\"twitter:creator\" content=\"@pro_carton\" \/>\n<meta name=\"twitter:site\" content=\"@pro_carton\" \/>\n<meta name=\"twitter:label1\" content=\"Escrito por\" \/>\n\t<meta name=\"twitter:data1\" content=\"esterling@admin\" \/>\n<script type=\"application\/ld+json\" class=\"yoast-schema-graph\">{\"@context\":\"https:\\\/\\\/schema.org\",\"@graph\":[{\"@type\":\"Article\",\"@id\":\"https:\\\/\\\/www.procarton.com\\\/es\\\/pro-carton-at-interpack\\\/#article\",\"isPartOf\":{\"@id\":\"https:\\\/\\\/www.procarton.com\\\/es\\\/pro-carton-at-interpack\\\/\"},\"author\":{\"name\":\"esterling@admin\",\"@id\":\"https:\\\/\\\/www.procarton.com\\\/es\\\/#\\\/schema\\\/person\\\/872a075145d2c38578ff4eed7d481251\"},\"headline\":\"Pro Carton at Interpack\",\"datePublished\":\"2011-03-29T23:00:00+00:00\",\"dateModified\":\"2021-11-07T16:28:44+00:00\",\"mainEntityOfPage\":{\"@id\":\"https:\\\/\\\/www.procarton.com\\\/es\\\/pro-carton-at-interpack\\\/\"},\"wordCount\":72,\"commentCount\":0,\"publisher\":{\"@id\":\"https:\\\/\\\/www.procarton.com\\\/es\\\/#organization\"},\"image\":{\"@id\":\"https:\\\/\\\/www.procarton.com\\\/es\\\/pro-carton-at-interpack\\\/#primaryimage\"},\"thumbnailUrl\":\"https:\\\/\\\/www.procarton.com\\\/wp-content\\\/uploads\\\/2021\\\/02\\\/003_k1.jpg\",\"keywords\":[\"Events\"],\"articleSection\":[\"National Activities\",\"Pro Carton\"],\"inLanguage\":\"es\",\"potentialAction\":[{\"@type\":\"CommentAction\",\"name\":\"Comment\",\"target\":[\"https:\\\/\\\/www.procarton.com\\\/es\\\/pro-carton-at-interpack\\\/#respond\"]}]},{\"@type\":\"WebPage\",\"@id\":\"https:\\\/\\\/www.procarton.com\\\/es\\\/pro-carton-at-interpack\\\/\",\"url\":\"https:\\\/\\\/www.procarton.com\\\/es\\\/pro-carton-at-interpack\\\/\",\"name\":\"Pro Carton at Interpack - Pro Carton\",\"isPartOf\":{\"@id\":\"https:\\\/\\\/www.procarton.com\\\/es\\\/#website\"},\"primaryImageOfPage\":{\"@id\":\"https:\\\/\\\/www.procarton.com\\\/es\\\/pro-carton-at-interpack\\\/#primaryimage\"},\"image\":{\"@id\":\"https:\\\/\\\/www.procarton.com\\\/es\\\/pro-carton-at-interpack\\\/#primaryimage\"},\"thumbnailUrl\":\"https:\\\/\\\/www.procarton.com\\\/wp-content\\\/uploads\\\/2021\\\/02\\\/003_k1.jpg\",\"datePublished\":\"2011-03-29T23:00:00+00:00\",\"dateModified\":\"2021-11-07T16:28:44+00:00\",\"breadcrumb\":{\"@id\":\"https:\\\/\\\/www.procarton.com\\\/es\\\/pro-carton-at-interpack\\\/#breadcrumb\"},\"inLanguage\":\"es\",\"potentialAction\":[{\"@type\":\"ReadAction\",\"target\":[\"https:\\\/\\\/www.procarton.com\\\/es\\\/pro-carton-at-interpack\\\/\"]}]},{\"@type\":\"ImageObject\",\"inLanguage\":\"es\",\"@id\":\"https:\\\/\\\/www.procarton.com\\\/es\\\/pro-carton-at-interpack\\\/#primaryimage\",\"url\":\"https:\\\/\\\/www.procarton.com\\\/wp-content\\\/uploads\\\/2021\\\/02\\\/003_k1.jpg\",\"contentUrl\":\"https:\\\/\\\/www.procarton.com\\\/wp-content\\\/uploads\\\/2021\\\/02\\\/003_k1.jpg\",\"width\":138,\"height\":138},{\"@type\":\"BreadcrumbList\",\"@id\":\"https:\\\/\\\/www.procarton.com\\\/es\\\/pro-carton-at-interpack\\\/#breadcrumb\",\"itemListElement\":[{\"@type\":\"ListItem\",\"position\":1,\"name\":\"Home\",\"item\":\"https:\\\/\\\/www.procarton.com\\\/\"},{\"@type\":\"ListItem\",\"position\":2,\"name\":\"Pro Carton at Interpack\"}]},{\"@type\":\"WebSite\",\"@id\":\"https:\\\/\\\/www.procarton.com\\\/es\\\/#website\",\"url\":\"https:\\\/\\\/www.procarton.com\\\/es\\\/\",\"name\":\"Pro Carton\",\"description\":\"\",\"publisher\":{\"@id\":\"https:\\\/\\\/www.procarton.com\\\/es\\\/#organization\"},\"potentialAction\":[{\"@type\":\"SearchAction\",\"target\":{\"@type\":\"EntryPoint\",\"urlTemplate\":\"https:\\\/\\\/www.procarton.com\\\/es\\\/?s={search_term_string}\"},\"query-input\":{\"@type\":\"PropertyValueSpecification\",\"valueRequired\":true,\"valueName\":\"search_term_string\"}}],\"inLanguage\":\"es\"},{\"@type\":\"Organization\",\"@id\":\"https:\\\/\\\/www.procarton.com\\\/es\\\/#organization\",\"name\":\"ProCarton\",\"url\":\"https:\\\/\\\/www.procarton.com\\\/es\\\/\",\"logo\":{\"@type\":\"ImageObject\",\"inLanguage\":\"es\",\"@id\":\"https:\\\/\\\/www.procarton.com\\\/es\\\/#\\\/schema\\\/logo\\\/image\\\/\",\"url\":\"https:\\\/\\\/www.procarton.com\\\/wp-content\\\/uploads\\\/2022\\\/06\\\/logo-mit-slogan.jpg\",\"contentUrl\":\"https:\\\/\\\/www.procarton.com\\\/wp-content\\\/uploads\\\/2022\\\/06\\\/logo-mit-slogan.jpg\",\"width\":422,\"height\":519,\"caption\":\"ProCarton\"},\"image\":{\"@id\":\"https:\\\/\\\/www.procarton.com\\\/es\\\/#\\\/schema\\\/logo\\\/image\\\/\"},\"sameAs\":[\"https:\\\/\\\/www.facebook.com\\\/procartondesignaward\\\/\",\"https:\\\/\\\/x.com\\\/pro_carton\"]},{\"@type\":\"Person\",\"@id\":\"https:\\\/\\\/www.procarton.com\\\/es\\\/#\\\/schema\\\/person\\\/872a075145d2c38578ff4eed7d481251\",\"name\":\"esterling@admin\",\"sameAs\":[\"https:\\\/\\\/www.procarton.com\"],\"url\":\"https:\\\/\\\/www.procarton.com\\\/es\\\/author\\\/esterlingadmin\\\/\"}]}<\/script>\n<!-- \/ Yoast SEO plugin. -->","yoast_head_json":{"title":"Pro Carton en Interpack - Pro Carton","robots":{"index":"index","follow":"follow","max-snippet":"max-snippet:-1","max-image-preview":"max-image-preview:large","max-video-preview":"max-video-preview:-1"},"canonical":"https:\/\/www.procarton.com\/es\/pro-carton-at-interpack\/","og_locale":"es_ES","og_type":"article","og_title":"Pro Carton at Interpack - Pro Carton","og_description":"In 2011 Pro Carton will again be exhibiting at Interpack, the world\u2019s most important trade show for the packaging industry, which this year will be held in D\u00fcsseldorf from 12 to 18 May 2011. Meeting point is Hall 7a, Stand 7aB31. Pro Carton will be exhibiting together with the Association of German Paper Factories (VDP), the trade association Paper Processing (WPV), and the trade association Paper Technology Specialists (PTS).More ...","og_url":"https:\/\/www.procarton.com\/es\/pro-carton-at-interpack\/","og_site_name":"Pro Carton","article_publisher":"https:\/\/www.facebook.com\/procartondesignaward\/","article_published_time":"2011-03-29T23:00:00+00:00","article_modified_time":"2021-11-07T16:28:44+00:00","og_image":[{"width":138,"height":138,"url":"https:\/\/www.procarton.com\/wp-content\/uploads\/2021\/02\/003_k1.jpg","type":"image\/jpeg"}],"author":"esterling@admin","twitter_card":"summary_large_image","twitter_creator":"@pro_carton","twitter_site":"@pro_carton","twitter_misc":{"Escrito por":"esterling@admin"},"schema":{"@context":"https:\/\/schema.org","@graph":[{"@type":"Article","@id":"https:\/\/www.procarton.com\/es\/pro-carton-at-interpack\/#article","isPartOf":{"@id":"https:\/\/www.procarton.com\/es\/pro-carton-at-interpack\/"},"author":{"name":"esterling@admin","@id":"https:\/\/www.procarton.com\/es\/#\/schema\/person\/872a075145d2c38578ff4eed7d481251"},"headline":"Pro Carton at Interpack","datePublished":"2011-03-29T23:00:00+00:00","dateModified":"2021-11-07T16:28:44+00:00","mainEntityOfPage":{"@id":"https:\/\/www.procarton.com\/es\/pro-carton-at-interpack\/"},"wordCount":72,"commentCount":0,"publisher":{"@id":"https:\/\/www.procarton.com\/es\/#organization"},"image":{"@id":"https:\/\/www.procarton.com\/es\/pro-carton-at-interpack\/#primaryimage"},"thumbnailUrl":"https:\/\/www.procarton.com\/wp-content\/uploads\/2021\/02\/003_k1.jpg","keywords":["Events"],"articleSection":["National Activities","Pro Carton"],"inLanguage":"es","potentialAction":[{"@type":"CommentAction","name":"Comment","target":["https:\/\/www.procarton.com\/es\/pro-carton-at-interpack\/#respond"]}]},{"@type":"WebPage","@id":"https:\/\/www.procarton.com\/es\/pro-carton-at-interpack\/","url":"https:\/\/www.procarton.com\/es\/pro-carton-at-interpack\/","name":"Pro Carton en Interpack - Pro Carton","isPartOf":{"@id":"https:\/\/www.procarton.com\/es\/#website"},"primaryImageOfPage":{"@id":"https:\/\/www.procarton.com\/es\/pro-carton-at-interpack\/#primaryimage"},"image":{"@id":"https:\/\/www.procarton.com\/es\/pro-carton-at-interpack\/#primaryimage"},"thumbnailUrl":"https:\/\/www.procarton.com\/wp-content\/uploads\/2021\/02\/003_k1.jpg","datePublished":"2011-03-29T23:00:00+00:00","dateModified":"2021-11-07T16:28:44+00:00","breadcrumb":{"@id":"https:\/\/www.procarton.com\/es\/pro-carton-at-interpack\/#breadcrumb"},"inLanguage":"es","potentialAction":[{"@type":"ReadAction","target":["https:\/\/www.procarton.com\/es\/pro-carton-at-interpack\/"]}]},{"@type":"ImageObject","inLanguage":"es","@id":"https:\/\/www.procarton.com\/es\/pro-carton-at-interpack\/#primaryimage","url":"https:\/\/www.procarton.com\/wp-content\/uploads\/2021\/02\/003_k1.jpg","contentUrl":"https:\/\/www.procarton.com\/wp-content\/uploads\/2021\/02\/003_k1.jpg","width":138,"height":138},{"@type":"BreadcrumbList","@id":"https:\/\/www.procarton.com\/es\/pro-carton-at-interpack\/#breadcrumb","itemListElement":[{"@type":"ListItem","position":1,"name":"Home","item":"https:\/\/www.procarton.com\/"},{"@type":"ListItem","position":2,"name":"Pro Carton at Interpack"}]},{"@type":"WebSite","@id":"https:\/\/www.procarton.com\/es\/#website","url":"https:\/\/www.procarton.com\/es\/","name":"Pro Carton","description":"","publisher":{"@id":"https:\/\/www.procarton.com\/es\/#organization"},"potentialAction":[{"@type":"SearchAction","target":{"@type":"EntryPoint","urlTemplate":"https:\/\/www.procarton.com\/es\/?s={search_term_string}"},"query-input":{"@type":"PropertyValueSpecification","valueRequired":true,"valueName":"search_term_string"}}],"inLanguage":"es"},{"@type":"Organization","@id":"https:\/\/www.procarton.com\/es\/#organization","name":"ProCarton","url":"https:\/\/www.procarton.com\/es\/","logo":{"@type":"ImageObject","inLanguage":"es","@id":"https:\/\/www.procarton.com\/es\/#\/schema\/logo\/image\/","url":"https:\/\/www.procarton.com\/wp-content\/uploads\/2022\/06\/logo-mit-slogan.jpg","contentUrl":"https:\/\/www.procarton.com\/wp-content\/uploads\/2022\/06\/logo-mit-slogan.jpg","width":422,"height":519,"caption":"ProCarton"},"image":{"@id":"https:\/\/www.procarton.com\/es\/#\/schema\/logo\/image\/"},"sameAs":["https:\/\/www.facebook.com\/procartondesignaward\/","https:\/\/x.com\/pro_carton"]},{"@type":"Person","@id":"https:\/\/www.procarton.com\/es\/#\/schema\/person\/872a075145d2c38578ff4eed7d481251","name":"esterling@admin","sameAs":["https:\/\/www.procarton.com"],"url":"https:\/\/www.procarton.com\/es\/author\/esterlingadmin\/"}]}},"_links":{"self":[{"href":"https:\/\/www.procarton.com\/es\/wp-json\/wp\/v2\/posts\/241820","targetHints":{"allow":["GET"]}}],"collection":[{"href":"https:\/\/www.procarton.com\/es\/wp-json\/wp\/v2\/posts"}],"about":[{"href":"https:\/\/www.procarton.com\/es\/wp-json\/wp\/v2\/types\/post"}],"author":[{"embeddable":true,"href":"https:\/\/www.procarton.com\/es\/wp-json\/wp\/v2\/users\/1"}],"replies":[{"embeddable":true,"href":"https:\/\/www.procarton.com\/es\/wp-json\/wp\/v2\/comments?post=241820"}],"version-history":[{"count":1,"href":"https:\/\/www.procarton.com\/es\/wp-json\/wp\/v2\/posts\/241820\/revisions"}],"predecessor-version":[{"id":266343,"href":"https:\/\/www.procarton.com\/es\/wp-json\/wp\/v2\/posts\/241820\/revisions\/266343"}],"wp:featuredmedia":[{"embeddable":true,"href":"https:\/\/www.procarton.com\/es\/wp-json\/wp\/v2\/media\/241821"}],"wp:attachment":[{"href":"https:\/\/www.procarton.com\/es\/wp-json\/wp\/v2\/media?parent=241820"}],"wp:term":[{"taxonomy":"category","embeddable":true,"href":"https:\/\/www.procarton.com\/es\/wp-json\/wp\/v2\/categories?post=241820"},{"taxonomy":"post_tag","embeddable":true,"href":"https:\/\/www.procarton.com\/es\/wp-json\/wp\/v2\/tags?post=241820"}],"curies":[{"name":"wp","href":"https:\/\/api.w.org\/{rel}","templated":true}]}}