{"id":307076,"date":"2025-10-02T22:34:56","date_gmt":"2025-10-02T21:34:56","guid":{"rendered":"https:\/\/www.procarton.com\/?post_type=press_release&#038;p=307076"},"modified":"2025-10-02T22:34:56","modified_gmt":"2025-10-02T21:34:56","slug":"europes-top-young-packaging-designers-honoured-in-istanbul","status":"publish","type":"press_release","link":"https:\/\/www.procarton.com\/de\/press_release\/europes-top-young-packaging-designers-honoured-in-istanbul\/","title":{"rendered":"Europas beste junge Verpackungsdesigner werden in Istanbul geehrt"},"content":{"rendered":"<p><strong>\u00a0<\/strong><\/p>\n<p><strong>Europas beste junge Verpackungsdesigner werden in Istanbul geehrt<\/strong><\/p>\n<p><strong>\u00a0<\/strong><\/p>\n<p><strong>19. SEPTEMBER, ISTANBUL: <\/strong>Die Gewinner des Wettbewerbs 2025 <a href=\"https:\/\/www.procarton.com\/awards\/pro-carton-young-designers-award\/\">Pro Carton Young Designers Award<\/a> (PCYDA) wurden am 18. September 2025 auf der Awards-Gala in Istanbul (T\u00fcrkei) gefeiert.<\/p>\n<p>Als Europas f\u00fchrender j\u00e4hrlicher Wettbewerb f\u00fcr junge Talente im Verpackungsdesign hat der PCYDA wieder einmal ein Schlaglicht auf Innovation und Nachhaltigkeit geworfen. Mit einer rekordverd\u00e4chtigen Anzahl von Beitr\u00e4gen wurden in diesem Jahr \u00fcber 950 Projekte von 102 Hochschulen ausgezeichnet. Jedes Jahr bietet der Wettbewerb den Studenten die M\u00f6glichkeit, wertvolle Erfahrungen in der Praxis zu sammeln, Karrierem\u00f6glichkeiten zu erkunden und unvergessliche Preise zu gewinnen.<\/p>\n<p>Die Gewinner wurden von einer Jury aus Branchenexperten und Fachleuten bestimmt, die die gesamte Wertsch\u00f6pfungskette von Karton repr\u00e4sentieren, darunter Satkar Giddar (Marketing- und Markenberater), Sanjeev Das (Unilever), Lotte Krekels (Carrefour), Heidi Vanspauwen (Van Genechten Packaging) und Jens Uhlmann (MM Packaging).<\/p>\n<p><strong>\u00a0<\/strong><\/p>\n<p><strong>Gewinner der n\u00e4chsten Generation<\/strong><\/p>\n<p>Der ungarische Student Barnab\u00e1s Varga von der Universit\u00e4t P\u00e9cs gewann die h\u00f6chste Auszeichnung im Wettbewerb <strong>Kreative Kartonverpackungen - Lebensmittel und Getr\u00e4nke<\/strong> Kategorie mit seinem Entwurf <strong><em>Frostige Glut<\/em><\/strong><em>.<\/em><\/p>\n<p>Unter der Leitung der Dozentin Lotte Budai entwickelte Barnab\u00e1s ein Verpackungskonzept, das einen Tiroler Lik\u00f6rklassiker neu interpretiert. Das Design bewahrt den starken Charakter des Produkts, w\u00e4hrend es seine visuelle Identit\u00e4t mit einem moderneren, raffinierteren Look auffrischt. Um das Erlebnis f\u00fcr den Verbraucher zu steigern, enth\u00e4lt die Geschenkbox auch zwei Shot-Gl\u00e4ser, die sowohl den praktischen Nutzen als auch die Attraktivit\u00e4t als Premium-Geschenkartikel erh\u00f6hen.<\/p>\n<p>&nbsp;<\/p>\n<p><em>Frosty Blaz von Barnab\u00e1s Varga- Universit\u00e4t P\u00e9cs<\/em><\/p>\n<p><strong>\u00a0<\/strong><\/p>\n<p>Die deutschen Studentinnen Jule Schelletter, Meret Fischmann, Birte M\u00fcller und Bahareh Hosseinzadeh Alamdari von der MSD - M\u00fcnster School of Design holten den begehrten Sieg im Wettbewerb <strong>Kreative Verpackungen aus Karton - Alle anderen<\/strong> Kategorie mit ihrem innovativen Design, <strong><em>Padon Periodenpads<\/em><\/strong><em>.<\/em><\/p>\n<p>Unter der Leitung von Professor Steffen Schulz hat die Gruppe ihr Projekt sowohl mit Blick auf die Praktikabilit\u00e4t als auch auf die Bef\u00e4higung zum Handeln entwickelt. Padon \u00fcberdenkt herk\u00f6mmliche Produktverpackungen, um etwas Funktionelles, Durchdachtes und Nachhaltiges zu schaffen. Das Design zeichnet sich durch einen Klappmechanismus aus: Auf der einen Seite werden gebrauchte Produkte diskret aufbewahrt, w\u00e4hrend auf der anderen Seite neue Produkte zum Vorschein kommen. Dar\u00fcber hinaus dient die \u00e4u\u00dfere Schachtel durch eine einfache perforierte Klappe auch als eleganter Spender, was sie ideal f\u00fcr den Hausgebrauch macht, insbesondere in kleinen Badezimmern.<\/p>\n<p>&nbsp;<\/p>\n<p><em>Padon Period Pads von Jule Schelletter, Meret Fischmann, Birte M\u00fcller und Bahareh Hosseinzadeh Alamdari - Hochschule f\u00fcr Gestaltung M\u00fcnster<\/em><\/p>\n<p>Der polnische Student Sebastian Jaworski von der Politechnika Bydgoska Universit\u00e4t behauptete, die <strong>Sustainability Award<\/strong> mit seinem Projekt, <strong><em>Felicia<\/em><\/strong><em>. <\/em><\/p>\n<p>Unter Anleitung der Dozentin Anita Szymankiewicz erforschte Sebastian eine nachhaltigere Richtung f\u00fcr die Kosmetikindustrie. Diese alternative Kosmetikverpackung f\u00fcr Tropfflaschen aus Glas kommt ohne Plastik aus, h\u00e4lt das Produkt sicher und vermittelt wichtige Markenbotschaften. Durch den Einsatz von deutlich weniger Material als bei herk\u00f6mmlichen Kosmetikverpackungen tr\u00e4gt das Design dazu bei, den Aussto\u00df pro Produktionszyklus zu erh\u00f6hen und die Herstellungszeit zu verk\u00fcrzen.<\/p>\n<p><em>\u00a0<\/em><\/p>\n<p><em>Felicia von Sebastian Jaworski - Politechnika Bydgoska im. Jana i J\u0119drzeja \u015aniadeckich<\/em><\/p>\n<p>&nbsp;<\/p>\n<p>Den ganzen Sommer \u00fcber hatten die \u00d6ffentlichkeit, Kollegen aus der Verpackungsindustrie und Wissenschaftler ein Mitspracherecht bei der Wahl des Public Award-Gewinners f\u00fcr das beeindruckendste Kartonkonzept der n\u00e4chsten Generation. Insgesamt wurden 7.732 Stimmen abgegeben, was einer Steigerung von 9% gegen\u00fcber den Zahlen von 2024 entspricht.<\/p>\n<p>Bei der Preisverleihung 2025 in Istanbul gewannen die t\u00fcrkischen Studenten Ece Naz Ta\u015f, Zeynep Cant\u00fcrk und Serra Ka\u011f\u0131tc\u0131 von der Middle East Technical University den <strong>Public Award<\/strong> mit ihrem innovativen Design <strong><em>Fold'n'Hold.<\/em><\/strong><\/p>\n<p>Unter der Leitung von Damla T\u00f6n\u00fck entwickelte das Team Fold'n'Hold, einen innovativen Getr\u00e4nketr\u00e4ger, der vier bis sechs Getr\u00e4nke m\u00fchelos mit einer einzigen, einfachen Bewegung halten kann. Trotz des minimalistischen Materialeinsatzes ist Fold'n'Hold au\u00dferordentlich stabil und kann das 40-fache seines Eigengewichts tragen. Er vereint Funktionalit\u00e4t, Nachhaltigkeit und durchdachtes Design in einer eleganten L\u00f6sung.<\/p>\n<p><em>Fold'n'Hold von Ece Naz Ta\u015f, Zeynep Cant\u00fcrk und Serra Ka\u011f\u0131tc\u0131<\/em> - <em>Technische Universit\u00e4t des Nahen Ostens<\/em><\/p>\n<p>&nbsp;<\/p>\n<p>Und schlie\u00dflich eine weitere Anerkennung, das Jahr 2025 <strong>Preisrichter Award<\/strong> wurde der rum\u00e4nischen Studentin Elena Ghetu von der Universit\u00e4t f\u00fcr Kunst und Design - Cluj-Napoca f\u00fcr das innovative Design verliehen,<em> <strong>Tensum<\/strong><\/em>.<\/p>\n<p>Unter Anleitung des Dozenten Paul Cheptea entwarf Elena ein neues Konzept f\u00fcr Kondomverpackungen, das mit einem buch\u00e4hnlichen Konzept und Schlitzen f\u00fcr einzelne Inhalte zur spielerischen Interaktion anregt. Dieses Design ist vollst\u00e4ndig aus recycelten Materialien gefertigt und unterstreicht, dass nachhaltige Verpackungen lehrreich und spannend sein k\u00f6nnen.<\/p>\n<p>&nbsp;<\/p>\n<p><em>Tensum von Elena Ghetu - Universit\u00e4t f\u00fcr Kunst und Design - Cluj-Napoca<\/em><\/p>\n<p><strong>Winfried Muehling, Leiter Marketing &amp; Kommunikation bei Pro Carton, sagte:<\/strong> Die diesj\u00e4hrige Pro Carton Young Designers Award hat einen neuen Ma\u00dfstab f\u00fcr Kreativit\u00e4t und Innovation bei nachhaltigen Verpackungen gesetzt. Die neue Rekordzahl von 952 Beitr\u00e4gen von 102 Universit\u00e4ten aus ganz Europa ist ein Beweis f\u00fcr die wachsende Begeisterung f\u00fcr nachhaltige Verpackungen und ihr Potenzial, intelligentere und umweltbewusstere L\u00f6sungen zu entwickeln.<\/p>\n<p>Der Einfallsreichtum, den wir bei den Studenten gesehen haben, ist bemerkenswert. Jedes Projekt spiegelt einen zukunftsweisenden Ansatz wider, der die Zukunft der Verpackungsindustrie pr\u00e4gen wird. Wir gratulieren den Gewinnern und allen Teilnehmern zu ihren herausragenden Leistungen und sind gespannt auf ihre k\u00fcnftigen Beitr\u00e4ge zu unserer Branche.<\/p>\n<p>&nbsp;<\/p>\n<p>Finalisten:<\/p>\n<table width=\"642\">\n<tbody>\n<tr>\n<td width=\"160\"><strong>Eintrag Name<\/strong><\/td>\n<td width=\"246\"><strong>Name des Teilnehmers\/der Teilnehmer<\/strong><\/td>\n<td width=\"236\"><strong>Universit\u00e4t<\/strong><\/td>\n<\/tr>\n<tr>\n<td width=\"160\"><strong>Verdeckung<\/strong><\/td>\n<td width=\"246\">Alexander Grube<\/td>\n<td width=\"236\">FH Joanneum<\/td>\n<\/tr>\n<tr>\n<td width=\"160\"><strong>diPaScale - eine Nudelbox mit einer Waage<\/strong><\/td>\n<td width=\"246\">Jovan Berges<\/td>\n<td width=\"236\">H\u00f6here Graphische Bundes-Lehr- und Versuchsanstalt<\/td>\n<\/tr>\n<tr>\n<td width=\"160\"><strong>CLICKFLIP<\/strong><\/td>\n<td width=\"246\">Simon Dauskardt, Jule Blauert, Louisa Labroisse und Nele Behrmann<\/td>\n<td width=\"236\">Hochschule f\u00fcr Gestaltung M\u00fcnster<\/td>\n<\/tr>\n<\/tbody>\n<\/table>\n<p>&nbsp;<\/p>\n<p>Der Pro Carton Young Designers Award wird von Van Genechten, FOLBB und Duran Dogan gesponsert. Dar\u00fcber hinaus sind MM Packaging und die RDM Group gemeinsame Sponsoren des Studentenpreisprogramms, das Pro Carton veranstaltet, w\u00e4hrend der Hauptpreis f\u00fcr diesen Preis, die Praktikumstage, von FOLBB und Van Genechten Packaging organisiert werden.<\/p>\n<p>Die vollst\u00e4ndige Liste der Gewinner und Finalisten des Jahres 2025 finden Sie hier: XXX<\/p>\n<p><strong>-ENDS-<\/strong><\/p>\n<p>Weitere Informationen \u00fcber die Vorteile von Karton und Pappe finden Sie unter <a href=\"http:\/\/www.procarton.com\/\">www.procarton.com<\/a> oder beteiligen Sie sich an der Diskussion in den sozialen Medien:<br \/>\nFolgen Sie Pro Carton auf X: <a href=\"http:\/\/www.twitter.com\/pro_carton\">www.twitter.com\/pro_carton<\/a><\/p>\n<p>Wie die Facebook-Seite von Pro Carton: <a href=\"https:\/\/www.facebook.com\/procartoneurope\/\">www.facebook.com\/procartoneurope\/<\/a><\/p>\n<p>Beteiligen Sie sich an der Diskussion auf LinkedIn: <a href=\"https:\/\/uk.linkedin.com\/company\/pro-carton\">https:\/\/uk.linkedin.com\/company\/pro-carton<\/a><\/p>\n<p>Besuchen Sie das Pinterest-Board von Pro Carton: <a href=\"https:\/\/www.pinterest.co.uk\/procarton\/\">www.pinterest.co.uk\/procarton\/<\/a><\/p>\n<p><strong>Hinweise f\u00fcr die Redaktionen:<\/strong><\/p>\n<p>F\u00fcr weitere Informationen wenden Sie sich bitte an das Presseb\u00fcro von Pro Carton unter +44 (0) 20 7240 2444 oder <a href=\"mailto:procarton@stormcom.co.uk\">procarton@stormcom.co.uk<\/a><\/p>\n<p><strong>\u00dcber Pro Carton<\/strong><\/p>\n<p>Pro Carton ist der europ\u00e4ische Verband der Karton- und Faltschachtelhersteller. Wichtigstes Ziel ist die F\u00f6rderung der Verwendung von Karton und Faltschachteln als wirtschaftlich und \u00f6kologisch ausgewogenes Verpackungsmedium. <a href=\"http:\/\/www.procarton.com\/\">www.procarton.com<\/a><\/p>\n<p><strong>Was ist Karton?<\/strong><\/p>\n<p>Karton ist ein mehrlagiges Material auf Papierbasis mit in der Regel drei oder mehr Faserschichten, die aus Holz oder recycelten Materialien wie Papier oder Karton bestehen. Er wird in der Verpackungsindustrie zur Herstellung von Kartons f\u00fcr Alltagsprodukte wie Fr\u00fchst\u00fcckszerealien, Tiefk\u00fchlkost, Luxusparf\u00fcms und Arzneimittel verwendet.<a href=\"https:\/\/www.procarton.com\/wp-content\/uploads\/2025\/10\/Storm_Pro-Carton_YDA-Winners_Final.docx\">Storm_Pro Carton_YDA Winners_Final<\/a><\/p>","protected":false},"featured_media":0,"template":"","meta":{"inline_featured_image":false},"pr_country":[],"class_list":["post-307076","press_release","type-press_release","status-publish","hentry"],"yoast_head":"<!-- This site is optimized with the Yoast SEO plugin v27.5 - https:\/\/yoast.com\/product\/yoast-seo-wordpress\/ -->\n<title>Europe\u2019s top young packaging designers honoured in Istanbul - Pro Carton<\/title>\n<meta name=\"robots\" content=\"index, follow, max-snippet:-1, max-image-preview:large, max-video-preview:-1\" \/>\n<link rel=\"canonical\" href=\"https:\/\/www.procarton.com\/de\/press_release\/europes-top-young-packaging-designers-honoured-in-istanbul\/\" \/>\n<meta property=\"og:locale\" content=\"de_DE\" \/>\n<meta property=\"og:type\" content=\"article\" \/>\n<meta property=\"og:title\" content=\"Europe\u2019s top young packaging designers honoured in Istanbul - Pro Carton\" \/>\n<meta property=\"og:description\" content=\"\u00a0 Europe\u2019s top young packaging designers honoured in Istanbul \u00a0 19 SEPTEMBER, ISTANBUL: The 2025 winners of the Pro Carton Young Designers Award (PCYDA) were celebrated on 18 September 2025 at the Awards Gala, held in Istanbul, T\u00fcrkiye. As Europe\u2019s leading annual competition for young talent in packaging design, the PCYDA once again shone a [&hellip;]\" \/>\n<meta property=\"og:url\" content=\"https:\/\/www.procarton.com\/de\/press_release\/europes-top-young-packaging-designers-honoured-in-istanbul\/\" \/>\n<meta property=\"og:site_name\" content=\"Pro Carton\" \/>\n<meta property=\"article:publisher\" content=\"https:\/\/www.facebook.com\/procartondesignaward\/\" \/>\n<meta name=\"twitter:card\" content=\"summary_large_image\" \/>\n<meta name=\"twitter:site\" content=\"@pro_carton\" \/>\n<meta name=\"twitter:label1\" content=\"Gesch\u00e4tzte Lesezeit\" \/>\n\t<meta name=\"twitter:data1\" content=\"5\u00a0Minuten\" \/>\n<script type=\"application\/ld+json\" class=\"yoast-schema-graph\">{\"@context\":\"https:\\\/\\\/schema.org\",\"@graph\":[{\"@type\":\"WebPage\",\"@id\":\"https:\\\/\\\/www.procarton.com\\\/press_release\\\/europes-top-young-packaging-designers-honoured-in-istanbul\\\/\",\"url\":\"https:\\\/\\\/www.procarton.com\\\/press_release\\\/europes-top-young-packaging-designers-honoured-in-istanbul\\\/\",\"name\":\"Europe\u2019s top young packaging designers honoured in Istanbul - Pro Carton\",\"isPartOf\":{\"@id\":\"https:\\\/\\\/www.procarton.com\\\/es\\\/#website\"},\"datePublished\":\"2025-10-02T21:34:56+00:00\",\"breadcrumb\":{\"@id\":\"https:\\\/\\\/www.procarton.com\\\/press_release\\\/europes-top-young-packaging-designers-honoured-in-istanbul\\\/#breadcrumb\"},\"inLanguage\":\"de\",\"potentialAction\":[{\"@type\":\"ReadAction\",\"target\":[\"https:\\\/\\\/www.procarton.com\\\/press_release\\\/europes-top-young-packaging-designers-honoured-in-istanbul\\\/\"]}]},{\"@type\":\"BreadcrumbList\",\"@id\":\"https:\\\/\\\/www.procarton.com\\\/press_release\\\/europes-top-young-packaging-designers-honoured-in-istanbul\\\/#breadcrumb\",\"itemListElement\":[{\"@type\":\"ListItem\",\"position\":1,\"name\":\"Home\",\"item\":\"https:\\\/\\\/www.procarton.com\\\/\"},{\"@type\":\"ListItem\",\"position\":2,\"name\":\"Press Releases\",\"item\":\"https:\\\/\\\/www.procarton.com\\\/press_release\\\/\"},{\"@type\":\"ListItem\",\"position\":3,\"name\":\"Europe\u2019s top young packaging designers honoured in Istanbul\"}]},{\"@type\":\"WebSite\",\"@id\":\"https:\\\/\\\/www.procarton.com\\\/es\\\/#website\",\"url\":\"https:\\\/\\\/www.procarton.com\\\/es\\\/\",\"name\":\"Pro Carton\",\"description\":\"\",\"publisher\":{\"@id\":\"https:\\\/\\\/www.procarton.com\\\/es\\\/#organization\"},\"potentialAction\":[{\"@type\":\"SearchAction\",\"target\":{\"@type\":\"EntryPoint\",\"urlTemplate\":\"https:\\\/\\\/www.procarton.com\\\/es\\\/?s={search_term_string}\"},\"query-input\":{\"@type\":\"PropertyValueSpecification\",\"valueRequired\":true,\"valueName\":\"search_term_string\"}}],\"inLanguage\":\"de\"},{\"@type\":\"Organization\",\"@id\":\"https:\\\/\\\/www.procarton.com\\\/es\\\/#organization\",\"name\":\"ProCarton\",\"url\":\"https:\\\/\\\/www.procarton.com\\\/es\\\/\",\"logo\":{\"@type\":\"ImageObject\",\"inLanguage\":\"de\",\"@id\":\"https:\\\/\\\/www.procarton.com\\\/es\\\/#\\\/schema\\\/logo\\\/image\\\/\",\"url\":\"https:\\\/\\\/www.procarton.com\\\/wp-content\\\/uploads\\\/2022\\\/06\\\/logo-mit-slogan.jpg\",\"contentUrl\":\"https:\\\/\\\/www.procarton.com\\\/wp-content\\\/uploads\\\/2022\\\/06\\\/logo-mit-slogan.jpg\",\"width\":422,\"height\":519,\"caption\":\"ProCarton\"},\"image\":{\"@id\":\"https:\\\/\\\/www.procarton.com\\\/es\\\/#\\\/schema\\\/logo\\\/image\\\/\"},\"sameAs\":[\"https:\\\/\\\/www.facebook.com\\\/procartondesignaward\\\/\",\"https:\\\/\\\/x.com\\\/pro_carton\"]}]}<\/script>\n<!-- \/ Yoast SEO plugin. -->","yoast_head_json":{"title":"Europas beste junge Verpackungsdesigner werden in Istanbul geehrt - Pro Carton","robots":{"index":"index","follow":"follow","max-snippet":"max-snippet:-1","max-image-preview":"max-image-preview:large","max-video-preview":"max-video-preview:-1"},"canonical":"https:\/\/www.procarton.com\/de\/press_release\/europes-top-young-packaging-designers-honoured-in-istanbul\/","og_locale":"de_DE","og_type":"article","og_title":"Europe\u2019s top young packaging designers honoured in Istanbul - Pro Carton","og_description":"\u00a0 Europe\u2019s top young packaging designers honoured in Istanbul \u00a0 19 SEPTEMBER, ISTANBUL: The 2025 winners of the Pro Carton Young Designers Award (PCYDA) were celebrated on 18 September 2025 at the Awards Gala, held in Istanbul, T\u00fcrkiye. As Europe\u2019s leading annual competition for young talent in packaging design, the PCYDA once again shone a [&hellip;]","og_url":"https:\/\/www.procarton.com\/de\/press_release\/europes-top-young-packaging-designers-honoured-in-istanbul\/","og_site_name":"Pro Carton","article_publisher":"https:\/\/www.facebook.com\/procartondesignaward\/","twitter_card":"summary_large_image","twitter_site":"@pro_carton","twitter_misc":{"Gesch\u00e4tzte Lesezeit":"5\u00a0Minuten"},"schema":{"@context":"https:\/\/schema.org","@graph":[{"@type":"WebPage","@id":"https:\/\/www.procarton.com\/press_release\/europes-top-young-packaging-designers-honoured-in-istanbul\/","url":"https:\/\/www.procarton.com\/press_release\/europes-top-young-packaging-designers-honoured-in-istanbul\/","name":"Europas beste junge Verpackungsdesigner werden in Istanbul geehrt - Pro Carton","isPartOf":{"@id":"https:\/\/www.procarton.com\/es\/#website"},"datePublished":"2025-10-02T21:34:56+00:00","breadcrumb":{"@id":"https:\/\/www.procarton.com\/press_release\/europes-top-young-packaging-designers-honoured-in-istanbul\/#breadcrumb"},"inLanguage":"de","potentialAction":[{"@type":"ReadAction","target":["https:\/\/www.procarton.com\/press_release\/europes-top-young-packaging-designers-honoured-in-istanbul\/"]}]},{"@type":"BreadcrumbList","@id":"https:\/\/www.procarton.com\/press_release\/europes-top-young-packaging-designers-honoured-in-istanbul\/#breadcrumb","itemListElement":[{"@type":"ListItem","position":1,"name":"Home","item":"https:\/\/www.procarton.com\/"},{"@type":"ListItem","position":2,"name":"Press Releases","item":"https:\/\/www.procarton.com\/press_release\/"},{"@type":"ListItem","position":3,"name":"Europe\u2019s top young packaging designers honoured in Istanbul"}]},{"@type":"WebSite","@id":"https:\/\/www.procarton.com\/es\/#website","url":"https:\/\/www.procarton.com\/es\/","name":"Pro Carton","description":"","publisher":{"@id":"https:\/\/www.procarton.com\/es\/#organization"},"potentialAction":[{"@type":"SearchAction","target":{"@type":"EntryPoint","urlTemplate":"https:\/\/www.procarton.com\/es\/?s={search_term_string}"},"query-input":{"@type":"PropertyValueSpecification","valueRequired":true,"valueName":"search_term_string"}}],"inLanguage":"de"},{"@type":"Organization","@id":"https:\/\/www.procarton.com\/es\/#organization","name":"ProCarton","url":"https:\/\/www.procarton.com\/es\/","logo":{"@type":"ImageObject","inLanguage":"de","@id":"https:\/\/www.procarton.com\/es\/#\/schema\/logo\/image\/","url":"https:\/\/www.procarton.com\/wp-content\/uploads\/2022\/06\/logo-mit-slogan.jpg","contentUrl":"https:\/\/www.procarton.com\/wp-content\/uploads\/2022\/06\/logo-mit-slogan.jpg","width":422,"height":519,"caption":"ProCarton"},"image":{"@id":"https:\/\/www.procarton.com\/es\/#\/schema\/logo\/image\/"},"sameAs":["https:\/\/www.facebook.com\/procartondesignaward\/","https:\/\/x.com\/pro_carton"]}]}},"_links":{"self":[{"href":"https:\/\/www.procarton.com\/de\/wp-json\/wp\/v2\/press_release\/307076","targetHints":{"allow":["GET"]}}],"collection":[{"href":"https:\/\/www.procarton.com\/de\/wp-json\/wp\/v2\/press_release"}],"about":[{"href":"https:\/\/www.procarton.com\/de\/wp-json\/wp\/v2\/types\/press_release"}],"wp:attachment":[{"href":"https:\/\/www.procarton.com\/de\/wp-json\/wp\/v2\/media?parent=307076"}],"wp:term":[{"taxonomy":"pr_country","embeddable":true,"href":"https:\/\/www.procarton.com\/de\/wp-json\/wp\/v2\/pr_country?post=307076"}],"curies":[{"name":"wp","href":"https:\/\/api.w.org\/{rel}","templated":true}]}}