{"id":294767,"date":"2024-04-26T15:02:08","date_gmt":"2024-04-26T14:02:08","guid":{"rendered":"https:\/\/www.procarton.com\/?p=294767"},"modified":"2024-04-29T00:51:06","modified_gmt":"2024-04-28T23:51:06","slug":"european-parliament-adopts-trilogue-agreement-today","status":"publish","type":"post","link":"https:\/\/www.procarton.com\/de\/european-parliament-adopts-trilogue-agreement-today\/","title":{"rendered":"Europ\u00e4isches Parlament verabschiedet heute Trilog-Vereinbarung zur Verordnung \u00fcber Verpackungen und Verpackungsabf\u00e4lle (PPWR)"},"content":{"rendered":"<section class=\"av_textblock_section\"  itemscope=\"itemscope\" itemtype=\"https:\/\/schema.org\/BlogPosting\" itemprop=\"blogPost\" >\n<div class='avia_textblock'   itemprop=\"text\" >\n<p><strong>26. April 2024<\/strong><\/p>\n<p><em><span lang=\"EN-GB\">Sehr geehrte Damen und Herren,<\/span><\/em><\/p>\n<p><em><span lang=\"EN-GB\">Vor wenigen Minuten hat das Europ\u00e4ische Parlament in der Plenarsitzung den im Trilog vereinbarten Text der Verordnung \u00fcber Verpackungen und Verpackungsabf\u00e4lle angenommen. Die Trilog-Einigung wurde mit 476 Ja-Stimmen, 129 Nein-Stimmen und 24 Enthaltungen angenommen. Damit ist das Gesetzgebungsvorhaben dem Abschluss der ersten Lesung und der endg\u00fcltigen Verabschiedung durch die Gesetzgeber einen Schritt n\u00e4her gekommen.<\/span><\/em><\/p>\n<p><em><span lang=\"EN-GB\">In ihrem Beitrag verpflichtete sich die Kommission, einen delegierten Rechtsakt zu erlassen, um Palettenumh\u00fcllungen und -umreifungen aus Kunststoff von den Zielvorgaben f\u00fcr die Wiederverwendung von Transportverpackungen auszunehmen, die zwischen verschiedenen Standorten eines Wirtschaftsteilnehmers und zwischen zwei Wirtschaftsteilnehmern in denselben Mitgliedstaaten verwendet werden (Abs\u00e4tze 2 und 3 von Artikel 29 (fr\u00fcherer Artikel 26)). Dies wird nun innerhalb der FPE diskutiert, um zu verstehen, ob wir diese Ausnahme auf alle Arten von Palettenumh\u00fcllungen und Umreifungen ausweiten k\u00f6nnen.<\/span><\/em><\/p>\n<p><em><span lang=\"EN-GB\">Der im Trilog vereinbarte Text ist im Vergleich zum Kommissionsvorschlag und den fr\u00fcheren Standpunkten des Rates ein recht ausgewogener Rechtstext. Dies ist gr\u00f6\u00dftenteils auf die Position und das Engagement des Europ\u00e4ischen Parlaments zur\u00fcckzuf\u00fchren, einen Rechtstext zu verteidigen, der auf die niedrig h\u00e4ngenden Fr\u00fcchte und nicht auf die Spitzenreiter der Kreislaufwirtschaft abzielt, realistische Ma\u00dfnahmen festlegt und mit dem EU-Ziel der Umwandlung unserer auf fossilen Brennstoffen basierenden Wirtschaft in eine kohlenstoffneutrale Kreislaufwirtschaft in Einklang steht.<\/span><\/em><\/p>\n<p><em><span lang=\"EN-GB\">Letzter Schritt zur Annahme:<\/span><\/em><\/p>\n<p><em><span lang=\"EN-GB\">Der n\u00e4chste und letzte Schritt zur Verabschiedung ist die endg\u00fcltige Best\u00e4tigung der Trilog-Vereinbarung durch die Mitgliedstaaten, wenn diese im Herbst dieses Jahres \u00fcber das Dossier abstimmen. Der endg\u00fcltige Termin steht noch nicht fest.<\/span><\/em><\/p>\n<p><em><span lang=\"EN-GB\">Ein detailliertes Briefing-Dokument wird derzeit mit den Mitgliedern von Fibre Packaging Europe ausgearbeitet und in den kommenden Tagen ver\u00f6ffentlicht UND auf unserer Generalversammlung am 4.<sup>th<\/sup>\u00a0Juni in Br\u00fcssel.<\/span><\/em><\/p>\n<p><strong>Horst Bittermann<\/strong><\/p>\n<p>Generaldirektor Pro Carton<\/p>\n<p><a href=\"mailto:bittermann@procarton.com\" target=\"_blank\" rel=\"noopener\">bittermann@procarton.com<\/a><\/p>\n<p>+43 664 852 74 58<\/p>\n<p><a href=\"http:\/\/www.procarton.com\/\" target=\"_blank\" rel=\"noopener\" data-saferedirecturl=\"https:\/\/www.google.com\/url?q=http:\/\/www.procarton.com&amp;source=gmail&amp;ust=1714434585982000&amp;usg=AOvVaw0E-H9ubEYDjabkQKgGweaf\">www.procarton.com<\/a><\/p>\n<\/div>\n<\/section>","protected":false},"excerpt":{"rendered":"<p>Erkl\u00e4rung zum Europ\u00e4ischen Parlament, das den im Trilog vereinbarten Text der Verordnung \u00fcber Verpackungen und Verpackungsabf\u00e4lle (PPWR) angenommen hat<\/p>","protected":false},"author":5916,"featured_media":243272,"comment_status":"closed","ping_status":"open","sticky":false,"template":"","format":"standard","meta":{"inline_featured_image":false,"footnotes":""},"categories":[228,241,247,279],"tags":[],"class_list":["post-294767","post","type-post","status-publish","format-standard","has-post-thumbnail","hentry","category-eu-political-news","category-legislation","category-members-news","category-packaging-packaging-waste-regulation-ppwr"],"yoast_head":"<!-- This site is optimized with the Yoast SEO plugin v27.5 - https:\/\/yoast.com\/product\/yoast-seo-wordpress\/ -->\n<title>European Parliament adopts Trilogue agreement today regarding Packaging and Packaging Waste Regulation (PPWR) - Pro Carton<\/title>\n<meta name=\"robots\" content=\"index, follow, max-snippet:-1, max-image-preview:large, max-video-preview:-1\" \/>\n<link rel=\"canonical\" href=\"https:\/\/www.procarton.com\/de\/european-parliament-adopts-trilogue-agreement-today\/\" \/>\n<meta property=\"og:locale\" content=\"de_DE\" \/>\n<meta property=\"og:type\" content=\"article\" \/>\n<meta property=\"og:title\" content=\"European Parliament adopts Trilogue agreement today regarding Packaging and Packaging Waste Regulation (PPWR) - Pro Carton\" \/>\n<meta property=\"og:description\" content=\"Statement regarding the European Parliament adopting the Trilogue agreed text of the Packaging and Packaging Waste Regulation (PPWR)\" \/>\n<meta property=\"og:url\" content=\"https:\/\/www.procarton.com\/de\/european-parliament-adopts-trilogue-agreement-today\/\" \/>\n<meta property=\"og:site_name\" content=\"Pro Carton\" \/>\n<meta property=\"article:publisher\" content=\"https:\/\/www.facebook.com\/procartondesignaward\/\" \/>\n<meta property=\"article:published_time\" content=\"2024-04-26T14:02:08+00:00\" \/>\n<meta property=\"article:modified_time\" content=\"2024-04-28T23:51:06+00:00\" \/>\n<meta property=\"og:image\" content=\"https:\/\/www.procarton.com\/wp-content\/uploads\/2021\/02\/European-Commission-Logo-2020-v1-2-2-1.png\" \/>\n\t<meta property=\"og:image:width\" content=\"620\" \/>\n\t<meta property=\"og:image:height\" content=\"387\" \/>\n\t<meta property=\"og:image:type\" content=\"image\/png\" \/>\n<meta name=\"author\" content=\"Brendan Khoo\" \/>\n<meta name=\"twitter:card\" content=\"summary_large_image\" \/>\n<meta name=\"twitter:creator\" content=\"@pro_carton\" \/>\n<meta name=\"twitter:site\" content=\"@pro_carton\" \/>\n<meta name=\"twitter:label1\" content=\"Verfasst von\" \/>\n\t<meta name=\"twitter:data1\" content=\"Brendan Khoo\" \/>\n\t<meta name=\"twitter:label2\" content=\"Gesch\u00e4tzte Lesezeit\" \/>\n\t<meta name=\"twitter:data2\" content=\"2\u00a0Minuten\" \/>\n<script type=\"application\/ld+json\" class=\"yoast-schema-graph\">{\"@context\":\"https:\\\/\\\/schema.org\",\"@graph\":[{\"@type\":\"Article\",\"@id\":\"https:\\\/\\\/www.procarton.com\\\/european-parliament-adopts-trilogue-agreement-today\\\/#article\",\"isPartOf\":{\"@id\":\"https:\\\/\\\/www.procarton.com\\\/european-parliament-adopts-trilogue-agreement-today\\\/\"},\"author\":{\"name\":\"Brendan Khoo\",\"@id\":\"https:\\\/\\\/www.procarton.com\\\/es\\\/#\\\/schema\\\/person\\\/9e9026b3d0c0a861b735a0878608000f\"},\"headline\":\"European Parliament adopts Trilogue agreement today regarding Packaging and Packaging Waste Regulation (PPWR)\",\"datePublished\":\"2024-04-26T14:02:08+00:00\",\"dateModified\":\"2024-04-28T23:51:06+00:00\",\"mainEntityOfPage\":{\"@id\":\"https:\\\/\\\/www.procarton.com\\\/european-parliament-adopts-trilogue-agreement-today\\\/\"},\"wordCount\":344,\"publisher\":{\"@id\":\"https:\\\/\\\/www.procarton.com\\\/es\\\/#organization\"},\"image\":{\"@id\":\"https:\\\/\\\/www.procarton.com\\\/european-parliament-adopts-trilogue-agreement-today\\\/#primaryimage\"},\"thumbnailUrl\":\"https:\\\/\\\/www.procarton.com\\\/wp-content\\\/uploads\\\/2021\\\/02\\\/European-Commission-Logo-2020-v1-2-2-1.png\",\"articleSection\":[\"EU and Political News\",\"Legislation\",\"Members News\",\"Packaging &amp; Packaging Waste Regulation (PPWR)\"],\"inLanguage\":\"de\"},{\"@type\":\"WebPage\",\"@id\":\"https:\\\/\\\/www.procarton.com\\\/european-parliament-adopts-trilogue-agreement-today\\\/\",\"url\":\"https:\\\/\\\/www.procarton.com\\\/european-parliament-adopts-trilogue-agreement-today\\\/\",\"name\":\"European Parliament adopts Trilogue agreement today regarding Packaging and Packaging Waste Regulation (PPWR) - Pro Carton\",\"isPartOf\":{\"@id\":\"https:\\\/\\\/www.procarton.com\\\/es\\\/#website\"},\"primaryImageOfPage\":{\"@id\":\"https:\\\/\\\/www.procarton.com\\\/european-parliament-adopts-trilogue-agreement-today\\\/#primaryimage\"},\"image\":{\"@id\":\"https:\\\/\\\/www.procarton.com\\\/european-parliament-adopts-trilogue-agreement-today\\\/#primaryimage\"},\"thumbnailUrl\":\"https:\\\/\\\/www.procarton.com\\\/wp-content\\\/uploads\\\/2021\\\/02\\\/European-Commission-Logo-2020-v1-2-2-1.png\",\"datePublished\":\"2024-04-26T14:02:08+00:00\",\"dateModified\":\"2024-04-28T23:51:06+00:00\",\"breadcrumb\":{\"@id\":\"https:\\\/\\\/www.procarton.com\\\/european-parliament-adopts-trilogue-agreement-today\\\/#breadcrumb\"},\"inLanguage\":\"de\",\"potentialAction\":[{\"@type\":\"ReadAction\",\"target\":[\"https:\\\/\\\/www.procarton.com\\\/european-parliament-adopts-trilogue-agreement-today\\\/\"]}]},{\"@type\":\"ImageObject\",\"inLanguage\":\"de\",\"@id\":\"https:\\\/\\\/www.procarton.com\\\/european-parliament-adopts-trilogue-agreement-today\\\/#primaryimage\",\"url\":\"https:\\\/\\\/www.procarton.com\\\/wp-content\\\/uploads\\\/2021\\\/02\\\/European-Commission-Logo-2020-v1-2-2-1.png\",\"contentUrl\":\"https:\\\/\\\/www.procarton.com\\\/wp-content\\\/uploads\\\/2021\\\/02\\\/European-Commission-Logo-2020-v1-2-2-1.png\",\"width\":620,\"height\":387},{\"@type\":\"BreadcrumbList\",\"@id\":\"https:\\\/\\\/www.procarton.com\\\/european-parliament-adopts-trilogue-agreement-today\\\/#breadcrumb\",\"itemListElement\":[{\"@type\":\"ListItem\",\"position\":1,\"name\":\"Home\",\"item\":\"https:\\\/\\\/www.procarton.com\\\/\"},{\"@type\":\"ListItem\",\"position\":2,\"name\":\"European Parliament adopts Trilogue agreement today regarding Packaging and Packaging Waste Regulation (PPWR)\"}]},{\"@type\":\"WebSite\",\"@id\":\"https:\\\/\\\/www.procarton.com\\\/es\\\/#website\",\"url\":\"https:\\\/\\\/www.procarton.com\\\/es\\\/\",\"name\":\"Pro Carton\",\"description\":\"\",\"publisher\":{\"@id\":\"https:\\\/\\\/www.procarton.com\\\/es\\\/#organization\"},\"potentialAction\":[{\"@type\":\"SearchAction\",\"target\":{\"@type\":\"EntryPoint\",\"urlTemplate\":\"https:\\\/\\\/www.procarton.com\\\/es\\\/?s={search_term_string}\"},\"query-input\":{\"@type\":\"PropertyValueSpecification\",\"valueRequired\":true,\"valueName\":\"search_term_string\"}}],\"inLanguage\":\"de\"},{\"@type\":\"Organization\",\"@id\":\"https:\\\/\\\/www.procarton.com\\\/es\\\/#organization\",\"name\":\"ProCarton\",\"url\":\"https:\\\/\\\/www.procarton.com\\\/es\\\/\",\"logo\":{\"@type\":\"ImageObject\",\"inLanguage\":\"de\",\"@id\":\"https:\\\/\\\/www.procarton.com\\\/es\\\/#\\\/schema\\\/logo\\\/image\\\/\",\"url\":\"https:\\\/\\\/www.procarton.com\\\/wp-content\\\/uploads\\\/2022\\\/06\\\/logo-mit-slogan.jpg\",\"contentUrl\":\"https:\\\/\\\/www.procarton.com\\\/wp-content\\\/uploads\\\/2022\\\/06\\\/logo-mit-slogan.jpg\",\"width\":422,\"height\":519,\"caption\":\"ProCarton\"},\"image\":{\"@id\":\"https:\\\/\\\/www.procarton.com\\\/es\\\/#\\\/schema\\\/logo\\\/image\\\/\"},\"sameAs\":[\"https:\\\/\\\/www.facebook.com\\\/procartondesignaward\\\/\",\"https:\\\/\\\/x.com\\\/pro_carton\"]},{\"@type\":\"Person\",\"@id\":\"https:\\\/\\\/www.procarton.com\\\/es\\\/#\\\/schema\\\/person\\\/9e9026b3d0c0a861b735a0878608000f\",\"name\":\"Brendan Khoo\",\"url\":\"https:\\\/\\\/www.procarton.com\\\/de\\\/author\\\/khooprocarton-com\\\/\"}]}<\/script>\n<!-- \/ Yoast SEO plugin. -->","yoast_head_json":{"title":"Europ\u00e4isches Parlament verabschiedet heute Trilog-Vereinbarung zur Verordnung \u00fcber Verpackungen und Verpackungsabf\u00e4lle (PPWR) - Pro Carton","robots":{"index":"index","follow":"follow","max-snippet":"max-snippet:-1","max-image-preview":"max-image-preview:large","max-video-preview":"max-video-preview:-1"},"canonical":"https:\/\/www.procarton.com\/de\/european-parliament-adopts-trilogue-agreement-today\/","og_locale":"de_DE","og_type":"article","og_title":"European Parliament adopts Trilogue agreement today regarding Packaging and Packaging Waste Regulation (PPWR) - Pro Carton","og_description":"Statement regarding the European Parliament adopting the Trilogue agreed text of the Packaging and Packaging Waste Regulation (PPWR)","og_url":"https:\/\/www.procarton.com\/de\/european-parliament-adopts-trilogue-agreement-today\/","og_site_name":"Pro Carton","article_publisher":"https:\/\/www.facebook.com\/procartondesignaward\/","article_published_time":"2024-04-26T14:02:08+00:00","article_modified_time":"2024-04-28T23:51:06+00:00","og_image":[{"width":620,"height":387,"url":"https:\/\/www.procarton.com\/wp-content\/uploads\/2021\/02\/European-Commission-Logo-2020-v1-2-2-1.png","type":"image\/png"}],"author":"Brendan Khoo","twitter_card":"summary_large_image","twitter_creator":"@pro_carton","twitter_site":"@pro_carton","twitter_misc":{"Verfasst von":"Brendan Khoo","Gesch\u00e4tzte Lesezeit":"2\u00a0Minuten"},"schema":{"@context":"https:\/\/schema.org","@graph":[{"@type":"Article","@id":"https:\/\/www.procarton.com\/european-parliament-adopts-trilogue-agreement-today\/#article","isPartOf":{"@id":"https:\/\/www.procarton.com\/european-parliament-adopts-trilogue-agreement-today\/"},"author":{"name":"Brendan Khoo","@id":"https:\/\/www.procarton.com\/es\/#\/schema\/person\/9e9026b3d0c0a861b735a0878608000f"},"headline":"European Parliament adopts Trilogue agreement today regarding Packaging and Packaging Waste Regulation (PPWR)","datePublished":"2024-04-26T14:02:08+00:00","dateModified":"2024-04-28T23:51:06+00:00","mainEntityOfPage":{"@id":"https:\/\/www.procarton.com\/european-parliament-adopts-trilogue-agreement-today\/"},"wordCount":344,"publisher":{"@id":"https:\/\/www.procarton.com\/es\/#organization"},"image":{"@id":"https:\/\/www.procarton.com\/european-parliament-adopts-trilogue-agreement-today\/#primaryimage"},"thumbnailUrl":"https:\/\/www.procarton.com\/wp-content\/uploads\/2021\/02\/European-Commission-Logo-2020-v1-2-2-1.png","articleSection":["EU and Political News","Legislation","Members News","Packaging &amp; Packaging Waste Regulation (PPWR)"],"inLanguage":"de"},{"@type":"WebPage","@id":"https:\/\/www.procarton.com\/european-parliament-adopts-trilogue-agreement-today\/","url":"https:\/\/www.procarton.com\/european-parliament-adopts-trilogue-agreement-today\/","name":"Europ\u00e4isches Parlament verabschiedet heute Trilog-Vereinbarung zur Verordnung \u00fcber Verpackungen und Verpackungsabf\u00e4lle (PPWR) - Pro Carton","isPartOf":{"@id":"https:\/\/www.procarton.com\/es\/#website"},"primaryImageOfPage":{"@id":"https:\/\/www.procarton.com\/european-parliament-adopts-trilogue-agreement-today\/#primaryimage"},"image":{"@id":"https:\/\/www.procarton.com\/european-parliament-adopts-trilogue-agreement-today\/#primaryimage"},"thumbnailUrl":"https:\/\/www.procarton.com\/wp-content\/uploads\/2021\/02\/European-Commission-Logo-2020-v1-2-2-1.png","datePublished":"2024-04-26T14:02:08+00:00","dateModified":"2024-04-28T23:51:06+00:00","breadcrumb":{"@id":"https:\/\/www.procarton.com\/european-parliament-adopts-trilogue-agreement-today\/#breadcrumb"},"inLanguage":"de","potentialAction":[{"@type":"ReadAction","target":["https:\/\/www.procarton.com\/european-parliament-adopts-trilogue-agreement-today\/"]}]},{"@type":"ImageObject","inLanguage":"de","@id":"https:\/\/www.procarton.com\/european-parliament-adopts-trilogue-agreement-today\/#primaryimage","url":"https:\/\/www.procarton.com\/wp-content\/uploads\/2021\/02\/European-Commission-Logo-2020-v1-2-2-1.png","contentUrl":"https:\/\/www.procarton.com\/wp-content\/uploads\/2021\/02\/European-Commission-Logo-2020-v1-2-2-1.png","width":620,"height":387},{"@type":"BreadcrumbList","@id":"https:\/\/www.procarton.com\/european-parliament-adopts-trilogue-agreement-today\/#breadcrumb","itemListElement":[{"@type":"ListItem","position":1,"name":"Home","item":"https:\/\/www.procarton.com\/"},{"@type":"ListItem","position":2,"name":"European Parliament adopts Trilogue agreement today regarding Packaging and Packaging Waste Regulation (PPWR)"}]},{"@type":"WebSite","@id":"https:\/\/www.procarton.com\/es\/#website","url":"https:\/\/www.procarton.com\/es\/","name":"Pro Carton","description":"","publisher":{"@id":"https:\/\/www.procarton.com\/es\/#organization"},"potentialAction":[{"@type":"SearchAction","target":{"@type":"EntryPoint","urlTemplate":"https:\/\/www.procarton.com\/es\/?s={search_term_string}"},"query-input":{"@type":"PropertyValueSpecification","valueRequired":true,"valueName":"search_term_string"}}],"inLanguage":"de"},{"@type":"Organization","@id":"https:\/\/www.procarton.com\/es\/#organization","name":"ProCarton","url":"https:\/\/www.procarton.com\/es\/","logo":{"@type":"ImageObject","inLanguage":"de","@id":"https:\/\/www.procarton.com\/es\/#\/schema\/logo\/image\/","url":"https:\/\/www.procarton.com\/wp-content\/uploads\/2022\/06\/logo-mit-slogan.jpg","contentUrl":"https:\/\/www.procarton.com\/wp-content\/uploads\/2022\/06\/logo-mit-slogan.jpg","width":422,"height":519,"caption":"ProCarton"},"image":{"@id":"https:\/\/www.procarton.com\/es\/#\/schema\/logo\/image\/"},"sameAs":["https:\/\/www.facebook.com\/procartondesignaward\/","https:\/\/x.com\/pro_carton"]},{"@type":"Person","@id":"https:\/\/www.procarton.com\/es\/#\/schema\/person\/9e9026b3d0c0a861b735a0878608000f","name":"Brendan Khoo","url":"https:\/\/www.procarton.com\/de\/author\/khooprocarton-com\/"}]}},"_links":{"self":[{"href":"https:\/\/www.procarton.com\/de\/wp-json\/wp\/v2\/posts\/294767","targetHints":{"allow":["GET"]}}],"collection":[{"href":"https:\/\/www.procarton.com\/de\/wp-json\/wp\/v2\/posts"}],"about":[{"href":"https:\/\/www.procarton.com\/de\/wp-json\/wp\/v2\/types\/post"}],"author":[{"embeddable":true,"href":"https:\/\/www.procarton.com\/de\/wp-json\/wp\/v2\/users\/5916"}],"replies":[{"embeddable":true,"href":"https:\/\/www.procarton.com\/de\/wp-json\/wp\/v2\/comments?post=294767"}],"version-history":[{"count":6,"href":"https:\/\/www.procarton.com\/de\/wp-json\/wp\/v2\/posts\/294767\/revisions"}],"predecessor-version":[{"id":294786,"href":"https:\/\/www.procarton.com\/de\/wp-json\/wp\/v2\/posts\/294767\/revisions\/294786"}],"wp:featuredmedia":[{"embeddable":true,"href":"https:\/\/www.procarton.com\/de\/wp-json\/wp\/v2\/media\/243272"}],"wp:attachment":[{"href":"https:\/\/www.procarton.com\/de\/wp-json\/wp\/v2\/media?parent=294767"}],"wp:term":[{"taxonomy":"category","embeddable":true,"href":"https:\/\/www.procarton.com\/de\/wp-json\/wp\/v2\/categories?post=294767"},{"taxonomy":"post_tag","embeddable":true,"href":"https:\/\/www.procarton.com\/de\/wp-json\/wp\/v2\/tags?post=294767"}],"curies":[{"name":"wp","href":"https:\/\/api.w.org\/{rel}","templated":true}]}}