{"id":293430,"date":"2023-12-05T10:38:46","date_gmt":"2023-12-05T10:38:46","guid":{"rendered":"https:\/\/www.procarton.com\/?p=293430"},"modified":"2023-12-13T10:59:00","modified_gmt":"2023-12-13T10:59:00","slug":"industry-talent-spotlight-leonie-vetter-pioneering-sustainable-cartonboard-packaging-at-faller-packaging","status":"publish","type":"post","link":"https:\/\/www.procarton.com\/de\/industry-talent-spotlight-leonie-vetter-pioneering-sustainable-cartonboard-packaging-at-faller-packaging\/","title":{"rendered":"Industrie-Talent im Rampenlicht: Leonie Vetter, Pionierin f\u00fcr nachhaltige Kartonverpackungen bei Faller Packaging"},"content":{"rendered":"<div class=\"av-animated-generic top-to-bottom flex_column av_two_third  flex_column_div av-zero-column-padding first  avia-builder-el-0  el_before_av_one_third  avia-builder-el-first\" style='border-radius:0px; '>\n<section class=\"av_textblock_section\"  itemscope=\"itemscope\" itemtype=\"https:\/\/schema.org\/BlogPosting\" itemprop=\"blogPost\" >\n<div class='avia_textblock'   itemprop=\"text\" >\n<p><strong>In der schnelllebigen Verpackungslandschaft, in der jede Falte und jeder Knick Einfluss darauf hat, wie Produkte pr\u00e4sentiert und erlebt werden, ist die Karton- und Faltschachtelindustrie eine entscheidende Kraft. In diesem dynamischen Bereich harmonieren Innovation und Nachhaltigkeit, und bemerkenswerte Pers\u00f6nlichkeiten hinterlassen einen unausl\u00f6schlichen Eindruck.<\/strong><\/p>\n<\/div>\n<\/section>\n<div  style='height:50px' class='hr hr-invisible   avia-builder-el-2  el_after_av_textblock  el_before_av_textblock'><span class='hr-inner' ><span class='hr-inner-style'><\/span><\/span><\/div>\n<section class=\"av_textblock_section\"  itemscope=\"itemscope\" itemtype=\"https:\/\/schema.org\/BlogPosting\" itemprop=\"blogPost\" >\n<div class='avia_textblock'   itemprop=\"text\" >\n<p><strong>Lernen Sie Leonie Vetter kennen, eine treibende Kraft in diesem Bereich, die als Fackeltr\u00e4gerin f\u00fcr Nachhaltigkeit bei Faller Packaging dient. Leonies Weg in der Verpackungsindustrie ist nicht nur inspirierend, sondern auch ein Beweis f\u00fcr die F\u00fclle an M\u00f6glichkeiten, die sich in unserer sich st\u00e4ndig weiterentwickelnden Branche bieten. <\/strong><\/p>\n<\/div>\n<\/section>\n<\/div>\n<div class=\"av-animated-generic top-to-bottom flex_column av_one_third  flex_column_div av-zero-column-padding   avia-builder-el-4  el_after_av_two_third  el_before_av_one_full\" style='border-radius:0px; '>\n<div  class='avia-image-container  av-styling-    avia-builder-el-5  el_before_av_textblock  avia-builder-el-first  avia-align-center'  itemprop=\"image\" itemscope=\"itemscope\" itemtype=\"https:\/\/schema.org\/ImageObject\"  >\n<div class='avia-image-container-inner'>\n<div class='avia-image-overlay-wrap'><img decoding=\"async\" width=\"300\" height=\"157\" class='wp-image-293434 avia-img-lazy-loading-not-293434 avia_image' src=\"https:\/\/www.procarton.com\/wp-content\/uploads\/2023\/12\/FINAL_Pro-Carton-Member-Job-Profiling_Faller-Packaging-300x157.gif\" alt='Leonie Vetter, Teamleiterin der Vorverpackungsdienste bei Faller Packaging, spricht \u00fcber ihre Karriere in der Karton- und Faltschachtelindustrie' title='FINAL_Pro Carton Member Job Profiling_Faller Packaging'  itemprop=\"thumbnailUrl\" srcset=\"https:\/\/www.procarton.com\/wp-content\/uploads\/2023\/12\/FINAL_Pro-Carton-Member-Job-Profiling_Faller-Packaging-300x157.gif 300w, https:\/\/www.procarton.com\/wp-content\/uploads\/2023\/12\/FINAL_Pro-Carton-Member-Job-Profiling_Faller-Packaging-1030x539.gif 1030w, https:\/\/www.procarton.com\/wp-content\/uploads\/2023\/12\/FINAL_Pro-Carton-Member-Job-Profiling_Faller-Packaging-768x402.gif 768w, https:\/\/www.procarton.com\/wp-content\/uploads\/2023\/12\/FINAL_Pro-Carton-Member-Job-Profiling_Faller-Packaging-18x9.gif 18w, https:\/\/www.procarton.com\/wp-content\/uploads\/2023\/12\/FINAL_Pro-Carton-Member-Job-Profiling_Faller-Packaging-710x375.gif 710w, https:\/\/www.procarton.com\/wp-content\/uploads\/2023\/12\/FINAL_Pro-Carton-Member-Job-Profiling_Faller-Packaging-705x369.gif 705w\" sizes=\"(max-width: 300px) 100vw, 300px\" \/><\/div>\n<\/div>\n<\/div>\n<section class=\"av_textblock_section\"  itemscope=\"itemscope\" itemtype=\"https:\/\/schema.org\/BlogPosting\" itemprop=\"blogPost\" >\n<div class='avia_textblock'   itemprop=\"text\" >\n<p style=\"text-align: center;\">Leonie Vetter ist die Fackeltr\u00e4gerin f\u00fcr Nachhaltigkeit bei Faller Packaging.<\/p>\n<\/div>\n<\/section>\n<\/div>\n<div class=\"av-animated-generic top-to-bottom flex_column av_one_full  flex_column_div av-zero-column-padding first  avia-builder-el-7  el_after_av_one_third  avia-builder-el-last  column-top-margin\" style='border-radius:0px; '>\n<section class=\"av_textblock_section\"  itemscope=\"itemscope\" itemtype=\"https:\/\/schema.org\/BlogPosting\" itemprop=\"blogPost\" >\n<div class='avia_textblock'   itemprop=\"text\" >\n<p><strong>F: Leonie, k\u00f6nnten Sie sich vorstellen und uns etwas \u00fcber Ihre derzeitige Rolle in der Karton- und Faltschachtelindustrie erz\u00e4hlen? Was hat Ihr Interesse an diesem Bereich geweckt und Sie zu Ihrem derzeitigen Berufsweg gef\u00fchrt?<\/strong><\/p>\n<p>A: Ich bin Leonie Vetter, 30 Jahre alt und arbeite derzeit als Teamleiterin im PrePackaging Service (PPS) bei Faller Packaging. Meine Faszination f\u00fcr Verpackungen, sowohl in Bezug auf die Konstruktion als auch auf das Design, wurde w\u00e4hrend eines zweiw\u00f6chigen Praktikums bei Faller Packaging im Jahr 2012 geweckt. Diese Erfahrung hat mich dazu bewogen, ein Studium der Verpackungstechnik mit dem Schwerpunkt Fasern und Entwicklung zu absolvieren.  Nach Abschluss meiner Masterarbeit bei Faller Packaging wurde ich als Assistentin des Standortleiters eingestellt, wo ich eine entscheidende Rolle beim Aufbau der PPS spielte. Die Leitung des PPS-Teams in den letzten drei Jahren war eine reizvolle Herausforderung bei der Arbeit an komplexen Verpackungsl\u00f6sungen.<\/p>\n<p><strong>F: K\u00f6nnen Sie uns einige wichtige Meilensteine und Erfahrungen mitteilen, die f\u00fcr Ihre Karriere in der Karton- und Faltschachtelindustrie eine wichtige Rolle gespielt haben?<\/strong><\/p>\n<p>A: Mein Bildungsweg umfasst einen Bachelor of Engineering in Verpackungstechnologie und einen Master of Science in Packaging Development Management. Die Einblicke in verschiedene Unternehmen w\u00e4hrend meines Studiums haben mir einen umfassenden Einblick in die Branche verschafft. Ein entscheidender Meilenstein war der Aufbau des PPS-Bereichs bei Faller Packaging mit der Einf\u00fchrung der Automatisierung und der Integration in das Unternehmen. Die \u00dcbernahme der Verantwortung f\u00fcr die neue Abteilung stellte einen bedeutenden Wendepunkt dar, da ich den t\u00e4glichen Betrieb leitete, Probleme l\u00f6ste und das Wachstum des Teams f\u00f6rderte.<\/p>\n<p><strong>F: Gibt es aktuelle Projekte oder Initiativen, die Sie besonders spannend oder innovativ finden?<\/strong><\/p>\n<p>A: Unsere Arbeit an nachhaltigen Verpackungsl\u00f6sungen f\u00fcr Pharmakunden ist ein Highlight.  Wir ersetzen Kunststoffeins\u00e4tze durch Kartoneins\u00e4tze und verbessern so die Sicherheit von Produkten wie Spritzen und Fl\u00e4schchen. Ein Schwerpunkt waren Automatisierungsprojekte, die die Entwicklung von Prozessen f\u00fcr unsere Arbeit mit Cobots oder kollaborierenden Robotern und vollautomatischen Verpackungsanlagen beinhalten. Die \u00dcberbr\u00fcckung der L\u00fccke zwischen manuellen und automatisierten Produktionslinien erm\u00f6glicht es uns, auch dort effiziente Dienstleistungen zu erbringen, wo vollautomatische Linien nicht geeignet sind.<\/p>\n<p><strong>F: Wie sieht ein typischer Tag oder eine typische Woche in Ihrer derzeitigen Position aus?<\/strong><\/p>\n<p>A: Es gibt eigentlich keinen typischen Tag oder eine typische Woche, und das macht die Arbeit so spannend. Zu meinen t\u00e4glichen Aufgaben geh\u00f6ren jedoch die Auftragskontrolle, die Behebung von Maschinenproblemen, die Nachkalkulation von Auftr\u00e4gen mit eventuellen Optimierungen und die Leitung und Entwicklung meines Teams, wozu Diskussionen, Schulungen und Probleml\u00f6sungen geh\u00f6ren. Bei PPS ist jedes Produkt wie ein kleines Projekt, und ich bin an der Unterst\u00fctzung und Einf\u00fchrung innovativer L\u00f6sungen beteiligt.<\/p>\n<p><strong>F: Welche Branchentrends oder -entwicklungen begeistern Sie am meisten, und wie beeinflussen sie Ihre Arbeit?<\/strong><\/p>\n<p>A: Besonders begeistert bin ich von neuen Verpackungsl\u00f6sungen, bei denen Papier und Pappe als Ersatz f\u00fcr Kunststoffe verwendet werden. Diese Trends treiben unsere Arbeit zur Entwicklung innovativer und umweltfreundlicher Alternativen zu herk\u00f6mmlichen Verpackungsmaterialien voran. K\u00fcrzlich hat unsere Forschungs- und Entwicklungsabteilung ein einzigartiges Design entwickelt, das im Jahr 2022 den European Carton Excellence Award (ECEA) f\u00fcr Faller Packaging gewann. Bei diesem Design handelt es sich um eine Schale auf Faserbasis, die durch Gammastrahlung sterilisiert und in Operationss\u00e4len verwendet werden kann. Dies ist nur ein Beispiel f\u00fcr die innovativen M\u00f6glichkeiten, mit denen wir Kunststoff durch faserbasierte Verpackungsl\u00f6sungen ersetzen k\u00f6nnen. Diese Trends treiben unsere Arbeit in Richtung nachhaltiger und umweltfreundlicher Verpackungsalternativen voran.<\/p>\n<p><strong>F: Welchen Rat w\u00fcrden Sie Personen geben, die eine Karriere in der Karton- und Faltschachtelindustrie in Betracht ziehen?<\/strong><\/p>\n<p>A: Ich w\u00fcrde jeden Interessierten ermutigen, in die Branche hineinzuschnuppern, sie auszuprobieren und praktische Erfahrungen zu sammeln. Die Karton- und Faltschachtelindustrie bietet ein breites Spektrum an T\u00e4tigkeiten, die den unterschiedlichsten Interessen gerecht werden, von technischen Aufgaben bis hin zu F\u00fchrungspositionen. Es ist ein dynamischer Bereich, in dem f\u00fcr jeden etwas dabei ist.<\/p>\n<p><strong>F: Was macht Sie schlie\u00dflich stolz darauf, in der Karton- und Faltschachtelindustrie zu arbeiten?<\/strong><\/p>\n<p>A: Die Hintergr\u00fcnde der von uns verwendeten Waren zu verstehen, ist entscheidend, um fundierte Entscheidungen zu treffen und die negativen Auswirkungen auf die begrenzten Ressourcen unseres Planeten zu verringern. Dieses Bewusstsein macht mich stolz darauf, Teil einer Branche zu sein, die nachhaltige und innovative L\u00f6sungen f\u00fcr Verpackungsherausforderungen entwickelt.<\/p>\n<\/div>\n<\/section>\n<section class=\"av_textblock_section\"  itemscope=\"itemscope\" itemtype=\"https:\/\/schema.org\/BlogPosting\" itemprop=\"blogPost\" >\n<div class='avia_textblock'   itemprop=\"text\" >\n<p><strong>Leonie Vetters Weg in der Karton- und Faltschachtelindustrie bei Faller Packaging ist ein Beweis f\u00fcr die dynamischen und einflussreichen Aufgaben in diesem Bereich. W\u00e4hrend Leonie weiterhin die Zukunft der Verpackung bei Faller Packaging gestaltet, dienen ihre Erfahrungen als Inspiration f\u00fcr alle, die eine Karriere in der Karton- und Faltschachtelindustrie in Erw\u00e4gung ziehen, und unterstreichen die spannenden M\u00f6glichkeiten und das Potenzial f\u00fcr positive Umweltauswirkungen in diesem sich entwickelnden Bereich.<\/strong><\/p>\n<\/div>\n<\/section>\n<section class=\"av_textblock_section\"  itemscope=\"itemscope\" itemtype=\"https:\/\/schema.org\/BlogPosting\" itemprop=\"blogPost\" >\n<div class='avia_textblock'   itemprop=\"text\" >\n<p><span style=\"text-decoration: underline;\"><strong>Serie \"Spotlights\" f\u00fcr Talente aus der Industrie:<\/strong><\/span><\/p>\n<ul>\n<li class=\"main-title entry-title\"><a title=\"Permanenter Link: Industrie-Talent Spotlight: Interview mit Thomas Braun: Leiter der Abteilung Computer-Aided Design bei VG Nicolaus\" href=\"https:\/\/www.procarton.com\/industry-talent-spotlight-interview-with-thomas-braun-head-of-computer-aided-design-at-vg-nicolaus\/\" rel=\"bookmark\">Branchentalente im Blickpunkt: Interview mit Thomas Braun: Leiter der Abteilung f\u00fcr computergest\u00fctztes Design bei VG Nicolaus<\/a><\/li>\n<li><a title=\"Permanenter Link: Industrie-Talent im Rampenlicht: Leonie Vetter, Pionierin f\u00fcr nachhaltige Kartonverpackungen bei Faller Packaging\" href=\"https:\/\/www.procarton.com\/industry-talent-spotlight-leonie-vetter-pioneering-sustainable-cartonboard-packaging-at-faller-packaging\/\" rel=\"bookmark\">Industrie-Talent im Rampenlicht: Leonie Vetter, Pionierin f\u00fcr nachhaltige Kartonverpackungen bei Faller Packaging<\/a><\/li>\n<li><a title=\"Permanenter Link: Industrie Talent Spotlight: Elisabeth Salajka - Eine Karriere in der Karton- und Faltschachtelindustrie\" href=\"https:\/\/www.procarton.com\/industry-talent-spotlight-elisabeth-salajka-a-career-in-the-cartonboard-and-folding-carton-industry\/\" rel=\"bookmark\">Industrie-Talent im Rampenlicht: Elisabeth Salajka - Eine Karriere in der Karton- und Faltschachtelindustrie<\/a><\/li>\n<li>\u00a0<a title=\"Permanenter Link: Industrie Talent Spotlight: Gunilla Nykopp - Eine Karriere in der Karton- und Faltschachtelindustrie\" href=\"https:\/\/www.procarton.com\/industry-talent-spotlight-gunilla-nykopp-a-career-in-the-cartonboard-and-folding-carton-industry\/\" rel=\"bookmark\">Industrie-Talent im Rampenlicht: Gunilla Nykopp - Eine Karriere in der Karton- und Faltschachtelindustrie<\/a><\/li>\n<\/ul>\n<\/div>\n<\/section>\n<div  class='av-social-sharing-box av-social-sharing-box-buttons   avia-builder-el-11  el_after_av_textblock  avia-builder-el-last  av-social-sharing-box-color-bg av-social-sharing-box-fullwidth'>\n<div class=\"av-share-box\">\n<h5 class='av-share-link-description av-no-toc'>Diesen Eintrag teilen<\/h5>\n<ul class=\"av-share-box-list noLightbox\">\n<li class='av-share-link av-social-link-facebook' ><a target=\"_blank\" aria-label=\"Teilen auf Facebook\" href='https:\/\/www.facebook.com\/sharer.php?u=https:\/\/www.procarton.com\/de\/industry-talent-spotlight-leonie-vetter-pioneering-sustainable-cartonboard-packaging-at-faller-packaging\/&#038;t=Industry%20Talent%20Spotlight%3A%20Leonie%20Vetter%2C%20Pioneering%20Sustainable%20Cartonboard%20Packaging%20at%20Faller%20Packaging' aria-hidden='false' data-av_icon='\ue8f3' data-av_iconfont='entypo-fontello' title='' data-avia-related-tooltip='Teilen auf Facebook' rel=\"noopener\"><span class='avia_hidden_link_text'>Teilen auf Facebook<\/span><\/a><\/li>\n<li class='av-share-link av-social-link-twitter' ><a target=\"_blank\" aria-label=\"Teilen auf Twitter\" href='https:\/\/twitter.com\/share?text=Industry%20Talent%20Spotlight%3A%20Leonie%20Vetter%2C%20Pioneering%20Sustainable%20Cartonboard%20Packaging%20at%20Faller%20Packaging&#038;url=https:\/\/www.procarton.com\/de\/?p=293430' aria-hidden='false' data-av_icon='\ue8f1' data-av_iconfont='entypo-fontello' title='' data-avia-related-tooltip='Teilen auf Twitter' rel=\"noopener\"><span class='avia_hidden_link_text'>Teilen auf Twitter<\/span><\/a><\/li>\n<li class='av-share-link av-social-link-linkedin' ><a target=\"_blank\" aria-label=\"Teilen auf LinkedIn\" href='https:\/\/linkedin.com\/shareArticle?mini=true&#038;title=Industry%20Talent%20Spotlight%3A%20Leonie%20Vetter%2C%20Pioneering%20Sustainable%20Cartonboard%20Packaging%20at%20Faller%20Packaging&#038;url=https:\/\/www.procarton.com\/de\/industry-talent-spotlight-leonie-vetter-pioneering-sustainable-cartonboard-packaging-at-faller-packaging\/' aria-hidden='false' data-av_icon='\ue8fc' data-av_iconfont='entypo-fontello' title='' data-avia-related-tooltip='Teilen auf LinkedIn' rel=\"noopener\"><span class='avia_hidden_link_text'>Teilen auf LinkedIn<\/span><\/a><\/li>\n<li class='av-share-link av-social-link-instagram' ><a target=\"_blank\" aria-label=\"Link zu Instagram\" href='https:\/\/www.instagram.com\/procartoneurope\/' aria-hidden='false' data-av_icon='\uf16d' data-av_iconfont='entypo-fontello' title='' data-avia-related-tooltip='Link to Instagram' rel=\"noopener\"><span class='avia_hidden_link_text'>Link zu Instagram<\/span><\/a><\/li>\n<li class='av-share-link av-social-link-youtube' ><a target=\"_blank\" aria-label=\"Link zu Youtube\" href='https:\/\/www.youtube.com\/channel\/UCmqyst3XEMrix-Thz-niBkw' aria-hidden='false' data-av_icon='\uf16a' data-av_iconfont='entypo-fontello' title='' data-avia-related-tooltip='Link to Youtube' rel=\"noopener\"><span class='avia_hidden_link_text'>Link zu Youtube<\/span><\/a><\/li>\n<\/ul>\n<\/div>\n<\/div>\n<\/div>","protected":false},"excerpt":{"rendered":"<p>In diesem Pro Carton Industry Talent Spotlight geht es um Leonie Vetter, die bei Faller Packaging Pionierarbeit f\u00fcr nachhaltige Kartonverpackungen leistet.<\/p>","protected":false},"author":1286,"featured_media":293431,"comment_status":"closed","ping_status":"open","sticky":false,"template":"","format":"standard","meta":{"inline_featured_image":false,"footnotes":""},"categories":[278,242],"tags":[],"class_list":["post-293430","post","type-post","status-publish","format-standard","has-post-thumbnail","hentry","category-industry-talent","category-procarton"],"yoast_head":"<!-- This site is optimized with the Yoast SEO plugin v27.4 - https:\/\/yoast.com\/product\/yoast-seo-wordpress\/ -->\n<title>Industry Talent Spotlight: Leonie Vetter, Pioneering Sustainable Cartonboard Packaging at Faller Packaging - Pro Carton<\/title>\n<meta name=\"description\" content=\"This Pro Carton Industry Talent Spotlight focusses on Leonie Vetter who is pioneering sustainable Cartonboard Packaging at Faller Packaging\" \/>\n<meta name=\"robots\" content=\"index, follow, max-snippet:-1, max-image-preview:large, max-video-preview:-1\" \/>\n<link rel=\"canonical\" href=\"https:\/\/www.procarton.com\/de\/industry-talent-spotlight-leonie-vetter-pioneering-sustainable-cartonboard-packaging-at-faller-packaging\/\" \/>\n<meta property=\"og:locale\" content=\"de_DE\" \/>\n<meta property=\"og:type\" content=\"article\" \/>\n<meta property=\"og:title\" content=\"Industry Talent Spotlight: Leonie Vetter, Pioneering Sustainable Cartonboard Packaging at Faller Packaging - Pro Carton\" \/>\n<meta property=\"og:description\" content=\"This Pro Carton Industry Talent Spotlight focusses on Leonie Vetter who is pioneering sustainable Cartonboard Packaging at Faller Packaging\" \/>\n<meta property=\"og:url\" content=\"https:\/\/www.procarton.com\/de\/industry-talent-spotlight-leonie-vetter-pioneering-sustainable-cartonboard-packaging-at-faller-packaging\/\" \/>\n<meta property=\"og:site_name\" content=\"Pro Carton\" \/>\n<meta property=\"article:publisher\" content=\"https:\/\/www.facebook.com\/procartondesignaward\/\" \/>\n<meta property=\"article:published_time\" content=\"2023-12-05T10:38:46+00:00\" \/>\n<meta property=\"article:modified_time\" content=\"2023-12-13T10:59:00+00:00\" \/>\n<meta property=\"og:image\" content=\"https:\/\/www.procarton.com\/wp-content\/uploads\/2023\/12\/Leonie-headshot-scaled.jpg\" \/>\n\t<meta property=\"og:image:width\" content=\"2560\" \/>\n\t<meta property=\"og:image:height\" content=\"1708\" \/>\n\t<meta property=\"og:image:type\" content=\"image\/jpeg\" \/>\n<meta name=\"author\" content=\"ryan@procarton.com\" \/>\n<meta name=\"twitter:card\" content=\"summary_large_image\" \/>\n<meta name=\"twitter:creator\" content=\"@pro_carton\" \/>\n<meta name=\"twitter:site\" content=\"@pro_carton\" \/>\n<meta name=\"twitter:label1\" content=\"Verfasst von\" \/>\n\t<meta name=\"twitter:data1\" content=\"ryan@procarton.com\" \/>\n\t<meta name=\"twitter:label2\" content=\"Gesch\u00e4tzte Lesezeit\" \/>\n\t<meta name=\"twitter:data2\" content=\"6\u00a0Minuten\" \/>\n<script type=\"application\/ld+json\" class=\"yoast-schema-graph\">{\"@context\":\"https:\\\/\\\/schema.org\",\"@graph\":[{\"@type\":\"Article\",\"@id\":\"https:\\\/\\\/www.procarton.com\\\/industry-talent-spotlight-leonie-vetter-pioneering-sustainable-cartonboard-packaging-at-faller-packaging\\\/#article\",\"isPartOf\":{\"@id\":\"https:\\\/\\\/www.procarton.com\\\/industry-talent-spotlight-leonie-vetter-pioneering-sustainable-cartonboard-packaging-at-faller-packaging\\\/\"},\"author\":{\"name\":\"ryan@procarton.com\",\"@id\":\"https:\\\/\\\/www.procarton.com\\\/es\\\/#\\\/schema\\\/person\\\/8f52811f36555e3fbe8aa433fda4f5b5\"},\"headline\":\"Industry Talent Spotlight: Leonie Vetter, Pioneering Sustainable Cartonboard Packaging at Faller Packaging\",\"datePublished\":\"2023-12-05T10:38:46+00:00\",\"dateModified\":\"2023-12-13T10:59:00+00:00\",\"mainEntityOfPage\":{\"@id\":\"https:\\\/\\\/www.procarton.com\\\/industry-talent-spotlight-leonie-vetter-pioneering-sustainable-cartonboard-packaging-at-faller-packaging\\\/\"},\"wordCount\":1798,\"publisher\":{\"@id\":\"https:\\\/\\\/www.procarton.com\\\/es\\\/#organization\"},\"image\":{\"@id\":\"https:\\\/\\\/www.procarton.com\\\/industry-talent-spotlight-leonie-vetter-pioneering-sustainable-cartonboard-packaging-at-faller-packaging\\\/#primaryimage\"},\"thumbnailUrl\":\"https:\\\/\\\/www.procarton.com\\\/wp-content\\\/uploads\\\/2023\\\/12\\\/Leonie-headshot-scaled.jpg\",\"articleSection\":[\"Industry Talent\",\"Pro Carton\"],\"inLanguage\":\"de\"},{\"@type\":\"WebPage\",\"@id\":\"https:\\\/\\\/www.procarton.com\\\/industry-talent-spotlight-leonie-vetter-pioneering-sustainable-cartonboard-packaging-at-faller-packaging\\\/\",\"url\":\"https:\\\/\\\/www.procarton.com\\\/industry-talent-spotlight-leonie-vetter-pioneering-sustainable-cartonboard-packaging-at-faller-packaging\\\/\",\"name\":\"Industry Talent Spotlight: Leonie Vetter, Pioneering Sustainable Cartonboard Packaging at Faller Packaging - Pro Carton\",\"isPartOf\":{\"@id\":\"https:\\\/\\\/www.procarton.com\\\/es\\\/#website\"},\"primaryImageOfPage\":{\"@id\":\"https:\\\/\\\/www.procarton.com\\\/industry-talent-spotlight-leonie-vetter-pioneering-sustainable-cartonboard-packaging-at-faller-packaging\\\/#primaryimage\"},\"image\":{\"@id\":\"https:\\\/\\\/www.procarton.com\\\/industry-talent-spotlight-leonie-vetter-pioneering-sustainable-cartonboard-packaging-at-faller-packaging\\\/#primaryimage\"},\"thumbnailUrl\":\"https:\\\/\\\/www.procarton.com\\\/wp-content\\\/uploads\\\/2023\\\/12\\\/Leonie-headshot-scaled.jpg\",\"datePublished\":\"2023-12-05T10:38:46+00:00\",\"dateModified\":\"2023-12-13T10:59:00+00:00\",\"description\":\"This Pro Carton Industry Talent Spotlight focusses on Leonie Vetter who is pioneering sustainable Cartonboard Packaging at Faller Packaging\",\"breadcrumb\":{\"@id\":\"https:\\\/\\\/www.procarton.com\\\/industry-talent-spotlight-leonie-vetter-pioneering-sustainable-cartonboard-packaging-at-faller-packaging\\\/#breadcrumb\"},\"inLanguage\":\"de\",\"potentialAction\":[{\"@type\":\"ReadAction\",\"target\":[\"https:\\\/\\\/www.procarton.com\\\/industry-talent-spotlight-leonie-vetter-pioneering-sustainable-cartonboard-packaging-at-faller-packaging\\\/\"]}]},{\"@type\":\"ImageObject\",\"inLanguage\":\"de\",\"@id\":\"https:\\\/\\\/www.procarton.com\\\/industry-talent-spotlight-leonie-vetter-pioneering-sustainable-cartonboard-packaging-at-faller-packaging\\\/#primaryimage\",\"url\":\"https:\\\/\\\/www.procarton.com\\\/wp-content\\\/uploads\\\/2023\\\/12\\\/Leonie-headshot-scaled.jpg\",\"contentUrl\":\"https:\\\/\\\/www.procarton.com\\\/wp-content\\\/uploads\\\/2023\\\/12\\\/Leonie-headshot-scaled.jpg\",\"width\":2560,\"height\":1708,\"caption\":\"Faller Packaging - Employee Portraits\"},{\"@type\":\"BreadcrumbList\",\"@id\":\"https:\\\/\\\/www.procarton.com\\\/industry-talent-spotlight-leonie-vetter-pioneering-sustainable-cartonboard-packaging-at-faller-packaging\\\/#breadcrumb\",\"itemListElement\":[{\"@type\":\"ListItem\",\"position\":1,\"name\":\"Home\",\"item\":\"https:\\\/\\\/www.procarton.com\\\/\"},{\"@type\":\"ListItem\",\"position\":2,\"name\":\"Industry Talent Spotlight: Leonie Vetter, Pioneering Sustainable Cartonboard Packaging at Faller Packaging\"}]},{\"@type\":\"WebSite\",\"@id\":\"https:\\\/\\\/www.procarton.com\\\/es\\\/#website\",\"url\":\"https:\\\/\\\/www.procarton.com\\\/es\\\/\",\"name\":\"Pro Carton\",\"description\":\"\",\"publisher\":{\"@id\":\"https:\\\/\\\/www.procarton.com\\\/es\\\/#organization\"},\"potentialAction\":[{\"@type\":\"SearchAction\",\"target\":{\"@type\":\"EntryPoint\",\"urlTemplate\":\"https:\\\/\\\/www.procarton.com\\\/es\\\/?s={search_term_string}\"},\"query-input\":{\"@type\":\"PropertyValueSpecification\",\"valueRequired\":true,\"valueName\":\"search_term_string\"}}],\"inLanguage\":\"de\"},{\"@type\":\"Organization\",\"@id\":\"https:\\\/\\\/www.procarton.com\\\/es\\\/#organization\",\"name\":\"ProCarton\",\"url\":\"https:\\\/\\\/www.procarton.com\\\/es\\\/\",\"logo\":{\"@type\":\"ImageObject\",\"inLanguage\":\"de\",\"@id\":\"https:\\\/\\\/www.procarton.com\\\/es\\\/#\\\/schema\\\/logo\\\/image\\\/\",\"url\":\"https:\\\/\\\/www.procarton.com\\\/wp-content\\\/uploads\\\/2022\\\/06\\\/logo-mit-slogan.jpg\",\"contentUrl\":\"https:\\\/\\\/www.procarton.com\\\/wp-content\\\/uploads\\\/2022\\\/06\\\/logo-mit-slogan.jpg\",\"width\":422,\"height\":519,\"caption\":\"ProCarton\"},\"image\":{\"@id\":\"https:\\\/\\\/www.procarton.com\\\/es\\\/#\\\/schema\\\/logo\\\/image\\\/\"},\"sameAs\":[\"https:\\\/\\\/www.facebook.com\\\/procartondesignaward\\\/\",\"https:\\\/\\\/x.com\\\/pro_carton\"]},{\"@type\":\"Person\",\"@id\":\"https:\\\/\\\/www.procarton.com\\\/es\\\/#\\\/schema\\\/person\\\/8f52811f36555e3fbe8aa433fda4f5b5\",\"name\":\"ryan@procarton.com\",\"url\":\"https:\\\/\\\/www.procarton.com\\\/de\\\/author\\\/pro-carton-3\\\/\"}]}<\/script>\n<!-- \/ Yoast SEO plugin. -->","yoast_head_json":{"title":"Industrie-Talent im Rampenlicht: Leonie Vetter, Pionierin f\u00fcr nachhaltige Kartonverpackungen bei Faller Packaging - Pro Carton","description":"In diesem Pro Carton Industry Talent Spotlight geht es um Leonie Vetter, die bei Faller Packaging Pionierarbeit f\u00fcr nachhaltige Kartonverpackungen leistet.","robots":{"index":"index","follow":"follow","max-snippet":"max-snippet:-1","max-image-preview":"max-image-preview:large","max-video-preview":"max-video-preview:-1"},"canonical":"https:\/\/www.procarton.com\/de\/industry-talent-spotlight-leonie-vetter-pioneering-sustainable-cartonboard-packaging-at-faller-packaging\/","og_locale":"de_DE","og_type":"article","og_title":"Industry Talent Spotlight: Leonie Vetter, Pioneering Sustainable Cartonboard Packaging at Faller Packaging - Pro Carton","og_description":"This Pro Carton Industry Talent Spotlight focusses on Leonie Vetter who is pioneering sustainable Cartonboard Packaging at Faller Packaging","og_url":"https:\/\/www.procarton.com\/de\/industry-talent-spotlight-leonie-vetter-pioneering-sustainable-cartonboard-packaging-at-faller-packaging\/","og_site_name":"Pro Carton","article_publisher":"https:\/\/www.facebook.com\/procartondesignaward\/","article_published_time":"2023-12-05T10:38:46+00:00","article_modified_time":"2023-12-13T10:59:00+00:00","og_image":[{"width":2560,"height":1708,"url":"https:\/\/www.procarton.com\/wp-content\/uploads\/2023\/12\/Leonie-headshot-scaled.jpg","type":"image\/jpeg"}],"author":"ryan@procarton.com","twitter_card":"summary_large_image","twitter_creator":"@pro_carton","twitter_site":"@pro_carton","twitter_misc":{"Verfasst von":"ryan@procarton.com","Gesch\u00e4tzte Lesezeit":"6\u00a0Minuten"},"schema":{"@context":"https:\/\/schema.org","@graph":[{"@type":"Article","@id":"https:\/\/www.procarton.com\/industry-talent-spotlight-leonie-vetter-pioneering-sustainable-cartonboard-packaging-at-faller-packaging\/#article","isPartOf":{"@id":"https:\/\/www.procarton.com\/industry-talent-spotlight-leonie-vetter-pioneering-sustainable-cartonboard-packaging-at-faller-packaging\/"},"author":{"name":"ryan@procarton.com","@id":"https:\/\/www.procarton.com\/es\/#\/schema\/person\/8f52811f36555e3fbe8aa433fda4f5b5"},"headline":"Industry Talent Spotlight: Leonie Vetter, Pioneering Sustainable Cartonboard Packaging at Faller Packaging","datePublished":"2023-12-05T10:38:46+00:00","dateModified":"2023-12-13T10:59:00+00:00","mainEntityOfPage":{"@id":"https:\/\/www.procarton.com\/industry-talent-spotlight-leonie-vetter-pioneering-sustainable-cartonboard-packaging-at-faller-packaging\/"},"wordCount":1798,"publisher":{"@id":"https:\/\/www.procarton.com\/es\/#organization"},"image":{"@id":"https:\/\/www.procarton.com\/industry-talent-spotlight-leonie-vetter-pioneering-sustainable-cartonboard-packaging-at-faller-packaging\/#primaryimage"},"thumbnailUrl":"https:\/\/www.procarton.com\/wp-content\/uploads\/2023\/12\/Leonie-headshot-scaled.jpg","articleSection":["Industry Talent","Pro Carton"],"inLanguage":"de"},{"@type":"WebPage","@id":"https:\/\/www.procarton.com\/industry-talent-spotlight-leonie-vetter-pioneering-sustainable-cartonboard-packaging-at-faller-packaging\/","url":"https:\/\/www.procarton.com\/industry-talent-spotlight-leonie-vetter-pioneering-sustainable-cartonboard-packaging-at-faller-packaging\/","name":"Industrie-Talent im Rampenlicht: Leonie Vetter, Pionierin f\u00fcr nachhaltige Kartonverpackungen bei Faller Packaging - Pro Carton","isPartOf":{"@id":"https:\/\/www.procarton.com\/es\/#website"},"primaryImageOfPage":{"@id":"https:\/\/www.procarton.com\/industry-talent-spotlight-leonie-vetter-pioneering-sustainable-cartonboard-packaging-at-faller-packaging\/#primaryimage"},"image":{"@id":"https:\/\/www.procarton.com\/industry-talent-spotlight-leonie-vetter-pioneering-sustainable-cartonboard-packaging-at-faller-packaging\/#primaryimage"},"thumbnailUrl":"https:\/\/www.procarton.com\/wp-content\/uploads\/2023\/12\/Leonie-headshot-scaled.jpg","datePublished":"2023-12-05T10:38:46+00:00","dateModified":"2023-12-13T10:59:00+00:00","description":"In diesem Pro Carton Industry Talent Spotlight geht es um Leonie Vetter, die bei Faller Packaging Pionierarbeit f\u00fcr nachhaltige Kartonverpackungen leistet.","breadcrumb":{"@id":"https:\/\/www.procarton.com\/industry-talent-spotlight-leonie-vetter-pioneering-sustainable-cartonboard-packaging-at-faller-packaging\/#breadcrumb"},"inLanguage":"de","potentialAction":[{"@type":"ReadAction","target":["https:\/\/www.procarton.com\/industry-talent-spotlight-leonie-vetter-pioneering-sustainable-cartonboard-packaging-at-faller-packaging\/"]}]},{"@type":"ImageObject","inLanguage":"de","@id":"https:\/\/www.procarton.com\/industry-talent-spotlight-leonie-vetter-pioneering-sustainable-cartonboard-packaging-at-faller-packaging\/#primaryimage","url":"https:\/\/www.procarton.com\/wp-content\/uploads\/2023\/12\/Leonie-headshot-scaled.jpg","contentUrl":"https:\/\/www.procarton.com\/wp-content\/uploads\/2023\/12\/Leonie-headshot-scaled.jpg","width":2560,"height":1708,"caption":"Faller Packaging - Employee Portraits"},{"@type":"BreadcrumbList","@id":"https:\/\/www.procarton.com\/industry-talent-spotlight-leonie-vetter-pioneering-sustainable-cartonboard-packaging-at-faller-packaging\/#breadcrumb","itemListElement":[{"@type":"ListItem","position":1,"name":"Home","item":"https:\/\/www.procarton.com\/"},{"@type":"ListItem","position":2,"name":"Industry Talent Spotlight: Leonie Vetter, Pioneering Sustainable Cartonboard Packaging at Faller Packaging"}]},{"@type":"WebSite","@id":"https:\/\/www.procarton.com\/es\/#website","url":"https:\/\/www.procarton.com\/es\/","name":"Pro Carton","description":"","publisher":{"@id":"https:\/\/www.procarton.com\/es\/#organization"},"potentialAction":[{"@type":"SearchAction","target":{"@type":"EntryPoint","urlTemplate":"https:\/\/www.procarton.com\/es\/?s={search_term_string}"},"query-input":{"@type":"PropertyValueSpecification","valueRequired":true,"valueName":"search_term_string"}}],"inLanguage":"de"},{"@type":"Organization","@id":"https:\/\/www.procarton.com\/es\/#organization","name":"ProCarton","url":"https:\/\/www.procarton.com\/es\/","logo":{"@type":"ImageObject","inLanguage":"de","@id":"https:\/\/www.procarton.com\/es\/#\/schema\/logo\/image\/","url":"https:\/\/www.procarton.com\/wp-content\/uploads\/2022\/06\/logo-mit-slogan.jpg","contentUrl":"https:\/\/www.procarton.com\/wp-content\/uploads\/2022\/06\/logo-mit-slogan.jpg","width":422,"height":519,"caption":"ProCarton"},"image":{"@id":"https:\/\/www.procarton.com\/es\/#\/schema\/logo\/image\/"},"sameAs":["https:\/\/www.facebook.com\/procartondesignaward\/","https:\/\/x.com\/pro_carton"]},{"@type":"Person","@id":"https:\/\/www.procarton.com\/es\/#\/schema\/person\/8f52811f36555e3fbe8aa433fda4f5b5","name":"ryan@procarton.com","url":"https:\/\/www.procarton.com\/de\/author\/pro-carton-3\/"}]}},"_links":{"self":[{"href":"https:\/\/www.procarton.com\/de\/wp-json\/wp\/v2\/posts\/293430","targetHints":{"allow":["GET"]}}],"collection":[{"href":"https:\/\/www.procarton.com\/de\/wp-json\/wp\/v2\/posts"}],"about":[{"href":"https:\/\/www.procarton.com\/de\/wp-json\/wp\/v2\/types\/post"}],"author":[{"embeddable":true,"href":"https:\/\/www.procarton.com\/de\/wp-json\/wp\/v2\/users\/1286"}],"replies":[{"embeddable":true,"href":"https:\/\/www.procarton.com\/de\/wp-json\/wp\/v2\/comments?post=293430"}],"version-history":[{"count":6,"href":"https:\/\/www.procarton.com\/de\/wp-json\/wp\/v2\/posts\/293430\/revisions"}],"predecessor-version":[{"id":295113,"href":"https:\/\/www.procarton.com\/de\/wp-json\/wp\/v2\/posts\/293430\/revisions\/295113"}],"wp:featuredmedia":[{"embeddable":true,"href":"https:\/\/www.procarton.com\/de\/wp-json\/wp\/v2\/media\/293431"}],"wp:attachment":[{"href":"https:\/\/www.procarton.com\/de\/wp-json\/wp\/v2\/media?parent=293430"}],"wp:term":[{"taxonomy":"category","embeddable":true,"href":"https:\/\/www.procarton.com\/de\/wp-json\/wp\/v2\/categories?post=293430"},{"taxonomy":"post_tag","embeddable":true,"href":"https:\/\/www.procarton.com\/de\/wp-json\/wp\/v2\/tags?post=293430"}],"curies":[{"name":"wp","href":"https:\/\/api.w.org\/{rel}","templated":true}]}}