{"id":293216,"date":"2023-11-21T17:35:06","date_gmt":"2023-11-21T17:35:06","guid":{"rendered":"https:\/\/www.procarton.com\/?p=293216"},"modified":"2023-11-24T17:56:49","modified_gmt":"2023-11-24T17:56:49","slug":"4evergreen-alliance-moves-from-guidance-to-action-at-annual-conference-the-pathway-to-circularity","status":"publish","type":"post","link":"https:\/\/www.procarton.com\/de\/4evergreen-alliance-moves-from-guidance-to-action-at-annual-conference-the-pathway-to-circularity\/","title":{"rendered":"Die 4evergreen-Allianz geht auf der Jahreskonferenz von der Beratung zum Handeln \u00fcber: \"Der Weg zur Kreislaufwirtschaft\""},"content":{"rendered":"<div class=\"av-animated-generic top-to-bottom flex_column av_one_full  flex_column_div av-zero-column-padding first  avia-builder-el-0  el_before_av_one_full  avia-builder-el-first\" style='border-radius:0px; '>\n<section class=\"av_textblock_section\"  itemscope=\"itemscope\" itemtype=\"https:\/\/schema.org\/BlogPosting\" itemprop=\"blogPost\" >\n<div class='avia_textblock'   itemprop=\"text\" >\n<h4><em><strong>Br\u00fcssel, 21. November 2023:<\/strong><\/em><em> Mehr als 150 Personen kamen in Br\u00fcssel und online zusammen, um das dreij\u00e4hrige Bestehen von 4evergreen auf einer Konferenz zu feiern, auf der die bisherigen Errungenschaften der Allianz gew\u00fcrdigt wurden und untersucht wurde, wie die Industrie die 4evergreen-Toolbox f\u00fcr Kreislaufwirtschaft optimal nutzen kann.<\/em><\/h4>\n<\/div>\n<\/section>\n<\/div>\n<div class=\"av-animated-generic top-to-bottom flex_column av_one_full  flex_column_div av-zero-column-padding first  avia-builder-el-2  el_after_av_one_full  el_before_av_one_full  column-top-margin\" style='border-radius:0px; '>\n<section class=\"av_textblock_section\"  itemscope=\"itemscope\" itemtype=\"https:\/\/schema.org\/BlogPosting\" itemprop=\"blogPost\" >\n<div class='avia_textblock'   itemprop=\"text\" >\n<p>\"Nach drei Jahren intensiver Arbeit haben wir ein <a href=\"https:\/\/u7061146.ct.sendgrid.net\/ls\/click?upn=4tNED-2FM8iDZJQyQ53jATUSH9zzUzOV92tRaLYe0wSVMMxBOS68i7M6tau1i9t8MQ9imGzmi0Tn9rUGRBbrkJsQ-3D-3Dczji_bNxJTe9T90Yb6pAY54Q-2BuQ9qi8Svu-2Fha7Bp2y8oz3t5qbSISYRzOC7Ny76iVRTBkXy6cJ1P-2BsWN1X-2Fuzf3V3vYYcCvsSNKTG1y-2FartqKzg9nbjQ36ZJTnUYspYvsCkJcw9dCWpp97blDZjdJyrPmiomu6b4XGmHzWmazBETUP2QnbOhRe5aEXuZFsPfFhZKHg00kxJ7nPWu6fTZ73lUebRn1WFboGfIgzvWHE6ac8GfIVFPiEKwXNjMP5mV7M7xHLZDNIe258p9iizTkcPFGgrdIkVPas83cbpvclMiDkgEn5KQ1r8mznkapTuYuoZPmRYtxwGtix2aX31NSBa7T0Q-3D-3D\" target=\"_blank\" rel=\"noopener\">Reihe von Ressourcen<\/a> die f\u00fcr alle offen ist\", sagte <strong>Hans Wortman, 4evergreen-Vorsitzender<\/strong>. \"Jetzt sind die Unternehmen, Partner und Beh\u00f6rden am Zug, sie zu nutzen und den Weg in die gr\u00fcne Zukunft Europas weiter zu ebnen.<\/p>\n<p>Da in derselben Woche im Europ\u00e4ischen Parlament \u00fcber die Verordnung \u00fcber Verpackungen und Verpackungsabf\u00e4lle (PPWR) abgestimmt wurde, war ein H\u00f6hepunkt der Konferenz ein politisches Panel, das sich mit der Frage besch\u00e4ftigte, wie faserhaltige Verpackungen in der neuen politischen Landschaft weiterhin eine f\u00fchrende Rolle bei Nachhaltigkeit und Kreislaufwirtschaft spielen k\u00f6nnen.<\/p>\n<p>\"Wir sind optimistisch, dass wir nach der Verabschiedung des Vorschlags f\u00fcr die Verordnung \u00fcber Verpackungen und Verpackungsabf\u00e4lle (PPWR) diese gemeinsam zum Erfolg f\u00fchren k\u00f6nnen.  Wir sind uns bewusst, dass wir nicht \u00fcber alle L\u00f6sungen verf\u00fcgen, und verpflichten uns, mit der Industrie und den Umweltorganisationen im Gespr\u00e4ch zu bleiben.  Gemeinsam wollen wir wirtschaftlich effiziente L\u00f6sungen finden, die mit den Nachhaltigkeitserwartungen der Verbraucher \u00fcbereinstimmen\", sagte Aurel Ciobanu Dordea, Direktor der Generaldirektion Umwelt und Kreislaufwirtschaft der Europ\u00e4ischen Kommission.<\/p>\n<p>In Anbetracht der steigenden Nachfrage nach nachhaltigen Verpackungen hat Sarah Price, <strong>4evergreen Co-Vorsitzende, Michelle Gibbons<\/strong>Generaldirektor des Europ\u00e4ischen Markenverbandes (AIM), <strong>Arnas Liauksminas<\/strong>Attach\u00e9 f\u00fcr Umwelt, St\u00e4ndige Vertretung Litauens bei der EU, und Tahmid Chowdhury, Programmmanager am Cambridge Institute for Sustainability Leadership (CISL), er\u00f6rterten die Herausforderungen und Chancen f\u00fcr den Sektor. In den Gespr\u00e4chen wurde die Notwendigkeit einer verst\u00e4rkten Zusammenarbeit der Interessengruppen entlang der gesamten Wertsch\u00f6pfungskette hervorgehoben, um den Wandel voranzutreiben. Sie betonten auch die Schl\u00fcsselrolle der Verbraucher in diesem Prozess und die Herausforderung, einen systemischen Ansatz f\u00fcr die Kreislaufwirtschaft zu w\u00e4hlen und die Komplexit\u00e4t der Gesetzgebung zu bew\u00e4ltigen.<\/p>\n<p><strong>Eine Reise zur Aufrechterhaltung hoher zirkul\u00e4rer Ambitionen <\/strong><\/p>\n<p>In den letzten drei Jahren hat 4evergreen an der Ver\u00f6ffentlichung seiner drei wichtigsten Ergebnisse f\u00fcr die Nachhaltigkeit von Verpackungen aus Fasern gearbeitet: das Recyclability Evaluation Protocol, die Circularity by Design Guideline und die Guidance on Improved Collection and Sorting. Auf der Konferenz zeigten 4evergreen-Experten, wie Unternehmen die Instrumente nutzen k\u00f6nnen, um die Recyclingergebnisse zu verbessern.<\/p>\n<p>Die Schaffung einer leicht zug\u00e4nglichen Toolbox ist von zentraler Bedeutung f\u00fcr das Ziel von 4evergreen, bis zum Jahr 2030 eine Recyclingquote von 90% f\u00fcr faserhaltige Verpackungen zu erreichen. <strong>Susanne Haase, Programmdirektorin von 4evergreen<\/strong>und die Vertreterinnen Regina Knoll (WestRock), Maria Holopainen (Stora Enso) und Gabriella Tomolillo (Tetra Pak) erinnerten an den Weg, den das B\u00fcndnis seit seinen Anf\u00e4ngen im Jahr 2020 zur\u00fcckgelegt hat, um dieses Ziel zu erreichen und auf die Fertigstellung der Toolbox hinzuarbeiten.<\/p>\n<p><strong>Aus bew\u00e4hrten Praktiken des Kreislaufsystems sch\u00f6pfen<\/strong><\/p>\n<p>Ausgehend von den Ma\u00dfnahmen der Wertsch\u00f6pfungskette und der Marken wurde auf der Konferenz aufgezeigt, wie die Branche weiterhin auf ein wettbewerbsf\u00e4higes und nachhaltiges Europa hinarbeiten kann, indem sie Leitlinien und bew\u00e4hrte Verfahren in die Tat umsetzt.<\/p>\n<p>Dies ist die \u00dcberzeugung von 4evergreen, und um zu zeigen, wie das Toolkit der Allianz einen umsetzbaren Wandel erm\u00f6glicht, pr\u00e4sentierten die Mitgliedsunternehmen ihre \"Circularity Success Stories\".<\/p>\n<p>F\u00fcnf Projekte wurden vorgestellt:<\/p>\n<ol>\n<li>Herausforderungen bei der Wiederverwertbarkeit: Aquapak Entwicklung wiederverwertbarer und biologisch verdaulicher Barrierebeschichtungen f\u00fcr funktionelle Verpackungen auf Faserbasis<\/li>\n<li>Design f\u00fcr die Kreislaufwirtschaft: SIG, SIG Terra alufreie Vollbarriere<\/li>\n<li>Verbessern Sie das Sammeln und Sortieren: Huhtamaki, Seda, Stora Enso, McDonalds - Das Becherkollektiv<\/li>\n<li>Bew\u00e4hrte Praktiken der Kreislaufwirtschaft: Elopak - Tetra Pak - SIG - Palurec PolyAl-Recyclinganlage<\/li>\n<li>Wegweisendes Investitionsprojekt zur Erreichung unserer Hauptziele: DS Smith, Faser- und Papierentwicklungslabor, oder \"Fibre Lab\".<\/li>\n<\/ol>\n<p>Eine Sonderver\u00f6ffentlichung, die \"<a href=\"https:\/\/u7061146.ct.sendgrid.net\/ls\/click?upn=4tNED-2FM8iDZJQyQ53jATUSH9zzUzOV92tRaLYe0wSVMA8pQBSJsL7C17MwuU7BRHSD91qUGw9kJxXHNoQRHc6WTwEcK6FENtyRQORJGIEc4Lvx8qjaxA3FBSU-2FgqhirgRN_u_bNxJTe9T90Yb6pAY54Q-2BuQ9qi8Svu-2Fha7Bp2y8oz3t5qbSISYRzOC7Ny76iVRTBkXy6cJ1P-2BsWN1X-2Fuzf3V3vYYcCvsSNKTG1y-2FartqKzg9nbjQ36ZJTnUYspYvsCkJcw9dCWpp97blDZjdJyrPmiomu6b4XGmHzWmazBETUP2QnbOhRe5aEXuZFsPfFhZKHndwbN-2BJKlq82gf3doVfZVNz7xPmWt9o9vqewsFTcwPSDUvvSc-2FegMsm9UBjPW2BYsB0TPOIasw6sclIPsXxE2g7TZRkbZfoHzYLuUCctN-2Bx5tForD2IUJEMMSNfy-2FK3M7q2JjkYwNjBUwX5INL-2FILA-3D-3D\" target=\"_blank\" rel=\"noopener\">Bericht zum 3. Jahrestag\",<\/a> wurde mit Links zu allen 22 Rundschreiben der Mitglieder gestartet.<\/p>\n<p>Den ganzen Tag \u00fcber hatten die Teilnehmer Gelegenheit, den Bericht zu lesen und beim Mittagessen und einem abschlie\u00dfenden Networking-Cocktail Kontakte zu kn\u00fcpfen und m\u00f6gliche Kooperationen zu diskutieren. Die Veranstaltung bot eine wertvolle Plattform f\u00fcr die direkte Interaktion mit politischen Entscheidungstr\u00e4gern und f\u00fcr gemeinsame Anstrengungen zum Aufbau einer st\u00e4rker kreislauforientierten Gesellschaft.<\/p>\n<\/div>\n<\/section>\n<\/div>\n<div class=\"av-animated-generic top-to-bottom flex_column av_one_full  flex_column_div av-zero-column-padding first  avia-builder-el-4  el_after_av_one_full  avia-builder-el-last  column-top-margin\" style='border-radius:0px; '>\n<section class=\"av_textblock_section\"  itemscope=\"itemscope\" itemtype=\"https:\/\/schema.org\/BlogPosting\" itemprop=\"blogPost\" >\n<div class='avia_textblock'   itemprop=\"text\" >\n<h3><a href=\"https:\/\/www.procarton.com\/activities\/4evergreen\/\" target=\"_blank\" rel=\"noopener\"><strong>Weitere Informationen \u00fcber 4evergreen:<\/strong><\/a><\/h3>\n<\/div>\n<\/section>\n<div  class='avia-image-container  av-styling-    avia-builder-el-6  el_after_av_textblock  avia-builder-el-last  avia-align-center'  itemprop=\"image\" itemscope=\"itemscope\" itemtype=\"https:\/\/schema.org\/ImageObject\"  >\n<div class='avia-image-container-inner'>\n<div class='avia-image-overlay-wrap'><a href=\"https:\/\/www.procarton.com\/activities\/4evergreen\/\" class='avia_image' target=\"_blank\" rel=\"noopener noreferrer\"><img decoding=\"async\" width=\"1042\" height=\"417\" class='wp-image-281868 avia-img-lazy-loading-not-281868 avia_image' src=\"https:\/\/www.procarton.com\/wp-content\/uploads\/2022\/09\/4Evergreen-2022-logo.png\" alt='' title='4Evergreen 2022 Logo'  itemprop=\"thumbnailUrl\" srcset=\"https:\/\/www.procarton.com\/wp-content\/uploads\/2022\/09\/4Evergreen-2022-logo.png 1042w, https:\/\/www.procarton.com\/wp-content\/uploads\/2022\/09\/4Evergreen-2022-logo-300x120.png 300w, https:\/\/www.procarton.com\/wp-content\/uploads\/2022\/09\/4Evergreen-2022-logo-1030x412.png 1030w, https:\/\/www.procarton.com\/wp-content\/uploads\/2022\/09\/4Evergreen-2022-logo-768x307.png 768w, https:\/\/www.procarton.com\/wp-content\/uploads\/2022\/09\/4Evergreen-2022-logo-18x7.png 18w, https:\/\/www.procarton.com\/wp-content\/uploads\/2022\/09\/4Evergreen-2022-logo-705x282.png 705w\" sizes=\"(max-width: 1042px) 100vw, 1042px\" \/><\/a><\/div>\n<\/div>\n<\/div>\n<\/div>","protected":false},"excerpt":{"rendered":"<p>Mehr als 150 Personen kamen in Br\u00fcssel und online zusammen, um das dreij\u00e4hrige Bestehen von 4evergreen auf einer Konferenz zu feiern, auf der die bisherigen Erfolge des B\u00fcndnisses gew\u00fcrdigt wurden.<\/p>","protected":false},"author":1286,"featured_media":282976,"comment_status":"closed","ping_status":"open","sticky":false,"template":"","format":"standard","meta":{"inline_featured_image":false,"footnotes":""},"categories":[270,79,242],"tags":[],"class_list":["post-293216","post","type-post","status-publish","format-standard","has-post-thumbnail","hentry","category-4evergreen","category-brands-markets","category-procarton"],"yoast_head":"<!-- This site is optimized with the Yoast SEO plugin v27.5 - https:\/\/yoast.com\/product\/yoast-seo-wordpress\/ -->\n<title>4evergreen alliance moves from guidance to action at Annual Conference: \u201cThe Pathway to Circularity\u201d - Pro Carton<\/title>\n<meta name=\"description\" content=\"More than 150\u00a0people joined in Brussels and online to celebrate the 3-year anniversary of 4evergreen at a conference recognising the alliance\u2019s achievements so far.\" \/>\n<meta name=\"robots\" content=\"index, follow, max-snippet:-1, max-image-preview:large, max-video-preview:-1\" \/>\n<link rel=\"canonical\" href=\"https:\/\/www.procarton.com\/de\/4evergreen-alliance-moves-from-guidance-to-action-at-annual-conference-the-pathway-to-circularity\/\" \/>\n<meta property=\"og:locale\" content=\"de_DE\" \/>\n<meta property=\"og:type\" content=\"article\" \/>\n<meta property=\"og:title\" content=\"4evergreen alliance moves from guidance to action at Annual Conference: \u201cThe Pathway to Circularity\u201d - Pro Carton\" \/>\n<meta property=\"og:description\" content=\"More than 150\u00a0people joined in Brussels and online to celebrate the 3-year anniversary of 4evergreen at a conference recognising the alliance\u2019s achievements so far.\" \/>\n<meta property=\"og:url\" content=\"https:\/\/www.procarton.com\/de\/4evergreen-alliance-moves-from-guidance-to-action-at-annual-conference-the-pathway-to-circularity\/\" \/>\n<meta property=\"og:site_name\" content=\"Pro Carton\" \/>\n<meta property=\"article:publisher\" content=\"https:\/\/www.facebook.com\/procartondesignaward\/\" \/>\n<meta property=\"article:published_time\" content=\"2023-11-21T17:35:06+00:00\" \/>\n<meta property=\"article:modified_time\" content=\"2023-11-24T17:56:49+00:00\" \/>\n<meta property=\"og:image\" content=\"https:\/\/www.procarton.com\/wp-content\/uploads\/2022\/11\/4evergreen.png\" \/>\n\t<meta property=\"og:image:width\" content=\"1284\" \/>\n\t<meta property=\"og:image:height\" content=\"588\" \/>\n\t<meta property=\"og:image:type\" content=\"image\/png\" \/>\n<meta name=\"author\" content=\"ryan@procarton.com\" \/>\n<meta name=\"twitter:card\" content=\"summary_large_image\" \/>\n<meta name=\"twitter:creator\" content=\"@pro_carton\" \/>\n<meta name=\"twitter:site\" content=\"@pro_carton\" \/>\n<meta name=\"twitter:label1\" content=\"Verfasst von\" \/>\n\t<meta name=\"twitter:data1\" content=\"ryan@procarton.com\" \/>\n\t<meta name=\"twitter:label2\" content=\"Gesch\u00e4tzte Lesezeit\" \/>\n\t<meta name=\"twitter:data2\" content=\"4\u00a0Minuten\" \/>\n<script type=\"application\/ld+json\" class=\"yoast-schema-graph\">{\"@context\":\"https:\\\/\\\/schema.org\",\"@graph\":[{\"@type\":\"Article\",\"@id\":\"https:\\\/\\\/www.procarton.com\\\/4evergreen-alliance-moves-from-guidance-to-action-at-annual-conference-the-pathway-to-circularity\\\/#article\",\"isPartOf\":{\"@id\":\"https:\\\/\\\/www.procarton.com\\\/4evergreen-alliance-moves-from-guidance-to-action-at-annual-conference-the-pathway-to-circularity\\\/\"},\"author\":{\"name\":\"ryan@procarton.com\",\"@id\":\"https:\\\/\\\/www.procarton.com\\\/es\\\/#\\\/schema\\\/person\\\/8f52811f36555e3fbe8aa433fda4f5b5\"},\"headline\":\"4evergreen alliance moves from guidance to action at Annual Conference: \u201cThe Pathway to Circularity\u201d\",\"datePublished\":\"2023-11-21T17:35:06+00:00\",\"dateModified\":\"2023-11-24T17:56:49+00:00\",\"mainEntityOfPage\":{\"@id\":\"https:\\\/\\\/www.procarton.com\\\/4evergreen-alliance-moves-from-guidance-to-action-at-annual-conference-the-pathway-to-circularity\\\/\"},\"wordCount\":1231,\"publisher\":{\"@id\":\"https:\\\/\\\/www.procarton.com\\\/es\\\/#organization\"},\"image\":{\"@id\":\"https:\\\/\\\/www.procarton.com\\\/4evergreen-alliance-moves-from-guidance-to-action-at-annual-conference-the-pathway-to-circularity\\\/#primaryimage\"},\"thumbnailUrl\":\"https:\\\/\\\/www.procarton.com\\\/wp-content\\\/uploads\\\/2022\\\/11\\\/4evergreen.png\",\"articleSection\":[\"4evergreen\",\"Brands &amp; Markets\",\"Pro Carton\"],\"inLanguage\":\"de\"},{\"@type\":\"WebPage\",\"@id\":\"https:\\\/\\\/www.procarton.com\\\/4evergreen-alliance-moves-from-guidance-to-action-at-annual-conference-the-pathway-to-circularity\\\/\",\"url\":\"https:\\\/\\\/www.procarton.com\\\/4evergreen-alliance-moves-from-guidance-to-action-at-annual-conference-the-pathway-to-circularity\\\/\",\"name\":\"4evergreen alliance moves from guidance to action at Annual Conference: \u201cThe Pathway to Circularity\u201d - Pro Carton\",\"isPartOf\":{\"@id\":\"https:\\\/\\\/www.procarton.com\\\/es\\\/#website\"},\"primaryImageOfPage\":{\"@id\":\"https:\\\/\\\/www.procarton.com\\\/4evergreen-alliance-moves-from-guidance-to-action-at-annual-conference-the-pathway-to-circularity\\\/#primaryimage\"},\"image\":{\"@id\":\"https:\\\/\\\/www.procarton.com\\\/4evergreen-alliance-moves-from-guidance-to-action-at-annual-conference-the-pathway-to-circularity\\\/#primaryimage\"},\"thumbnailUrl\":\"https:\\\/\\\/www.procarton.com\\\/wp-content\\\/uploads\\\/2022\\\/11\\\/4evergreen.png\",\"datePublished\":\"2023-11-21T17:35:06+00:00\",\"dateModified\":\"2023-11-24T17:56:49+00:00\",\"description\":\"More than 150\u00a0people joined in Brussels and online to celebrate the 3-year anniversary of 4evergreen at a conference recognising the alliance\u2019s achievements so far.\",\"breadcrumb\":{\"@id\":\"https:\\\/\\\/www.procarton.com\\\/4evergreen-alliance-moves-from-guidance-to-action-at-annual-conference-the-pathway-to-circularity\\\/#breadcrumb\"},\"inLanguage\":\"de\",\"potentialAction\":[{\"@type\":\"ReadAction\",\"target\":[\"https:\\\/\\\/www.procarton.com\\\/4evergreen-alliance-moves-from-guidance-to-action-at-annual-conference-the-pathway-to-circularity\\\/\"]}]},{\"@type\":\"ImageObject\",\"inLanguage\":\"de\",\"@id\":\"https:\\\/\\\/www.procarton.com\\\/4evergreen-alliance-moves-from-guidance-to-action-at-annual-conference-the-pathway-to-circularity\\\/#primaryimage\",\"url\":\"https:\\\/\\\/www.procarton.com\\\/wp-content\\\/uploads\\\/2022\\\/11\\\/4evergreen.png\",\"contentUrl\":\"https:\\\/\\\/www.procarton.com\\\/wp-content\\\/uploads\\\/2022\\\/11\\\/4evergreen.png\",\"width\":1284,\"height\":588},{\"@type\":\"BreadcrumbList\",\"@id\":\"https:\\\/\\\/www.procarton.com\\\/4evergreen-alliance-moves-from-guidance-to-action-at-annual-conference-the-pathway-to-circularity\\\/#breadcrumb\",\"itemListElement\":[{\"@type\":\"ListItem\",\"position\":1,\"name\":\"Home\",\"item\":\"https:\\\/\\\/www.procarton.com\\\/\"},{\"@type\":\"ListItem\",\"position\":2,\"name\":\"4evergreen alliance moves from guidance to action at Annual Conference: \u201cThe Pathway to Circularity\u201d\"}]},{\"@type\":\"WebSite\",\"@id\":\"https:\\\/\\\/www.procarton.com\\\/es\\\/#website\",\"url\":\"https:\\\/\\\/www.procarton.com\\\/es\\\/\",\"name\":\"Pro Carton\",\"description\":\"\",\"publisher\":{\"@id\":\"https:\\\/\\\/www.procarton.com\\\/es\\\/#organization\"},\"potentialAction\":[{\"@type\":\"SearchAction\",\"target\":{\"@type\":\"EntryPoint\",\"urlTemplate\":\"https:\\\/\\\/www.procarton.com\\\/es\\\/?s={search_term_string}\"},\"query-input\":{\"@type\":\"PropertyValueSpecification\",\"valueRequired\":true,\"valueName\":\"search_term_string\"}}],\"inLanguage\":\"de\"},{\"@type\":\"Organization\",\"@id\":\"https:\\\/\\\/www.procarton.com\\\/es\\\/#organization\",\"name\":\"ProCarton\",\"url\":\"https:\\\/\\\/www.procarton.com\\\/es\\\/\",\"logo\":{\"@type\":\"ImageObject\",\"inLanguage\":\"de\",\"@id\":\"https:\\\/\\\/www.procarton.com\\\/es\\\/#\\\/schema\\\/logo\\\/image\\\/\",\"url\":\"https:\\\/\\\/www.procarton.com\\\/wp-content\\\/uploads\\\/2022\\\/06\\\/logo-mit-slogan.jpg\",\"contentUrl\":\"https:\\\/\\\/www.procarton.com\\\/wp-content\\\/uploads\\\/2022\\\/06\\\/logo-mit-slogan.jpg\",\"width\":422,\"height\":519,\"caption\":\"ProCarton\"},\"image\":{\"@id\":\"https:\\\/\\\/www.procarton.com\\\/es\\\/#\\\/schema\\\/logo\\\/image\\\/\"},\"sameAs\":[\"https:\\\/\\\/www.facebook.com\\\/procartondesignaward\\\/\",\"https:\\\/\\\/x.com\\\/pro_carton\"]},{\"@type\":\"Person\",\"@id\":\"https:\\\/\\\/www.procarton.com\\\/es\\\/#\\\/schema\\\/person\\\/8f52811f36555e3fbe8aa433fda4f5b5\",\"name\":\"ryan@procarton.com\",\"url\":\"https:\\\/\\\/www.procarton.com\\\/de\\\/author\\\/pro-carton-3\\\/\"}]}<\/script>\n<!-- \/ Yoast SEO plugin. -->","yoast_head_json":{"title":"Die 4evergreen-Allianz geht auf der Jahreskonferenz von der Beratung zum Handeln \u00fcber: \"Der Weg zur Kreislaufwirtschaft\" - Pro Carton","description":"Mehr als 150 Personen kamen in Br\u00fcssel und online zusammen, um das dreij\u00e4hrige Bestehen von 4evergreen auf einer Konferenz zu feiern, auf der die bisherigen Erfolge des B\u00fcndnisses gew\u00fcrdigt wurden.","robots":{"index":"index","follow":"follow","max-snippet":"max-snippet:-1","max-image-preview":"max-image-preview:large","max-video-preview":"max-video-preview:-1"},"canonical":"https:\/\/www.procarton.com\/de\/4evergreen-alliance-moves-from-guidance-to-action-at-annual-conference-the-pathway-to-circularity\/","og_locale":"de_DE","og_type":"article","og_title":"4evergreen alliance moves from guidance to action at Annual Conference: \u201cThe Pathway to Circularity\u201d - Pro Carton","og_description":"More than 150\u00a0people joined in Brussels and online to celebrate the 3-year anniversary of 4evergreen at a conference recognising the alliance\u2019s achievements so far.","og_url":"https:\/\/www.procarton.com\/de\/4evergreen-alliance-moves-from-guidance-to-action-at-annual-conference-the-pathway-to-circularity\/","og_site_name":"Pro Carton","article_publisher":"https:\/\/www.facebook.com\/procartondesignaward\/","article_published_time":"2023-11-21T17:35:06+00:00","article_modified_time":"2023-11-24T17:56:49+00:00","og_image":[{"width":1284,"height":588,"url":"https:\/\/www.procarton.com\/wp-content\/uploads\/2022\/11\/4evergreen.png","type":"image\/png"}],"author":"ryan@procarton.com","twitter_card":"summary_large_image","twitter_creator":"@pro_carton","twitter_site":"@pro_carton","twitter_misc":{"Verfasst von":"ryan@procarton.com","Gesch\u00e4tzte Lesezeit":"4\u00a0Minuten"},"schema":{"@context":"https:\/\/schema.org","@graph":[{"@type":"Article","@id":"https:\/\/www.procarton.com\/4evergreen-alliance-moves-from-guidance-to-action-at-annual-conference-the-pathway-to-circularity\/#article","isPartOf":{"@id":"https:\/\/www.procarton.com\/4evergreen-alliance-moves-from-guidance-to-action-at-annual-conference-the-pathway-to-circularity\/"},"author":{"name":"ryan@procarton.com","@id":"https:\/\/www.procarton.com\/es\/#\/schema\/person\/8f52811f36555e3fbe8aa433fda4f5b5"},"headline":"4evergreen alliance moves from guidance to action at Annual Conference: \u201cThe Pathway to Circularity\u201d","datePublished":"2023-11-21T17:35:06+00:00","dateModified":"2023-11-24T17:56:49+00:00","mainEntityOfPage":{"@id":"https:\/\/www.procarton.com\/4evergreen-alliance-moves-from-guidance-to-action-at-annual-conference-the-pathway-to-circularity\/"},"wordCount":1231,"publisher":{"@id":"https:\/\/www.procarton.com\/es\/#organization"},"image":{"@id":"https:\/\/www.procarton.com\/4evergreen-alliance-moves-from-guidance-to-action-at-annual-conference-the-pathway-to-circularity\/#primaryimage"},"thumbnailUrl":"https:\/\/www.procarton.com\/wp-content\/uploads\/2022\/11\/4evergreen.png","articleSection":["4evergreen","Brands &amp; Markets","Pro Carton"],"inLanguage":"de"},{"@type":"WebPage","@id":"https:\/\/www.procarton.com\/4evergreen-alliance-moves-from-guidance-to-action-at-annual-conference-the-pathway-to-circularity\/","url":"https:\/\/www.procarton.com\/4evergreen-alliance-moves-from-guidance-to-action-at-annual-conference-the-pathway-to-circularity\/","name":"Die 4evergreen-Allianz geht auf der Jahreskonferenz von der Beratung zum Handeln \u00fcber: \"Der Weg zur Kreislaufwirtschaft\" - Pro Carton","isPartOf":{"@id":"https:\/\/www.procarton.com\/es\/#website"},"primaryImageOfPage":{"@id":"https:\/\/www.procarton.com\/4evergreen-alliance-moves-from-guidance-to-action-at-annual-conference-the-pathway-to-circularity\/#primaryimage"},"image":{"@id":"https:\/\/www.procarton.com\/4evergreen-alliance-moves-from-guidance-to-action-at-annual-conference-the-pathway-to-circularity\/#primaryimage"},"thumbnailUrl":"https:\/\/www.procarton.com\/wp-content\/uploads\/2022\/11\/4evergreen.png","datePublished":"2023-11-21T17:35:06+00:00","dateModified":"2023-11-24T17:56:49+00:00","description":"Mehr als 150 Personen kamen in Br\u00fcssel und online zusammen, um das dreij\u00e4hrige Bestehen von 4evergreen auf einer Konferenz zu feiern, auf der die bisherigen Erfolge des B\u00fcndnisses gew\u00fcrdigt wurden.","breadcrumb":{"@id":"https:\/\/www.procarton.com\/4evergreen-alliance-moves-from-guidance-to-action-at-annual-conference-the-pathway-to-circularity\/#breadcrumb"},"inLanguage":"de","potentialAction":[{"@type":"ReadAction","target":["https:\/\/www.procarton.com\/4evergreen-alliance-moves-from-guidance-to-action-at-annual-conference-the-pathway-to-circularity\/"]}]},{"@type":"ImageObject","inLanguage":"de","@id":"https:\/\/www.procarton.com\/4evergreen-alliance-moves-from-guidance-to-action-at-annual-conference-the-pathway-to-circularity\/#primaryimage","url":"https:\/\/www.procarton.com\/wp-content\/uploads\/2022\/11\/4evergreen.png","contentUrl":"https:\/\/www.procarton.com\/wp-content\/uploads\/2022\/11\/4evergreen.png","width":1284,"height":588},{"@type":"BreadcrumbList","@id":"https:\/\/www.procarton.com\/4evergreen-alliance-moves-from-guidance-to-action-at-annual-conference-the-pathway-to-circularity\/#breadcrumb","itemListElement":[{"@type":"ListItem","position":1,"name":"Home","item":"https:\/\/www.procarton.com\/"},{"@type":"ListItem","position":2,"name":"4evergreen alliance moves from guidance to action at Annual Conference: \u201cThe Pathway to Circularity\u201d"}]},{"@type":"WebSite","@id":"https:\/\/www.procarton.com\/es\/#website","url":"https:\/\/www.procarton.com\/es\/","name":"Pro Carton","description":"","publisher":{"@id":"https:\/\/www.procarton.com\/es\/#organization"},"potentialAction":[{"@type":"SearchAction","target":{"@type":"EntryPoint","urlTemplate":"https:\/\/www.procarton.com\/es\/?s={search_term_string}"},"query-input":{"@type":"PropertyValueSpecification","valueRequired":true,"valueName":"search_term_string"}}],"inLanguage":"de"},{"@type":"Organization","@id":"https:\/\/www.procarton.com\/es\/#organization","name":"ProCarton","url":"https:\/\/www.procarton.com\/es\/","logo":{"@type":"ImageObject","inLanguage":"de","@id":"https:\/\/www.procarton.com\/es\/#\/schema\/logo\/image\/","url":"https:\/\/www.procarton.com\/wp-content\/uploads\/2022\/06\/logo-mit-slogan.jpg","contentUrl":"https:\/\/www.procarton.com\/wp-content\/uploads\/2022\/06\/logo-mit-slogan.jpg","width":422,"height":519,"caption":"ProCarton"},"image":{"@id":"https:\/\/www.procarton.com\/es\/#\/schema\/logo\/image\/"},"sameAs":["https:\/\/www.facebook.com\/procartondesignaward\/","https:\/\/x.com\/pro_carton"]},{"@type":"Person","@id":"https:\/\/www.procarton.com\/es\/#\/schema\/person\/8f52811f36555e3fbe8aa433fda4f5b5","name":"ryan@procarton.com","url":"https:\/\/www.procarton.com\/de\/author\/pro-carton-3\/"}]}},"_links":{"self":[{"href":"https:\/\/www.procarton.com\/de\/wp-json\/wp\/v2\/posts\/293216","targetHints":{"allow":["GET"]}}],"collection":[{"href":"https:\/\/www.procarton.com\/de\/wp-json\/wp\/v2\/posts"}],"about":[{"href":"https:\/\/www.procarton.com\/de\/wp-json\/wp\/v2\/types\/post"}],"author":[{"embeddable":true,"href":"https:\/\/www.procarton.com\/de\/wp-json\/wp\/v2\/users\/1286"}],"replies":[{"embeddable":true,"href":"https:\/\/www.procarton.com\/de\/wp-json\/wp\/v2\/comments?post=293216"}],"version-history":[{"count":4,"href":"https:\/\/www.procarton.com\/de\/wp-json\/wp\/v2\/posts\/293216\/revisions"}],"predecessor-version":[{"id":293405,"href":"https:\/\/www.procarton.com\/de\/wp-json\/wp\/v2\/posts\/293216\/revisions\/293405"}],"wp:featuredmedia":[{"embeddable":true,"href":"https:\/\/www.procarton.com\/de\/wp-json\/wp\/v2\/media\/282976"}],"wp:attachment":[{"href":"https:\/\/www.procarton.com\/de\/wp-json\/wp\/v2\/media?parent=293216"}],"wp:term":[{"taxonomy":"category","embeddable":true,"href":"https:\/\/www.procarton.com\/de\/wp-json\/wp\/v2\/categories?post=293216"},{"taxonomy":"post_tag","embeddable":true,"href":"https:\/\/www.procarton.com\/de\/wp-json\/wp\/v2\/tags?post=293216"}],"curies":[{"name":"wp","href":"https:\/\/api.w.org\/{rel}","templated":true}]}}