{"id":291953,"date":"2023-09-21T20:30:18","date_gmt":"2023-09-21T19:30:18","guid":{"rendered":"https:\/\/www.procarton.com\/?p=291953"},"modified":"2023-09-21T20:48:48","modified_gmt":"2023-09-21T19:48:48","slug":"revealed-pro-carton-student-video-award-2023-winners","status":"publish","type":"post","link":"https:\/\/www.procarton.com\/de\/revealed-pro-carton-student-video-award-2023-winners\/","title":{"rendered":"Enth\u00fcllt: Pro Carton Student Video Award 2023-Gewinner"},"content":{"rendered":"<div class=\"av-animated-generic top-to-bottom flex_column av_one_full  flex_column_div av-zero-column-padding first  avia-builder-el-0  el_before_av_one_full  avia-builder-el-first\" style='border-radius:0px; '>\n<section class=\"av_textblock_section\"  itemscope=\"itemscope\" itemtype=\"https:\/\/schema.org\/BlogPosting\" itemprop=\"blogPost\" >\n<div class='avia_textblock'   itemprop=\"text\" >\n<h3 style=\"text-align: center;\"><strong><em>Das Pro Carton Student Video Award feiert die Talente von Studierenden in ganz Europa im Bereich Filmemachen und Geschichtenerz\u00e4hlen<\/em><\/strong><\/h3>\n<\/div>\n<\/section>\n<div  style='height:50px' class='hr hr-invisible   avia-builder-el-2  el_after_av_textblock  el_before_av_textblock'><span class='hr-inner' ><span class='hr-inner-style'><\/span><\/span><\/div>\n<section class=\"av_textblock_section\"  itemscope=\"itemscope\" itemtype=\"https:\/\/schema.org\/BlogPosting\" itemprop=\"blogPost\" >\n<div class='avia_textblock'   itemprop=\"text\" >\n<p>Die Gewinner des Pro Carton Student Video Award 2023 wurden gestern Abend (21. September) auf der j\u00e4hrlichen Preisverleihungsgala in Sevilla, Spanien, bekannt gegeben.  Der Preis unterstreicht die Bedeutung der F\u00f6rderung junger Talente im Bereich des Filmemachens und setzt sich f\u00fcr umweltbewusste Entscheidungen ein.  Die Studenten hatten die Aufgabe, einen Kurzfilm zu drehen, der die Vorteile von Karton und Pappe auf einfallsreiche, vision\u00e4re Weise hervorhebt.<\/p>\n<p>Nach 33 Einsendungen aus 17 L\u00e4ndern und mehr als 20 Universit\u00e4ten wurde der <a href=\"https:\/\/www.procarton.com\/awards\/pro-carton-student-video-award\/2023-2\/pro-carton-student-video-award-2023-judges\/\" target=\"_blank\" rel=\"noopener\">gesch\u00e4tzte Jury<\/a> - bestehend aus dem preisgekr\u00f6nten Filmproduzenten <strong>Bady Minck<\/strong>ehemaliger CEO und Vorsitzender mehrerer Werbeagenturen <strong>Simon Bolton<\/strong>und Leiter der Abteilung Marketing und Kommunikation von Pro Carton, <strong>Winfried M\u00fchling<\/strong> - pr\u00fcfte und bewertete alle Beitr\u00e4ge. Zu den strengen Kriterien geh\u00f6rte die Bewertung der Videos nach visueller Qualit\u00e4t, Musikauswahl, gezeigten Themen und Vermittlung der Umweltvorteile von Kartons.<\/p>\n<p>Neben den Preisen der Jury, <strong>mehr als 1.100 Stimmen gingen ein, um den Gewinner des Public Award zu bestimmen<\/strong> aus acht in die engere Wahl gezogenen Beitr\u00e4gen.<\/p>\n<\/div>\n<\/section>\n<\/div>\n<div class=\"av-animated-generic top-to-bottom flex_column av_one_full  flex_column_div av-zero-column-padding first  avia-builder-el-4  el_after_av_one_full  el_before_av_one_half  column-top-margin\" style='border-radius:0px; '>\n<section class=\"av_textblock_section\"  itemscope=\"itemscope\" itemtype=\"https:\/\/schema.org\/BlogPosting\" itemprop=\"blogPost\" >\n<div class='avia_textblock'   itemprop=\"text\" >\n<h4 style=\"text-align: center;\"><strong>Herausragende Leistungen gewinnen <\/strong><\/h4>\n<\/div>\n<\/section>\n<div  class='avia-image-container  av-styling-    avia-builder-el-6  el_after_av_textblock  el_before_av_hr  avia-align-center'  itemprop=\"image\" itemscope=\"itemscope\" itemtype=\"https:\/\/schema.org\/ImageObject\"  >\n<div class='avia-image-container-inner'>\n<div class='avia-image-overlay-wrap'><a href=\"https:\/\/www.procarton.com\/awards\/pro-carton-student-video-award\/2023-2\/winners\/\" class='avia_image' target=\"_blank\" rel=\"noopener noreferrer\"><img decoding=\"async\" width=\"953\" height=\"535\" class='wp-image-291959 avia-img-lazy-loading-not-291959 avia_image' src=\"https:\/\/www.procarton.com\/wp-content\/uploads\/2023\/09\/The-PROs-of-Carton-PCSVA-2023-Winner.jpg\" alt='' title='Die PROs von Carton PCSVA 2023 Winner'  itemprop=\"thumbnailUrl\" srcset=\"https:\/\/www.procarton.com\/wp-content\/uploads\/2023\/09\/The-PROs-of-Carton-PCSVA-2023-Winner.jpg 953w, https:\/\/www.procarton.com\/wp-content\/uploads\/2023\/09\/The-PROs-of-Carton-PCSVA-2023-Winner-300x168.jpg 300w, https:\/\/www.procarton.com\/wp-content\/uploads\/2023\/09\/The-PROs-of-Carton-PCSVA-2023-Winner-768x431.jpg 768w, https:\/\/www.procarton.com\/wp-content\/uploads\/2023\/09\/The-PROs-of-Carton-PCSVA-2023-Winner-18x10.jpg 18w, https:\/\/www.procarton.com\/wp-content\/uploads\/2023\/09\/The-PROs-of-Carton-PCSVA-2023-Winner-705x396.jpg 705w\" sizes=\"(max-width: 953px) 100vw, 953px\" \/><\/a><\/div>\n<\/div>\n<\/div>\n<div  style='height:50px' class='hr hr-invisible   avia-builder-el-7  el_after_av_image  el_before_av_textblock'><span class='hr-inner' ><span class='hr-inner-style'><\/span><\/span><\/div>\n<section class=\"av_textblock_section\"  itemscope=\"itemscope\" itemtype=\"https:\/\/schema.org\/BlogPosting\" itemprop=\"blogPost\" >\n<div class='avia_textblock'   itemprop=\"text\" >\n<p><strong>Der diesj\u00e4hrige Gewinner des Pro Carton Student Video Award 2023 war \"The PROs of Carton\", gefilmt und bearbeitet von Jasmin Hein und Sofia Rohnefeld von der H\u00f6heren Graphischen Bundes- Lehr- und Versuchsanstalt in \u00d6sterreich.<\/strong><\/p>\n<p>Dieses fachm\u00e4nnisch erstellte Video bietet eine zeitgem\u00e4\u00dfe und kreative M\u00f6glichkeit, die positiven Eigenschaften von Karton darzustellen. Die Sch\u00fcler zeigen, wie sie 3D-Kartonbuchstaben f\u00fcr den Schriftzug \"PRO\" konzipiert und gestaltet haben, und demonstrieren visuell die zahlreichen Anwendungen von Karton im Alltag. Sie betonten die beeindruckende Recyclingf\u00e4higkeit und Umweltfreundlichkeit von Karton.<\/p>\n<p>Richterin Bady Minck kommentierte: \"Das ist ein wirklich starkes St\u00fcck Arbeit. Der brillante Schnitt, die Komposition und der Inhalt des Videos sind herausragend. Ein wirklich dynamischer Beitrag, der es verdient hat, den ersten Platz zu belegen.\"<\/p>\n<p>Jurymitglied Simon Bolton f\u00fcgte hinzu: \"Dieser Film ist eine wunderbare Arbeit. Ich liebe die Energie, die Bedeutung und den Schnitt des Videos, das wirklich die St\u00e4rke von Pro Carton zeigt. Herzlichen Gl\u00fcckwunsch an das Team hinter diesem Video, es ist au\u00dfergew\u00f6hnlich!\"<\/p>\n<\/div>\n<\/section>\n<\/div>\n<div class=\"av-animated-generic top-to-bottom flex_column av_one_half  flex_column_div av-zero-column-padding first  avia-builder-el-9  el_after_av_one_full  el_before_av_one_half  column-top-margin\" style='border-radius:0px; '>\n<section class=\"av_textblock_section\"  itemscope=\"itemscope\" itemtype=\"https:\/\/schema.org\/BlogPosting\" itemprop=\"blogPost\" >\n<div class='avia_textblock'   itemprop=\"text\" >\n<h4 style=\"text-align: center;\"><strong>Triumph der \u00f6ffentlichen Wahl <\/strong><\/h4>\n<\/div>\n<\/section>\n<div  class='avia-image-container  av-styling-    avia-builder-el-11  el_after_av_textblock  el_before_av_textblock  avia-align-center'  itemprop=\"image\" itemscope=\"itemscope\" itemtype=\"https:\/\/schema.org\/ImageObject\"  >\n<div class='avia-image-container-inner'>\n<div class='avia-image-overlay-wrap'><a href=\"https:\/\/www.procarton.com\/awards\/pro-carton-student-video-award\/2023-2\/winners\/\" class='avia_image' target=\"_blank\" rel=\"noopener noreferrer\"><img decoding=\"async\" width=\"953\" height=\"535\" class='wp-image-291960 avia-img-lazy-loading-not-291960 avia_image' src=\"https:\/\/www.procarton.com\/wp-content\/uploads\/2023\/09\/Metamorphosis-A-Carton-Story-PCSVA-Publi-Winner-2023.jpg\" alt='' title='Metamorphose Eine Geschichte aus dem Karton PCSVA Publi Gewinner 2023'  itemprop=\"thumbnailUrl\" srcset=\"https:\/\/www.procarton.com\/wp-content\/uploads\/2023\/09\/Metamorphosis-A-Carton-Story-PCSVA-Publi-Winner-2023.jpg 953w, https:\/\/www.procarton.com\/wp-content\/uploads\/2023\/09\/Metamorphosis-A-Carton-Story-PCSVA-Publi-Winner-2023-300x168.jpg 300w, https:\/\/www.procarton.com\/wp-content\/uploads\/2023\/09\/Metamorphosis-A-Carton-Story-PCSVA-Publi-Winner-2023-768x431.jpg 768w, https:\/\/www.procarton.com\/wp-content\/uploads\/2023\/09\/Metamorphosis-A-Carton-Story-PCSVA-Publi-Winner-2023-18x10.jpg 18w, https:\/\/www.procarton.com\/wp-content\/uploads\/2023\/09\/Metamorphosis-A-Carton-Story-PCSVA-Publi-Winner-2023-705x396.jpg 705w\" sizes=\"(max-width: 953px) 100vw, 953px\" \/><\/a><\/div>\n<\/div>\n<\/div>\n<section class=\"av_textblock_section\"  itemscope=\"itemscope\" itemtype=\"https:\/\/schema.org\/BlogPosting\" itemprop=\"blogPost\" >\n<div class='avia_textblock'   itemprop=\"text\" >\n<p>Mit mehr als einem Drittel der Stimmen wurde Diana Morgacheva von der italienischen Universit\u00e0 Commerciale Luigi Bocconi mit ihrem Video \"Pro Carton Student Video Award 2023 Public Award\" ausgezeichnet.<strong>Metamorphose: Eine Geschichte aus dem Karton<\/strong>'.<\/p>\n<p>Der Kurzfilm zeigt den Weg eines Joghurtbechers zu einer Tee-Verpackung und verdeutlicht die Wiederverwertbarkeit von Karton, indem er die Metamorphose einer Raupe zu einem Schmetterling widerspiegelt. Das Video unterstreicht au\u00dferdem die Vielseitigkeit des nachhaltigen Materials, da viele verschiedene Beispiele von Kartonverpackungen im Verlauf der Geschichte gezeigt werden. Ein Zuschauer beschrieb das Video als \"ein erstaunliches Video, wundersch\u00f6n gemacht mit einer durchdachten Geschichte\", ein anderer kommentierte \"das Konzept ist sowohl interessant als auch kreativ und demonstriert effektiv die Nachhaltigkeit von Karton\".<\/p>\n<\/div>\n<\/section>\n<\/div>\n<div class=\"av-animated-generic top-to-bottom flex_column av_one_half  flex_column_div av-zero-column-padding   avia-builder-el-13  el_after_av_one_half  el_before_av_one_full  column-top-margin\" style='border-radius:0px; '>\n<section class=\"av_textblock_section\"  itemscope=\"itemscope\" itemtype=\"https:\/\/schema.org\/BlogPosting\" itemprop=\"blogPost\" >\n<div class='avia_textblock'   itemprop=\"text\" >\n<h4 style=\"text-align: center;\"><strong>Ausgezeichnete Anerkennungen <\/strong><\/h4>\n<\/div>\n<\/section>\n<div  class='avia-image-container  av-styling-    avia-builder-el-15  el_after_av_textblock  el_before_av_textblock  avia-align-center'  itemprop=\"image\" itemscope=\"itemscope\" itemtype=\"https:\/\/schema.org\/ImageObject\"  >\n<div class='avia-image-container-inner'>\n<div class='avia-image-overlay-wrap'><a href=\"https:\/\/www.procarton.com\/awards\/pro-carton-student-video-award\/2023-2\/winners\/\" class='avia_image' target=\"_blank\" rel=\"noopener noreferrer\"><img decoding=\"async\" width=\"953\" height=\"536\" class='wp-image-291961 avia-img-lazy-loading-not-291961 avia_image' src=\"https:\/\/www.procarton.com\/wp-content\/uploads\/2023\/09\/The-Circle-of-Life-PCSVA-2023-Distinguished.jpg\" alt='' title='Der Kreis des Lebens PCSVA 2023 Ausgezeichnet'  itemprop=\"thumbnailUrl\" srcset=\"https:\/\/www.procarton.com\/wp-content\/uploads\/2023\/09\/The-Circle-of-Life-PCSVA-2023-Distinguished.jpg 953w, https:\/\/www.procarton.com\/wp-content\/uploads\/2023\/09\/The-Circle-of-Life-PCSVA-2023-Distinguished-300x169.jpg 300w, https:\/\/www.procarton.com\/wp-content\/uploads\/2023\/09\/The-Circle-of-Life-PCSVA-2023-Distinguished-768x432.jpg 768w, https:\/\/www.procarton.com\/wp-content\/uploads\/2023\/09\/The-Circle-of-Life-PCSVA-2023-Distinguished-18x10.jpg 18w, https:\/\/www.procarton.com\/wp-content\/uploads\/2023\/09\/The-Circle-of-Life-PCSVA-2023-Distinguished-705x397.jpg 705w\" sizes=\"(max-width: 953px) 100vw, 953px\" \/><\/a><\/div>\n<\/div>\n<\/div>\n<section class=\"av_textblock_section\"  itemscope=\"itemscope\" itemtype=\"https:\/\/schema.org\/BlogPosting\" itemprop=\"blogPost\" >\n<div class='avia_textblock'   itemprop=\"text\" >\n<p>Der hochgelobte Beitrag Pro Carton Student Video Award 2023 war '<strong>Der Kreislauf des Lebens<\/strong>', entworfen von den Studentinnen Ulrike R\u00f6sch, Lea Schneiderbanger, Nele Wolff, Felicia Spiegler und Alina Biesolt von der SRH Hochschule f\u00fcr Gestaltung und Kommunikation Berlin in Deutschland.<\/p>\n<p>Das Video zeigt die vielf\u00e4ltigen Einsatzm\u00f6glichkeiten von Karton in verschiedenen Lebensphasen. Die Geschichte zeigt, wie die Hauptfigur von der Kindheit bis ins hohe Alter heranw\u00e4chst, wobei Karton aufgrund seiner Langlebigkeit und Wiederverwertbarkeit st\u00e4ndig eine wichtige Rolle bei der Gestaltung ihrer menschlichen Identit\u00e4t spielt.<\/p>\n<\/div>\n<\/section>\n<\/div>\n<div class=\"av-animated-generic top-to-bottom flex_column av_one_full  flex_column_div av-zero-column-padding first  avia-builder-el-17  el_after_av_one_half  avia-builder-el-last  column-top-margin\" style='border-radius:0px; '>\n<section class=\"av_textblock_section\"  itemscope=\"itemscope\" itemtype=\"https:\/\/schema.org\/BlogPosting\" itemprop=\"blogPost\" >\n<div class='avia_textblock'   itemprop=\"text\" >\n<p><strong>Winfried M\u00fchling<\/strong>,<strong> Leiter der Abteilung Marketing &amp; Kommunikation bei Pro Carton, kommentierte<\/strong>:<\/p>\n<blockquote>\n<p>\"Jedes Jahr zeigen die Pro Carton Student Video Award-Teilnehmer das aufstrebende Talent und den Ideenreichtum der n\u00e4chsten Generation. W\u00e4hrend des Jurytages in Kopenhagen hatte das Team eine sehr schwierige Entscheidung bei der Wahl des Gewinners 2023. Pro Carton dankt und w\u00fcrdigt alle Teilnehmer des diesj\u00e4hrigen Wettbewerbs f\u00fcr ihre hochwertigen Kurzfilme.<\/p>\n<p>\"Die Awards-Gala in Sevilla war die perfekte Gelegenheit, die Sch\u00fcler und Lehrer hinter den Spitzenvideos zu feiern. Diese Sch\u00fcler haben eine gl\u00e4nzende Zukunft in ihrer Filmkarriere, und es war gro\u00dfartig zu sehen, wie sie auf koordinierte und sinnvolle Weise f\u00fcr Karton werben.\"<\/p>\n<\/blockquote>\n<h4><strong>Die vollst\u00e4ndige Auswahlliste:<\/strong><\/h4>\n<\/div>\n<\/section>\n<div class='avia-data-table-wrap avia_responsive_table'>\n<table  class='avia-table avia-data-table avia-table-1  avia-builder-el-19  el_after_av_textblock  el_before_av_button  avia_pricing_default'  itemscope=\"itemscope\" itemtype=\"https:\/\/schema.org\/Table\" >\n<tbody>\n<tr class='avia-heading-row'>\n<th class=''>Video Name<\/th>\n<th class=''>Teilnehmer\/-in<\/th>\n<th class=''>Schule\/Universit\u00e4t<\/th>\n<\/tr>\n<tr class=''>\n<td class=''>The PROs of Carton\n<\/td>\n<td class=''>Jasmin Hein, Sofia Rohnefeld\n<\/td>\n<td class=''>H\u00f6here Graphische Bundes- Lehr- und Versuchsanstalt, \u00d6sterreich<\/td>\n<\/tr>\n<tr class=''>\n<td class=''>Metamorphose: Eine Geschichte aus dem Karton<\/td>\n<td class=''>\nDiana Morgatschewa<\/td>\n<td class=''>\nUniversit\u00e0 Commerciale Luigi Bocconi, Italien<\/td>\n<\/tr>\n<tr class=''>\n<td class=''>Der Kreislauf des Lebens\n<\/td>\n<td class=''>Ulrike R\u00f6sch, Lea Schneiderbanger, Nele Wolff, Felicia Spiegler, Alina Biesolt<\/td>\n<td class=''>SRH Hochschule f\u00fcr Gestaltung und Kommunikation Berlin, Deutschland<\/td>\n<\/tr>\n<tr class=''>\n<td class=''>Cartonella- Carton bringt Menschen zusammen<\/td>\n<td class=''>Melissa Nedeljkov<\/td>\n<td class=''>Hoehere Graphische Bundes-, Lehr- und Versuchsanstalt, \u00d6sterreich<\/td>\n<\/tr>\n<tr class=''>\n<td class=''>Lancelot, the Knight of the Carton<\/td>\n<td class=''>Jules Dubernet, David Botermans, Orpheas Tatakis &amp; Lea Cabrera<\/td>\n<td class=''>Universit\u00e9 Lumi\u00e8re Lyon 2, Frankreich<\/td>\n<\/tr>\n<tr class=''>\n<td class=''>Ovo Nije Moj Dom<\/td>\n<td class=''>Uros Stepic<\/td>\n<td class=''>Fakult\u00e4t f\u00fcr Dramatische K\u00fcnste, Serbien<\/td>\n<\/tr>\n<tr class=''>\n<td class=''>The Pro Carton Hero<\/td>\n<td class=''>Joe Lynch<\/td>\n<td class=''>Universit\u00e4t von Surrey, UK<\/td>\n<\/tr>\n<tr class=''>\n<td class=''>We Choose Carton<\/td>\n<td class=''>Dorot\u0117ja Aidukait\u0117, Emilija \u017di\u016bkait\u0117, Enya Tarky, Marsh Seintje &amp; Darcy Oostburg<\/td>\n<td class=''>Fontys University of Applied Sciences, Die Niederlande<\/td>\n<\/tr>\n<\/tbody>\n<\/table>\n<\/div>\n<style type='text\/css'>.avia-table-1 td:nth-of-type(1):before { content: 'Video Name'; } .avia-table-1 td:nth-of-type(2):before { content: 'Entrant\/s'; } .avia-table-1 td:nth-of-type(3):before { content: 'School\/University'; } <\/style>\n<div  class='avia-button-wrap avia-button-center  avia-builder-el-20  el_after_av_table  avia-builder-el-last' ><a href='https:\/\/www.procarton.com\/awards\/pro-carton-student-video-award\/2023-2\/winners\/' class='avia-button  avia-color-theme-color   avia-icon_select-no avia-size-small avia-position-center' target=\"_blank\" rel=\"noopener noreferrer\"><span class='avia_iconbox_title' >Sehen Sie sich hier die mit Award ausgezeichneten Beitr\u00e4ge zur PCSVA 2023 an<\/span><\/a><\/div>\n<\/div>","protected":false},"excerpt":{"rendered":"<p>Das Pro Carton Student Video Award (PCSVA) feiert das filmische und erz\u00e4hlerische Talent von Studierenden in ganz Europa<\/p>","protected":false},"author":1286,"featured_media":291839,"comment_status":"closed","ping_status":"open","sticky":false,"template":"","format":"standard","meta":{"inline_featured_image":false,"footnotes":""},"categories":[42,242],"tags":[],"class_list":["post-291953","post","type-post","status-publish","format-standard","has-post-thumbnail","hentry","category-awards","category-procarton"],"yoast_head":"<!-- This site is optimized with the Yoast SEO plugin v27.5 - https:\/\/yoast.com\/product\/yoast-seo-wordpress\/ -->\n<title>Revealed: Pro Carton Student Video Award 2023 Winners - Pro Carton<\/title>\n<meta name=\"description\" content=\"The Pro Carton Student Video Award (PCSVA) celebrates the filmmaking and storytelling talents of students across Europe\" \/>\n<meta name=\"robots\" content=\"index, follow, max-snippet:-1, max-image-preview:large, max-video-preview:-1\" \/>\n<link rel=\"canonical\" href=\"https:\/\/www.procarton.com\/de\/revealed-pro-carton-student-video-award-2023-winners\/\" \/>\n<meta property=\"og:locale\" content=\"de_DE\" \/>\n<meta property=\"og:type\" content=\"article\" \/>\n<meta property=\"og:title\" content=\"Revealed: Pro Carton Student Video Award 2023 Winners - Pro Carton\" \/>\n<meta property=\"og:description\" content=\"The Pro Carton Student Video Award (PCSVA) celebrates the filmmaking and storytelling talents of students across Europe\" \/>\n<meta property=\"og:url\" content=\"https:\/\/www.procarton.com\/de\/revealed-pro-carton-student-video-award-2023-winners\/\" \/>\n<meta property=\"og:site_name\" content=\"Pro Carton\" \/>\n<meta property=\"article:publisher\" content=\"https:\/\/www.facebook.com\/procartondesignaward\/\" \/>\n<meta property=\"article:published_time\" content=\"2023-09-21T19:30:18+00:00\" \/>\n<meta property=\"article:modified_time\" content=\"2023-09-21T19:48:48+00:00\" \/>\n<meta property=\"og:image\" content=\"https:\/\/www.procarton.com\/wp-content\/uploads\/2023\/09\/ALL-winner-logos-main_PCSVA-Winner.png\" \/>\n\t<meta property=\"og:image:width\" content=\"2250\" \/>\n\t<meta property=\"og:image:height\" content=\"1768\" \/>\n\t<meta property=\"og:image:type\" content=\"image\/png\" \/>\n<meta name=\"author\" content=\"ryan@procarton.com\" \/>\n<meta name=\"twitter:card\" content=\"summary_large_image\" \/>\n<meta name=\"twitter:creator\" content=\"@pro_carton\" \/>\n<meta name=\"twitter:site\" content=\"@pro_carton\" \/>\n<meta name=\"twitter:label1\" content=\"Verfasst von\" \/>\n\t<meta name=\"twitter:data1\" content=\"ryan@procarton.com\" \/>\n\t<meta name=\"twitter:label2\" content=\"Gesch\u00e4tzte Lesezeit\" \/>\n\t<meta name=\"twitter:data2\" content=\"6\u00a0Minuten\" \/>\n<script type=\"application\/ld+json\" class=\"yoast-schema-graph\">{\"@context\":\"https:\\\/\\\/schema.org\",\"@graph\":[{\"@type\":\"Article\",\"@id\":\"https:\\\/\\\/www.procarton.com\\\/revealed-pro-carton-student-video-award-2023-winners\\\/#article\",\"isPartOf\":{\"@id\":\"https:\\\/\\\/www.procarton.com\\\/revealed-pro-carton-student-video-award-2023-winners\\\/\"},\"author\":{\"name\":\"ryan@procarton.com\",\"@id\":\"https:\\\/\\\/www.procarton.com\\\/es\\\/#\\\/schema\\\/person\\\/8f52811f36555e3fbe8aa433fda4f5b5\"},\"headline\":\"Revealed: Pro Carton Student Video Award 2023 Winners\",\"datePublished\":\"2023-09-21T19:30:18+00:00\",\"dateModified\":\"2023-09-21T19:48:48+00:00\",\"mainEntityOfPage\":{\"@id\":\"https:\\\/\\\/www.procarton.com\\\/revealed-pro-carton-student-video-award-2023-winners\\\/\"},\"wordCount\":2783,\"publisher\":{\"@id\":\"https:\\\/\\\/www.procarton.com\\\/es\\\/#organization\"},\"image\":{\"@id\":\"https:\\\/\\\/www.procarton.com\\\/revealed-pro-carton-student-video-award-2023-winners\\\/#primaryimage\"},\"thumbnailUrl\":\"https:\\\/\\\/www.procarton.com\\\/wp-content\\\/uploads\\\/2023\\\/09\\\/ALL-winner-logos-main_PCSVA-Winner.png\",\"articleSection\":[\"Awards\",\"Pro Carton\"],\"inLanguage\":\"de\"},{\"@type\":\"WebPage\",\"@id\":\"https:\\\/\\\/www.procarton.com\\\/revealed-pro-carton-student-video-award-2023-winners\\\/\",\"url\":\"https:\\\/\\\/www.procarton.com\\\/revealed-pro-carton-student-video-award-2023-winners\\\/\",\"name\":\"Revealed: Pro Carton Student Video Award 2023 Winners - Pro Carton\",\"isPartOf\":{\"@id\":\"https:\\\/\\\/www.procarton.com\\\/es\\\/#website\"},\"primaryImageOfPage\":{\"@id\":\"https:\\\/\\\/www.procarton.com\\\/revealed-pro-carton-student-video-award-2023-winners\\\/#primaryimage\"},\"image\":{\"@id\":\"https:\\\/\\\/www.procarton.com\\\/revealed-pro-carton-student-video-award-2023-winners\\\/#primaryimage\"},\"thumbnailUrl\":\"https:\\\/\\\/www.procarton.com\\\/wp-content\\\/uploads\\\/2023\\\/09\\\/ALL-winner-logos-main_PCSVA-Winner.png\",\"datePublished\":\"2023-09-21T19:30:18+00:00\",\"dateModified\":\"2023-09-21T19:48:48+00:00\",\"description\":\"The Pro Carton Student Video Award (PCSVA) celebrates the filmmaking and storytelling talents of students across Europe\",\"breadcrumb\":{\"@id\":\"https:\\\/\\\/www.procarton.com\\\/revealed-pro-carton-student-video-award-2023-winners\\\/#breadcrumb\"},\"inLanguage\":\"de\",\"potentialAction\":[{\"@type\":\"ReadAction\",\"target\":[\"https:\\\/\\\/www.procarton.com\\\/revealed-pro-carton-student-video-award-2023-winners\\\/\"]}]},{\"@type\":\"ImageObject\",\"inLanguage\":\"de\",\"@id\":\"https:\\\/\\\/www.procarton.com\\\/revealed-pro-carton-student-video-award-2023-winners\\\/#primaryimage\",\"url\":\"https:\\\/\\\/www.procarton.com\\\/wp-content\\\/uploads\\\/2023\\\/09\\\/ALL-winner-logos-main_PCSVA-Winner.png\",\"contentUrl\":\"https:\\\/\\\/www.procarton.com\\\/wp-content\\\/uploads\\\/2023\\\/09\\\/ALL-winner-logos-main_PCSVA-Winner.png\",\"width\":2250,\"height\":1768},{\"@type\":\"BreadcrumbList\",\"@id\":\"https:\\\/\\\/www.procarton.com\\\/revealed-pro-carton-student-video-award-2023-winners\\\/#breadcrumb\",\"itemListElement\":[{\"@type\":\"ListItem\",\"position\":1,\"name\":\"Home\",\"item\":\"https:\\\/\\\/www.procarton.com\\\/\"},{\"@type\":\"ListItem\",\"position\":2,\"name\":\"Revealed: Pro Carton Student Video Award 2023 Winners\"}]},{\"@type\":\"WebSite\",\"@id\":\"https:\\\/\\\/www.procarton.com\\\/es\\\/#website\",\"url\":\"https:\\\/\\\/www.procarton.com\\\/es\\\/\",\"name\":\"Pro Carton\",\"description\":\"\",\"publisher\":{\"@id\":\"https:\\\/\\\/www.procarton.com\\\/es\\\/#organization\"},\"potentialAction\":[{\"@type\":\"SearchAction\",\"target\":{\"@type\":\"EntryPoint\",\"urlTemplate\":\"https:\\\/\\\/www.procarton.com\\\/es\\\/?s={search_term_string}\"},\"query-input\":{\"@type\":\"PropertyValueSpecification\",\"valueRequired\":true,\"valueName\":\"search_term_string\"}}],\"inLanguage\":\"de\"},{\"@type\":\"Organization\",\"@id\":\"https:\\\/\\\/www.procarton.com\\\/es\\\/#organization\",\"name\":\"ProCarton\",\"url\":\"https:\\\/\\\/www.procarton.com\\\/es\\\/\",\"logo\":{\"@type\":\"ImageObject\",\"inLanguage\":\"de\",\"@id\":\"https:\\\/\\\/www.procarton.com\\\/es\\\/#\\\/schema\\\/logo\\\/image\\\/\",\"url\":\"https:\\\/\\\/www.procarton.com\\\/wp-content\\\/uploads\\\/2022\\\/06\\\/logo-mit-slogan.jpg\",\"contentUrl\":\"https:\\\/\\\/www.procarton.com\\\/wp-content\\\/uploads\\\/2022\\\/06\\\/logo-mit-slogan.jpg\",\"width\":422,\"height\":519,\"caption\":\"ProCarton\"},\"image\":{\"@id\":\"https:\\\/\\\/www.procarton.com\\\/es\\\/#\\\/schema\\\/logo\\\/image\\\/\"},\"sameAs\":[\"https:\\\/\\\/www.facebook.com\\\/procartondesignaward\\\/\",\"https:\\\/\\\/x.com\\\/pro_carton\"]},{\"@type\":\"Person\",\"@id\":\"https:\\\/\\\/www.procarton.com\\\/es\\\/#\\\/schema\\\/person\\\/8f52811f36555e3fbe8aa433fda4f5b5\",\"name\":\"ryan@procarton.com\",\"url\":\"https:\\\/\\\/www.procarton.com\\\/de\\\/author\\\/pro-carton-3\\\/\"}]}<\/script>\n<!-- \/ Yoast SEO plugin. -->","yoast_head_json":{"title":"Aufgedeckt: Pro Carton Student Video Award 2023-Gewinner - Pro Carton","description":"Das Pro Carton Student Video Award (PCSVA) feiert das filmische und erz\u00e4hlerische Talent von Studierenden in ganz Europa","robots":{"index":"index","follow":"follow","max-snippet":"max-snippet:-1","max-image-preview":"max-image-preview:large","max-video-preview":"max-video-preview:-1"},"canonical":"https:\/\/www.procarton.com\/de\/revealed-pro-carton-student-video-award-2023-winners\/","og_locale":"de_DE","og_type":"article","og_title":"Revealed: Pro Carton Student Video Award 2023 Winners - Pro Carton","og_description":"The Pro Carton Student Video Award (PCSVA) celebrates the filmmaking and storytelling talents of students across Europe","og_url":"https:\/\/www.procarton.com\/de\/revealed-pro-carton-student-video-award-2023-winners\/","og_site_name":"Pro Carton","article_publisher":"https:\/\/www.facebook.com\/procartondesignaward\/","article_published_time":"2023-09-21T19:30:18+00:00","article_modified_time":"2023-09-21T19:48:48+00:00","og_image":[{"width":2250,"height":1768,"url":"https:\/\/www.procarton.com\/wp-content\/uploads\/2023\/09\/ALL-winner-logos-main_PCSVA-Winner.png","type":"image\/png"}],"author":"ryan@procarton.com","twitter_card":"summary_large_image","twitter_creator":"@pro_carton","twitter_site":"@pro_carton","twitter_misc":{"Verfasst von":"ryan@procarton.com","Gesch\u00e4tzte Lesezeit":"6\u00a0Minuten"},"schema":{"@context":"https:\/\/schema.org","@graph":[{"@type":"Article","@id":"https:\/\/www.procarton.com\/revealed-pro-carton-student-video-award-2023-winners\/#article","isPartOf":{"@id":"https:\/\/www.procarton.com\/revealed-pro-carton-student-video-award-2023-winners\/"},"author":{"name":"ryan@procarton.com","@id":"https:\/\/www.procarton.com\/es\/#\/schema\/person\/8f52811f36555e3fbe8aa433fda4f5b5"},"headline":"Revealed: Pro Carton Student Video Award 2023 Winners","datePublished":"2023-09-21T19:30:18+00:00","dateModified":"2023-09-21T19:48:48+00:00","mainEntityOfPage":{"@id":"https:\/\/www.procarton.com\/revealed-pro-carton-student-video-award-2023-winners\/"},"wordCount":2783,"publisher":{"@id":"https:\/\/www.procarton.com\/es\/#organization"},"image":{"@id":"https:\/\/www.procarton.com\/revealed-pro-carton-student-video-award-2023-winners\/#primaryimage"},"thumbnailUrl":"https:\/\/www.procarton.com\/wp-content\/uploads\/2023\/09\/ALL-winner-logos-main_PCSVA-Winner.png","articleSection":["Awards","Pro Carton"],"inLanguage":"de"},{"@type":"WebPage","@id":"https:\/\/www.procarton.com\/revealed-pro-carton-student-video-award-2023-winners\/","url":"https:\/\/www.procarton.com\/revealed-pro-carton-student-video-award-2023-winners\/","name":"Aufgedeckt: Pro Carton Student Video Award 2023-Gewinner - Pro Carton","isPartOf":{"@id":"https:\/\/www.procarton.com\/es\/#website"},"primaryImageOfPage":{"@id":"https:\/\/www.procarton.com\/revealed-pro-carton-student-video-award-2023-winners\/#primaryimage"},"image":{"@id":"https:\/\/www.procarton.com\/revealed-pro-carton-student-video-award-2023-winners\/#primaryimage"},"thumbnailUrl":"https:\/\/www.procarton.com\/wp-content\/uploads\/2023\/09\/ALL-winner-logos-main_PCSVA-Winner.png","datePublished":"2023-09-21T19:30:18+00:00","dateModified":"2023-09-21T19:48:48+00:00","description":"Das Pro Carton Student Video Award (PCSVA) feiert das filmische und erz\u00e4hlerische Talent von Studierenden in ganz Europa","breadcrumb":{"@id":"https:\/\/www.procarton.com\/revealed-pro-carton-student-video-award-2023-winners\/#breadcrumb"},"inLanguage":"de","potentialAction":[{"@type":"ReadAction","target":["https:\/\/www.procarton.com\/revealed-pro-carton-student-video-award-2023-winners\/"]}]},{"@type":"ImageObject","inLanguage":"de","@id":"https:\/\/www.procarton.com\/revealed-pro-carton-student-video-award-2023-winners\/#primaryimage","url":"https:\/\/www.procarton.com\/wp-content\/uploads\/2023\/09\/ALL-winner-logos-main_PCSVA-Winner.png","contentUrl":"https:\/\/www.procarton.com\/wp-content\/uploads\/2023\/09\/ALL-winner-logos-main_PCSVA-Winner.png","width":2250,"height":1768},{"@type":"BreadcrumbList","@id":"https:\/\/www.procarton.com\/revealed-pro-carton-student-video-award-2023-winners\/#breadcrumb","itemListElement":[{"@type":"ListItem","position":1,"name":"Home","item":"https:\/\/www.procarton.com\/"},{"@type":"ListItem","position":2,"name":"Revealed: Pro Carton Student Video Award 2023 Winners"}]},{"@type":"WebSite","@id":"https:\/\/www.procarton.com\/es\/#website","url":"https:\/\/www.procarton.com\/es\/","name":"Pro Carton","description":"","publisher":{"@id":"https:\/\/www.procarton.com\/es\/#organization"},"potentialAction":[{"@type":"SearchAction","target":{"@type":"EntryPoint","urlTemplate":"https:\/\/www.procarton.com\/es\/?s={search_term_string}"},"query-input":{"@type":"PropertyValueSpecification","valueRequired":true,"valueName":"search_term_string"}}],"inLanguage":"de"},{"@type":"Organization","@id":"https:\/\/www.procarton.com\/es\/#organization","name":"ProCarton","url":"https:\/\/www.procarton.com\/es\/","logo":{"@type":"ImageObject","inLanguage":"de","@id":"https:\/\/www.procarton.com\/es\/#\/schema\/logo\/image\/","url":"https:\/\/www.procarton.com\/wp-content\/uploads\/2022\/06\/logo-mit-slogan.jpg","contentUrl":"https:\/\/www.procarton.com\/wp-content\/uploads\/2022\/06\/logo-mit-slogan.jpg","width":422,"height":519,"caption":"ProCarton"},"image":{"@id":"https:\/\/www.procarton.com\/es\/#\/schema\/logo\/image\/"},"sameAs":["https:\/\/www.facebook.com\/procartondesignaward\/","https:\/\/x.com\/pro_carton"]},{"@type":"Person","@id":"https:\/\/www.procarton.com\/es\/#\/schema\/person\/8f52811f36555e3fbe8aa433fda4f5b5","name":"ryan@procarton.com","url":"https:\/\/www.procarton.com\/de\/author\/pro-carton-3\/"}]}},"_links":{"self":[{"href":"https:\/\/www.procarton.com\/de\/wp-json\/wp\/v2\/posts\/291953","targetHints":{"allow":["GET"]}}],"collection":[{"href":"https:\/\/www.procarton.com\/de\/wp-json\/wp\/v2\/posts"}],"about":[{"href":"https:\/\/www.procarton.com\/de\/wp-json\/wp\/v2\/types\/post"}],"author":[{"embeddable":true,"href":"https:\/\/www.procarton.com\/de\/wp-json\/wp\/v2\/users\/1286"}],"replies":[{"embeddable":true,"href":"https:\/\/www.procarton.com\/de\/wp-json\/wp\/v2\/comments?post=291953"}],"version-history":[{"count":7,"href":"https:\/\/www.procarton.com\/de\/wp-json\/wp\/v2\/posts\/291953\/revisions"}],"predecessor-version":[{"id":292314,"href":"https:\/\/www.procarton.com\/de\/wp-json\/wp\/v2\/posts\/291953\/revisions\/292314"}],"wp:featuredmedia":[{"embeddable":true,"href":"https:\/\/www.procarton.com\/de\/wp-json\/wp\/v2\/media\/291839"}],"wp:attachment":[{"href":"https:\/\/www.procarton.com\/de\/wp-json\/wp\/v2\/media?parent=291953"}],"wp:term":[{"taxonomy":"category","embeddable":true,"href":"https:\/\/www.procarton.com\/de\/wp-json\/wp\/v2\/categories?post=291953"},{"taxonomy":"post_tag","embeddable":true,"href":"https:\/\/www.procarton.com\/de\/wp-json\/wp\/v2\/tags?post=291953"}],"curies":[{"name":"wp","href":"https:\/\/api.w.org\/{rel}","templated":true}]}}