{"id":284329,"date":"2023-01-19T16:36:43","date_gmt":"2023-01-19T16:36:43","guid":{"rendered":"https:\/\/www.procarton.com\/?p=284329"},"modified":"2023-02-02T17:11:47","modified_gmt":"2023-02-02T17:11:47","slug":"stora-enso-and-huhtamaki-launch-industrial-scale-recycling-programme-for-paper-cups-in-europe","status":"publish","type":"post","link":"https:\/\/www.procarton.com\/de\/stora-enso-and-huhtamaki-launch-industrial-scale-recycling-programme-for-paper-cups-in-europe\/","title":{"rendered":"Stora Enso und Huhtamaki starten Recyclingprogramm f\u00fcr Pappbecher im industriellen Ma\u00dfstab in Europa"},"content":{"rendered":"<div class=\"av-animated-generic top-to-bottom flex_column av_three_fourth  flex_column_div av-zero-column-padding first  avia-builder-el-0  el_before_av_one_fourth  avia-builder-el-first\" style='border-radius:0px; '>\n<section class=\"av_textblock_section\"  itemscope=\"itemscope\" itemtype=\"https:\/\/schema.org\/BlogPosting\" itemprop=\"blogPost\" >\n<div class='avia_textblock'   itemprop=\"text\" >\n<div class=\"row\">\n<div class=\"introduction col-md-6 text-center mx-auto\">\n<p><strong>Huhtamaki und Stora Enso haben sich zusammengetan, um eine neue Initiative f\u00fcr das Recycling von Pappbechern zu starten: The Cup Collective. Das Programm, das erste seiner Art in Europa, zielt darauf ab, gebrauchte Pappbecher in industriellem Ma\u00dfstab zu recyceln und ihren Wert zu erfassen. Zun\u00e4chst wird das Programm in den Benelux-L\u00e4ndern eingef\u00fchrt. Mit dem Ziel, neue Standards f\u00fcr das Sammeln und Recyceln von Pappbechern in Europa zu setzen, hat The Cup Collective eine offene Einladung an Partner aus der gesamten Lieferkette ausgesprochen, sich an der Erarbeitung einer systemischen europ\u00e4ischen L\u00f6sung zu beteiligen.<\/strong><\/p>\n<p>Die EU hat f\u00fcr Papier- und Kartonverpackungen ein Recyclingziel von 85% bis 2030 festgelegt. Pappbecher sind recycelbar, m\u00fcssen aber gesammelt werden, bevor sie zu neuen Papierprodukten verarbeitet werden k\u00f6nnen. Die Initiative Cup Collective wird die notwendige Sammelinfrastruktur schaffen, um die Recyclingrate von Holzfasern in Pappbechern deutlich zu erh\u00f6hen. Vor allem aber wird das Programm es Verbrauchern und Unternehmen erleichtern, gebrauchte Pappbecher zu sammeln, um sie zu wertvollem Recycling-Rohstoff aufzubereiten.<\/p>\n<p>Die ersten Sammelbeh\u00e4lter f\u00fcr Pappbecher werden in Restaurants, Caf\u00e9s, B\u00fcrogeb\u00e4uden und Verkehrsknotenpunkten in den Gro\u00dfr\u00e4umen Br\u00fcssel und Amsterdam aufgestellt. Ziel des Cup Collective ist es, in den ersten zwei Jahren eine halbe Milliarde Pappbecher zu recyceln. Da das Programm skalierbar ist, kann es die Recyclingmengen in Europa erheblich steigern. Verwaltet wird das Programm von Co-cre8 -\u00a0<a href=\"https:\/\/co-cre8.earth\/\">co-cre8.earth<\/a>ein im Vereinigten K\u00f6nigreich ans\u00e4ssiges Unternehmen mit mehr als einem Jahrzehnt Erfahrung in der Konzeption und Umsetzung von Recyclingprogrammen in ganz Europa.<\/p>\n<p>\"Huhtamaki ist weltweit f\u00fchrend in der Entwicklung und Herstellung von recycelbaren Faserprodukten. F\u00fcr uns z\u00e4hlt jeder Becher. Wir wollen den n\u00e4chsten Schritt gehen und sicherstellen, dass wiederverwertbare Becher auch effektiv recycelt werden k\u00f6nnen. Wir haben das beste Fachwissen von Huhtamaki und Stora Enso kombiniert, um diese neue Vision f\u00fcr die Sammlung und das Recycling von Bechern im industriellen Ma\u00dfstab zu schaffen\", sagt Eric Le Lay, Pr\u00e4sident, Fiber Foodservice EAO bei Huhtamaki.<\/p>\n<p>\"Stora Enso<strong>\u00a0<\/strong>m\u00f6chte<strong>\u00a0<\/strong>die Kreislauff\u00fchrung aller Verpackungsmaterialien zu beschleunigen, und wir haben eine hervorragende Grundlage, um dies zu erreichen. Die von uns hergestellten Pappen sind f\u00fcr das Recycling ausgelegt, und unsere eigenen Produktionsst\u00e4tten, darunter Langerbrugge in Belgien, k\u00f6nnen Pappbecher zu neuen Produkten auf Faserbasis verarbeiten und recyceln. Durch die Partnerschaft mit Huhtamaki und Co-cre8 sind wir nun in der Lage, eine Plattform bereitzustellen, um die Fasern von Pappbechern in industriellem Ma\u00dfstab zu sammeln und zu verwerten\", sagt Hannu Kasurinen, EVP, Stora Enso Packaging Materials Division.<\/p>\n<p><strong>Aufruf zum Handeln<\/strong><\/p>\n<p>The Cup Collective wird mit Partnern in der gesamten Lieferkette zusammenarbeiten, von den gr\u00f6\u00dften Restaurants und Caf\u00e9-Ketten, Einzelh\u00e4ndlern und Verkehrsknotenpunkten bis hin zu unabh\u00e4ngigen Coffee-Shops, Sammelpartnern, Abfallentsorgern und politischen Entscheidungstr\u00e4gern in ganz Europa, um die Herausforderungen des Recyclings anzugehen und eine praktikable, skalierbare L\u00f6sung f\u00fcr Europa zu entwickeln. Anf\u00e4nglich wird The Cup Collective von den beiden Unternehmen finanziert, aber ein Schl\u00fcsselfaktor f\u00fcr den Erfolg von The Cup Collective wird seine F\u00e4higkeit sein, sich in Zukunft selbst zu finanzieren.<\/p>\n<\/div>\n<\/div>\n<article class=\"main-content\">\n<div class=\"row\">\n<div class=\"col-md-6 mx-auto\"><\/div>\n<\/div>\n<\/article>\n<\/div>\n<\/section>\n<\/div>\n<div class=\"av-animated-generic top-to-bottom flex_column av_one_fourth  flex_column_div av-zero-column-padding avia-link-column av-column-link   avia-builder-el-2  el_after_av_three_fourth  el_before_av_one_full\" style='border-radius:0px; ' data-link-column-url=\"https:\/\/www.storaenso.com\/en\/newsroom\/press-releases\/2022\/9\/stora-enso-and-huhtamaki-launch-industrial-scale-recycling-programme-for-paper-cups-in-europe\"  data-link-column-target=\"_blank\" ><a class=\"av-screen-reader-only\" href=\"https:\/\/www.storaenso.com\/en\/newsroom\/press-releases\/2022\/9\/stora-enso-and-huhtamaki-launch-industrial-scale-recycling-programme-for-paper-cups-in-europe\" target=\"_blank\" rel=\"noopener\">Folgen Sie einem manuell hinzugef\u00fcgten Link<\/a><\/p>\n<div  class='avia-image-container  av-styling-    avia-builder-el-3  el_before_av_button  avia-builder-el-first  avia-align-center'  itemprop=\"image\" itemscope=\"itemscope\" itemtype=\"https:\/\/schema.org\/ImageObject\"  >\n<div class='avia-image-container-inner'>\n<div class='avia-image-overlay-wrap'><img decoding=\"async\" width=\"259\" height=\"300\" class='wp-image-283901 avia-img-lazy-loading-not-283901 avia_image' src=\"https:\/\/www.procarton.com\/wp-content\/uploads\/2023\/01\/1200px-Stora_Enso_logo.svg-259x300.png\" alt='' title='1200px-Stora_Enso_logo.svg'  itemprop=\"thumbnailUrl\" srcset=\"https:\/\/www.procarton.com\/wp-content\/uploads\/2023\/01\/1200px-Stora_Enso_logo.svg-259x300.png 259w, https:\/\/www.procarton.com\/wp-content\/uploads\/2023\/01\/1200px-Stora_Enso_logo.svg-888x1030.png 888w, https:\/\/www.procarton.com\/wp-content\/uploads\/2023\/01\/1200px-Stora_Enso_logo.svg-768x891.png 768w, https:\/\/www.procarton.com\/wp-content\/uploads\/2023\/01\/1200px-Stora_Enso_logo.svg-10x12.png 10w, https:\/\/www.procarton.com\/wp-content\/uploads\/2023\/01\/1200px-Stora_Enso_logo.svg-608x705.png 608w, https:\/\/www.procarton.com\/wp-content\/uploads\/2023\/01\/1200px-Stora_Enso_logo.svg.png 1200w\" sizes=\"(max-width: 259px) 100vw, 259px\" \/><\/div>\n<\/div>\n<\/div>\n<div  class='avia-button-wrap avia-button-center  avia-builder-el-4  el_after_av_image  avia-builder-el-last' ><a href='https:\/\/www.storaenso.com\/en\/newsroom\/press-releases\/2022\/9\/stora-enso-and-huhtamaki-launch-industrial-scale-recycling-programme-for-paper-cups-in-europe' class='avia-button  avia-color-theme-color   avia-icon_select-no avia-size-small avia-position-center' target=\"_blank\" rel=\"noopener noreferrer\"><span class='avia_iconbox_title' >Klicken Sie hier, um die Pressemitteilung zu lesen<\/span><\/a><\/div>\n<\/div>\n<div class=\"av-animated-generic top-to-bottom flex_column av_one_full  flex_column_div av-zero-column-padding first  avia-builder-el-5  el_after_av_one_fourth  avia-builder-el-last  column-top-margin\" style='border-radius:0px; '>\n<section class=\"av_textblock_section\"  itemscope=\"itemscope\" itemtype=\"https:\/\/schema.org\/BlogPosting\" itemprop=\"blogPost\" >\n<div class='avia_textblock'   itemprop=\"text\" >\n<h4><strong>Aktuelle Nachrichten f\u00fcr Pro Carton-Mitglieder:<\/strong><\/h4>\n<ul>\n<li class=\"main-title entry-title\"><a title=\"Permanenter Link: UVP-Verfahren f\u00fcr Faltschachtelkartonfabrik Mets\u00e4 Board Kaskinen hat begonnen\" href=\"https:\/\/www.procarton.com\/metsa-board-kaskinen-folding-boxboard-mill-eia-procedure-has-started\/\" rel=\"bookmark\">UVP-Verfahren f\u00fcr das Faltschachtelkartonwerk Mets\u00e4 Board Kaskinen hat begonnen<\/a><\/li>\n<li><a title=\"Permanenter Link: Mets\u00e4 Board ver\u00f6ffentlicht eine Videoserie \u00fcber den nachhaltig bewirtschafteten Waldkreislauf\" href=\"https:\/\/www.procarton.com\/metsa-board-publishes-a-video-series-on-the-sustainably-managed-forest-cycle\/\" rel=\"bookmark\">Mets\u00e4 Board ver\u00f6ffentlicht eine Videoserie \u00fcber den nachhaltig bewirtschafteten Waldkreislauf<\/a><\/li>\n<li><a title=\"Permanenter Link: Holmen Iggesund &amp; Yangi\u00ae starten eine Zusammenarbeit zur Erforschung innovativer nachhaltiger Verpackungskonzepte f\u00fcr die Kosmetikindustrie\" href=\"https:\/\/www.procarton.com\/holmen-iggesund-yangi-embark-on-a-collaboration-to-explore-innovative-sustainable-packaging-concepts-for-the-cosmetic-industry\/\" rel=\"bookmark\">Holmen Iggesund und Yangi\u00ae beginnen eine Zusammenarbeit zur Erforschung innovativer nachhaltiger Verpackungskonzepte f\u00fcr die Kosmetikindustrie<\/a><\/li>\n<li><a title=\"Permanenter Link: Die Provinz Gelderland (NL) wird sich an einem innovativen Wasserkreislauf f\u00fcr Papierfabriken in Eerbeek beteiligen\" href=\"https:\/\/www.procarton.com\/gelderland-province-nl-will-participate-on-innovative-water-roundabout-for-paper-mills-in-eerbeek\/\" rel=\"bookmark\">Die Provinz Gelderland (NL) wird sich an einem innovativen Wasserkreislauf f\u00fcr Papierfabriken in Eerbeek beteiligen<\/a><\/li>\n<li><a title=\"Permanenter Link: Billerud beh\u00e4lt f\u00fchrende Position im Nachhaltigkeitsindex\" href=\"https:\/\/www.procarton.com\/billerud-keeps-leading-position-in-sustainability-index\/\" rel=\"bookmark\">Billerud beh\u00e4lt f\u00fchrende Position im Nachhaltigkeitsindex<\/a><\/li>\n<\/ul>\n<\/div>\n<\/section>\n<\/div>","protected":false},"excerpt":{"rendered":"<p>Stora Enso und Huhtamaki haben sich zusammengetan, um eine neue Initiative zum Recycling von Papierbechern ins Leben zu rufen: The Cup Collective.<\/p>","protected":false},"author":1286,"featured_media":283901,"comment_status":"closed","ping_status":"open","sticky":false,"template":"","format":"standard","meta":{"inline_featured_image":false,"footnotes":""},"categories":[66,52],"tags":[],"class_list":["post-284329","post","type-post","status-publish","format-standard","has-post-thumbnail","hentry","category-latest-member-news","category-sustainability"],"yoast_head":"<!-- This site is optimized with the Yoast SEO plugin v27.4 - https:\/\/yoast.com\/product\/yoast-seo-wordpress\/ -->\n<title>Stora Enso and Huhtamaki launch industrial scale recycling programme for paper cups in Europe - Pro Carton<\/title>\n<meta name=\"robots\" content=\"index, follow, max-snippet:-1, max-image-preview:large, max-video-preview:-1\" \/>\n<link rel=\"canonical\" href=\"https:\/\/www.procarton.com\/de\/stora-enso-and-huhtamaki-launch-industrial-scale-recycling-programme-for-paper-cups-in-europe\/\" \/>\n<meta property=\"og:locale\" content=\"de_DE\" \/>\n<meta property=\"og:type\" content=\"article\" \/>\n<meta property=\"og:title\" content=\"Stora Enso and Huhtamaki launch industrial scale recycling programme for paper cups in Europe - Pro Carton\" \/>\n<meta property=\"og:description\" content=\"Stora Enso and Huhtamaki have joined forces to launch a new paper cup recycling initiative, The Cup Collective.\" \/>\n<meta property=\"og:url\" content=\"https:\/\/www.procarton.com\/de\/stora-enso-and-huhtamaki-launch-industrial-scale-recycling-programme-for-paper-cups-in-europe\/\" \/>\n<meta property=\"og:site_name\" content=\"Pro Carton\" \/>\n<meta property=\"article:publisher\" content=\"https:\/\/www.facebook.com\/procartondesignaward\/\" \/>\n<meta property=\"article:published_time\" content=\"2023-01-19T16:36:43+00:00\" \/>\n<meta property=\"article:modified_time\" content=\"2023-02-02T17:11:47+00:00\" \/>\n<meta property=\"og:image\" content=\"https:\/\/www.procarton.com\/wp-content\/uploads\/2023\/01\/1200px-Stora_Enso_logo.svg.png\" \/>\n\t<meta property=\"og:image:width\" content=\"1200\" \/>\n\t<meta property=\"og:image:height\" content=\"1392\" \/>\n\t<meta property=\"og:image:type\" content=\"image\/png\" \/>\n<meta name=\"author\" content=\"ryan@procarton.com\" \/>\n<meta name=\"twitter:card\" content=\"summary_large_image\" \/>\n<meta name=\"twitter:creator\" content=\"@pro_carton\" \/>\n<meta name=\"twitter:site\" content=\"@pro_carton\" \/>\n<meta name=\"twitter:label1\" content=\"Verfasst von\" \/>\n\t<meta name=\"twitter:data1\" content=\"ryan@procarton.com\" \/>\n\t<meta name=\"twitter:label2\" content=\"Gesch\u00e4tzte Lesezeit\" \/>\n\t<meta name=\"twitter:data2\" content=\"4\u00a0Minuten\" \/>\n<script type=\"application\/ld+json\" class=\"yoast-schema-graph\">{\"@context\":\"https:\\\/\\\/schema.org\",\"@graph\":[{\"@type\":\"Article\",\"@id\":\"https:\\\/\\\/www.procarton.com\\\/stora-enso-and-huhtamaki-launch-industrial-scale-recycling-programme-for-paper-cups-in-europe\\\/#article\",\"isPartOf\":{\"@id\":\"https:\\\/\\\/www.procarton.com\\\/stora-enso-and-huhtamaki-launch-industrial-scale-recycling-programme-for-paper-cups-in-europe\\\/\"},\"author\":{\"name\":\"ryan@procarton.com\",\"@id\":\"https:\\\/\\\/www.procarton.com\\\/es\\\/#\\\/schema\\\/person\\\/8f52811f36555e3fbe8aa433fda4f5b5\"},\"headline\":\"Stora Enso and Huhtamaki launch industrial scale recycling programme for paper cups in Europe\",\"datePublished\":\"2023-01-19T16:36:43+00:00\",\"dateModified\":\"2023-02-02T17:11:47+00:00\",\"mainEntityOfPage\":{\"@id\":\"https:\\\/\\\/www.procarton.com\\\/stora-enso-and-huhtamaki-launch-industrial-scale-recycling-programme-for-paper-cups-in-europe\\\/\"},\"wordCount\":1246,\"publisher\":{\"@id\":\"https:\\\/\\\/www.procarton.com\\\/es\\\/#organization\"},\"image\":{\"@id\":\"https:\\\/\\\/www.procarton.com\\\/stora-enso-and-huhtamaki-launch-industrial-scale-recycling-programme-for-paper-cups-in-europe\\\/#primaryimage\"},\"thumbnailUrl\":\"https:\\\/\\\/www.procarton.com\\\/wp-content\\\/uploads\\\/2023\\\/01\\\/1200px-Stora_Enso_logo.svg.png\",\"articleSection\":[\"Pro Carton Member News\",\"Sustainability\"],\"inLanguage\":\"de\"},{\"@type\":\"WebPage\",\"@id\":\"https:\\\/\\\/www.procarton.com\\\/stora-enso-and-huhtamaki-launch-industrial-scale-recycling-programme-for-paper-cups-in-europe\\\/\",\"url\":\"https:\\\/\\\/www.procarton.com\\\/stora-enso-and-huhtamaki-launch-industrial-scale-recycling-programme-for-paper-cups-in-europe\\\/\",\"name\":\"Stora Enso and Huhtamaki launch industrial scale recycling programme for paper cups in Europe - Pro Carton\",\"isPartOf\":{\"@id\":\"https:\\\/\\\/www.procarton.com\\\/es\\\/#website\"},\"primaryImageOfPage\":{\"@id\":\"https:\\\/\\\/www.procarton.com\\\/stora-enso-and-huhtamaki-launch-industrial-scale-recycling-programme-for-paper-cups-in-europe\\\/#primaryimage\"},\"image\":{\"@id\":\"https:\\\/\\\/www.procarton.com\\\/stora-enso-and-huhtamaki-launch-industrial-scale-recycling-programme-for-paper-cups-in-europe\\\/#primaryimage\"},\"thumbnailUrl\":\"https:\\\/\\\/www.procarton.com\\\/wp-content\\\/uploads\\\/2023\\\/01\\\/1200px-Stora_Enso_logo.svg.png\",\"datePublished\":\"2023-01-19T16:36:43+00:00\",\"dateModified\":\"2023-02-02T17:11:47+00:00\",\"breadcrumb\":{\"@id\":\"https:\\\/\\\/www.procarton.com\\\/stora-enso-and-huhtamaki-launch-industrial-scale-recycling-programme-for-paper-cups-in-europe\\\/#breadcrumb\"},\"inLanguage\":\"de\",\"potentialAction\":[{\"@type\":\"ReadAction\",\"target\":[\"https:\\\/\\\/www.procarton.com\\\/stora-enso-and-huhtamaki-launch-industrial-scale-recycling-programme-for-paper-cups-in-europe\\\/\"]}]},{\"@type\":\"ImageObject\",\"inLanguage\":\"de\",\"@id\":\"https:\\\/\\\/www.procarton.com\\\/stora-enso-and-huhtamaki-launch-industrial-scale-recycling-programme-for-paper-cups-in-europe\\\/#primaryimage\",\"url\":\"https:\\\/\\\/www.procarton.com\\\/wp-content\\\/uploads\\\/2023\\\/01\\\/1200px-Stora_Enso_logo.svg.png\",\"contentUrl\":\"https:\\\/\\\/www.procarton.com\\\/wp-content\\\/uploads\\\/2023\\\/01\\\/1200px-Stora_Enso_logo.svg.png\",\"width\":1200,\"height\":1392},{\"@type\":\"BreadcrumbList\",\"@id\":\"https:\\\/\\\/www.procarton.com\\\/stora-enso-and-huhtamaki-launch-industrial-scale-recycling-programme-for-paper-cups-in-europe\\\/#breadcrumb\",\"itemListElement\":[{\"@type\":\"ListItem\",\"position\":1,\"name\":\"Home\",\"item\":\"https:\\\/\\\/www.procarton.com\\\/\"},{\"@type\":\"ListItem\",\"position\":2,\"name\":\"Stora Enso and Huhtamaki launch industrial scale recycling programme for paper cups in Europe\"}]},{\"@type\":\"WebSite\",\"@id\":\"https:\\\/\\\/www.procarton.com\\\/es\\\/#website\",\"url\":\"https:\\\/\\\/www.procarton.com\\\/es\\\/\",\"name\":\"Pro Carton\",\"description\":\"\",\"publisher\":{\"@id\":\"https:\\\/\\\/www.procarton.com\\\/es\\\/#organization\"},\"potentialAction\":[{\"@type\":\"SearchAction\",\"target\":{\"@type\":\"EntryPoint\",\"urlTemplate\":\"https:\\\/\\\/www.procarton.com\\\/es\\\/?s={search_term_string}\"},\"query-input\":{\"@type\":\"PropertyValueSpecification\",\"valueRequired\":true,\"valueName\":\"search_term_string\"}}],\"inLanguage\":\"de\"},{\"@type\":\"Organization\",\"@id\":\"https:\\\/\\\/www.procarton.com\\\/es\\\/#organization\",\"name\":\"ProCarton\",\"url\":\"https:\\\/\\\/www.procarton.com\\\/es\\\/\",\"logo\":{\"@type\":\"ImageObject\",\"inLanguage\":\"de\",\"@id\":\"https:\\\/\\\/www.procarton.com\\\/es\\\/#\\\/schema\\\/logo\\\/image\\\/\",\"url\":\"https:\\\/\\\/www.procarton.com\\\/wp-content\\\/uploads\\\/2022\\\/06\\\/logo-mit-slogan.jpg\",\"contentUrl\":\"https:\\\/\\\/www.procarton.com\\\/wp-content\\\/uploads\\\/2022\\\/06\\\/logo-mit-slogan.jpg\",\"width\":422,\"height\":519,\"caption\":\"ProCarton\"},\"image\":{\"@id\":\"https:\\\/\\\/www.procarton.com\\\/es\\\/#\\\/schema\\\/logo\\\/image\\\/\"},\"sameAs\":[\"https:\\\/\\\/www.facebook.com\\\/procartondesignaward\\\/\",\"https:\\\/\\\/x.com\\\/pro_carton\"]},{\"@type\":\"Person\",\"@id\":\"https:\\\/\\\/www.procarton.com\\\/es\\\/#\\\/schema\\\/person\\\/8f52811f36555e3fbe8aa433fda4f5b5\",\"name\":\"ryan@procarton.com\",\"url\":\"https:\\\/\\\/www.procarton.com\\\/de\\\/author\\\/pro-carton-3\\\/\"}]}<\/script>\n<!-- \/ Yoast SEO plugin. -->","yoast_head_json":{"title":"Stora Enso und Huhtamaki starten Recyclingprogramm f\u00fcr Pappbecher im industriellen Ma\u00dfstab in Europa - Pro Carton","robots":{"index":"index","follow":"follow","max-snippet":"max-snippet:-1","max-image-preview":"max-image-preview:large","max-video-preview":"max-video-preview:-1"},"canonical":"https:\/\/www.procarton.com\/de\/stora-enso-and-huhtamaki-launch-industrial-scale-recycling-programme-for-paper-cups-in-europe\/","og_locale":"de_DE","og_type":"article","og_title":"Stora Enso and Huhtamaki launch industrial scale recycling programme for paper cups in Europe - Pro Carton","og_description":"Stora Enso and Huhtamaki have joined forces to launch a new paper cup recycling initiative, The Cup Collective.","og_url":"https:\/\/www.procarton.com\/de\/stora-enso-and-huhtamaki-launch-industrial-scale-recycling-programme-for-paper-cups-in-europe\/","og_site_name":"Pro Carton","article_publisher":"https:\/\/www.facebook.com\/procartondesignaward\/","article_published_time":"2023-01-19T16:36:43+00:00","article_modified_time":"2023-02-02T17:11:47+00:00","og_image":[{"width":1200,"height":1392,"url":"https:\/\/www.procarton.com\/wp-content\/uploads\/2023\/01\/1200px-Stora_Enso_logo.svg.png","type":"image\/png"}],"author":"ryan@procarton.com","twitter_card":"summary_large_image","twitter_creator":"@pro_carton","twitter_site":"@pro_carton","twitter_misc":{"Verfasst von":"ryan@procarton.com","Gesch\u00e4tzte Lesezeit":"4\u00a0Minuten"},"schema":{"@context":"https:\/\/schema.org","@graph":[{"@type":"Article","@id":"https:\/\/www.procarton.com\/stora-enso-and-huhtamaki-launch-industrial-scale-recycling-programme-for-paper-cups-in-europe\/#article","isPartOf":{"@id":"https:\/\/www.procarton.com\/stora-enso-and-huhtamaki-launch-industrial-scale-recycling-programme-for-paper-cups-in-europe\/"},"author":{"name":"ryan@procarton.com","@id":"https:\/\/www.procarton.com\/es\/#\/schema\/person\/8f52811f36555e3fbe8aa433fda4f5b5"},"headline":"Stora Enso and Huhtamaki launch industrial scale recycling programme for paper cups in Europe","datePublished":"2023-01-19T16:36:43+00:00","dateModified":"2023-02-02T17:11:47+00:00","mainEntityOfPage":{"@id":"https:\/\/www.procarton.com\/stora-enso-and-huhtamaki-launch-industrial-scale-recycling-programme-for-paper-cups-in-europe\/"},"wordCount":1246,"publisher":{"@id":"https:\/\/www.procarton.com\/es\/#organization"},"image":{"@id":"https:\/\/www.procarton.com\/stora-enso-and-huhtamaki-launch-industrial-scale-recycling-programme-for-paper-cups-in-europe\/#primaryimage"},"thumbnailUrl":"https:\/\/www.procarton.com\/wp-content\/uploads\/2023\/01\/1200px-Stora_Enso_logo.svg.png","articleSection":["Pro Carton Member News","Sustainability"],"inLanguage":"de"},{"@type":"WebPage","@id":"https:\/\/www.procarton.com\/stora-enso-and-huhtamaki-launch-industrial-scale-recycling-programme-for-paper-cups-in-europe\/","url":"https:\/\/www.procarton.com\/stora-enso-and-huhtamaki-launch-industrial-scale-recycling-programme-for-paper-cups-in-europe\/","name":"Stora Enso und Huhtamaki starten Recyclingprogramm f\u00fcr Pappbecher im industriellen Ma\u00dfstab in Europa - Pro Carton","isPartOf":{"@id":"https:\/\/www.procarton.com\/es\/#website"},"primaryImageOfPage":{"@id":"https:\/\/www.procarton.com\/stora-enso-and-huhtamaki-launch-industrial-scale-recycling-programme-for-paper-cups-in-europe\/#primaryimage"},"image":{"@id":"https:\/\/www.procarton.com\/stora-enso-and-huhtamaki-launch-industrial-scale-recycling-programme-for-paper-cups-in-europe\/#primaryimage"},"thumbnailUrl":"https:\/\/www.procarton.com\/wp-content\/uploads\/2023\/01\/1200px-Stora_Enso_logo.svg.png","datePublished":"2023-01-19T16:36:43+00:00","dateModified":"2023-02-02T17:11:47+00:00","breadcrumb":{"@id":"https:\/\/www.procarton.com\/stora-enso-and-huhtamaki-launch-industrial-scale-recycling-programme-for-paper-cups-in-europe\/#breadcrumb"},"inLanguage":"de","potentialAction":[{"@type":"ReadAction","target":["https:\/\/www.procarton.com\/stora-enso-and-huhtamaki-launch-industrial-scale-recycling-programme-for-paper-cups-in-europe\/"]}]},{"@type":"ImageObject","inLanguage":"de","@id":"https:\/\/www.procarton.com\/stora-enso-and-huhtamaki-launch-industrial-scale-recycling-programme-for-paper-cups-in-europe\/#primaryimage","url":"https:\/\/www.procarton.com\/wp-content\/uploads\/2023\/01\/1200px-Stora_Enso_logo.svg.png","contentUrl":"https:\/\/www.procarton.com\/wp-content\/uploads\/2023\/01\/1200px-Stora_Enso_logo.svg.png","width":1200,"height":1392},{"@type":"BreadcrumbList","@id":"https:\/\/www.procarton.com\/stora-enso-and-huhtamaki-launch-industrial-scale-recycling-programme-for-paper-cups-in-europe\/#breadcrumb","itemListElement":[{"@type":"ListItem","position":1,"name":"Home","item":"https:\/\/www.procarton.com\/"},{"@type":"ListItem","position":2,"name":"Stora Enso and Huhtamaki launch industrial scale recycling programme for paper cups in Europe"}]},{"@type":"WebSite","@id":"https:\/\/www.procarton.com\/es\/#website","url":"https:\/\/www.procarton.com\/es\/","name":"Pro Carton","description":"","publisher":{"@id":"https:\/\/www.procarton.com\/es\/#organization"},"potentialAction":[{"@type":"SearchAction","target":{"@type":"EntryPoint","urlTemplate":"https:\/\/www.procarton.com\/es\/?s={search_term_string}"},"query-input":{"@type":"PropertyValueSpecification","valueRequired":true,"valueName":"search_term_string"}}],"inLanguage":"de"},{"@type":"Organization","@id":"https:\/\/www.procarton.com\/es\/#organization","name":"ProCarton","url":"https:\/\/www.procarton.com\/es\/","logo":{"@type":"ImageObject","inLanguage":"de","@id":"https:\/\/www.procarton.com\/es\/#\/schema\/logo\/image\/","url":"https:\/\/www.procarton.com\/wp-content\/uploads\/2022\/06\/logo-mit-slogan.jpg","contentUrl":"https:\/\/www.procarton.com\/wp-content\/uploads\/2022\/06\/logo-mit-slogan.jpg","width":422,"height":519,"caption":"ProCarton"},"image":{"@id":"https:\/\/www.procarton.com\/es\/#\/schema\/logo\/image\/"},"sameAs":["https:\/\/www.facebook.com\/procartondesignaward\/","https:\/\/x.com\/pro_carton"]},{"@type":"Person","@id":"https:\/\/www.procarton.com\/es\/#\/schema\/person\/8f52811f36555e3fbe8aa433fda4f5b5","name":"ryan@procarton.com","url":"https:\/\/www.procarton.com\/de\/author\/pro-carton-3\/"}]}},"_links":{"self":[{"href":"https:\/\/www.procarton.com\/de\/wp-json\/wp\/v2\/posts\/284329","targetHints":{"allow":["GET"]}}],"collection":[{"href":"https:\/\/www.procarton.com\/de\/wp-json\/wp\/v2\/posts"}],"about":[{"href":"https:\/\/www.procarton.com\/de\/wp-json\/wp\/v2\/types\/post"}],"author":[{"embeddable":true,"href":"https:\/\/www.procarton.com\/de\/wp-json\/wp\/v2\/users\/1286"}],"replies":[{"embeddable":true,"href":"https:\/\/www.procarton.com\/de\/wp-json\/wp\/v2\/comments?post=284329"}],"version-history":[{"count":3,"href":"https:\/\/www.procarton.com\/de\/wp-json\/wp\/v2\/posts\/284329\/revisions"}],"predecessor-version":[{"id":284350,"href":"https:\/\/www.procarton.com\/de\/wp-json\/wp\/v2\/posts\/284329\/revisions\/284350"}],"wp:featuredmedia":[{"embeddable":true,"href":"https:\/\/www.procarton.com\/de\/wp-json\/wp\/v2\/media\/283901"}],"wp:attachment":[{"href":"https:\/\/www.procarton.com\/de\/wp-json\/wp\/v2\/media?parent=284329"}],"wp:term":[{"taxonomy":"category","embeddable":true,"href":"https:\/\/www.procarton.com\/de\/wp-json\/wp\/v2\/categories?post=284329"},{"taxonomy":"post_tag","embeddable":true,"href":"https:\/\/www.procarton.com\/de\/wp-json\/wp\/v2\/tags?post=284329"}],"curies":[{"name":"wp","href":"https:\/\/api.w.org\/{rel}","templated":true}]}}