{"id":284317,"date":"2023-01-11T16:20:54","date_gmt":"2023-01-11T16:20:54","guid":{"rendered":"https:\/\/www.procarton.com\/?p=284317"},"modified":"2023-02-02T17:12:46","modified_gmt":"2023-02-02T17:12:46","slug":"metsa-board-publishes-a-video-series-on-the-sustainably-managed-forest-cycle","status":"publish","type":"post","link":"https:\/\/www.procarton.com\/de\/metsa-board-publishes-a-video-series-on-the-sustainably-managed-forest-cycle\/","title":{"rendered":"Mets\u00e4 Board ver\u00f6ffentlicht eine Videoserie \u00fcber den nachhaltig bewirtschafteten Waldkreislauf"},"content":{"rendered":"<div class=\"av-animated-generic top-to-bottom flex_column av_three_fourth  flex_column_div av-zero-column-padding first  avia-builder-el-0  el_before_av_one_fourth  avia-builder-el-first\" style='border-radius:0px; '>\n<section class=\"av_textblock_section\"  itemscope=\"itemscope\" itemtype=\"https:\/\/schema.org\/BlogPosting\" itemprop=\"blogPost\" >\n<div class='avia_textblock'   itemprop=\"text\" >\n<div class=\"row\">\n<div class=\"introduction col-md-6 text-center mx-auto\">\n<p class=\"main-intro introduction__text\">Mets\u00e4 Board hat eine Reihe von f\u00fcnf Videos ver\u00f6ffentlicht, die den finnischen Waldkreislauf beschreiben und zeigen, wie eine verantwortungsvolle Waldbewirtschaftung die biologische Vielfalt der W\u00e4lder und ein nachhaltiges Waldwachstum f\u00f6rdert.<\/p>\n<p>Das erste Video der Reihe befasst sich mit der Waldverj\u00fcngung und der Bewirtschaftung der biologischen Vielfalt, das zweite mit der Bewirtschaftung von Jungw\u00e4ldern und das dritte mit der Durchforstung. Im vierten Video geht es um kr\u00e4uterreiche W\u00e4lder, die nur 1% der finnischen W\u00e4lder ausmachen, aber die H\u00e4lfte der bedrohten Waldarten beherbergen. Das f\u00fcnfte und letzte Video der Reihe befasst sich mit dem Klimawandel und der Kreislaufwirtschaft.<\/p>\n<p>\"Unser Ziel war es, den nachhaltigen nordischen Waldkreislauf auf leicht verst\u00e4ndliche Weise zu erkl\u00e4ren und gleichzeitig g\u00e4ngige Missverst\u00e4ndnisse zu korrigieren. \"Viele Menschen denken zum Beispiel immer noch, dass f\u00fcr die Herstellung von Pappe und Papier ausgewachsene B\u00e4ume geerntet werden. Tats\u00e4chlich werden diese Produkte aus einem chemischen Zellstoff hergestellt, f\u00fcr den kleinere Holzst\u00fccke aus Durchforstungen und die d\u00fcnneren oberen Teile der B\u00e4ume verwendet werden; der Hauptstamm wird f\u00fcr Holzprodukte und Schnittholz verwendet\", so\u00a0<strong>Ritva M\u00f6nk\u00e4re<\/strong>, Kommunikationsmanagerin bei Mets\u00e4 Board.<\/p>\n<p>Die Videoserie wurde im Nemus Futurum, dem Waldbesucherzentrum der Mets\u00e4 Group in Lohja, Finnland, gedreht. Die Videos sind auf der Website von Mets\u00e4 Board und auf YouTube verf\u00fcgbar.<\/p>\n<\/div>\n<\/div>\n<article class=\"main-content\">\n<div class=\"row\">\n<div class=\"col-md-6 mx-auto\"><\/div>\n<\/div>\n<\/article>\n<\/div>\n<\/section>\n<\/div>\n<div class=\"av-animated-generic top-to-bottom flex_column av_one_fourth  flex_column_div av-zero-column-padding avia-link-column av-column-link   avia-builder-el-2  el_after_av_three_fourth  el_before_av_one_full\" style='border-radius:0px; ' data-link-column-url=\"https:\/\/www.metsagroup.com\/metsaboard\/news-and-publications\/articles\/video-series-on-the-sustainably-managed-forest-cycle\/\"  data-link-column-target=\"_blank\" ><a class=\"av-screen-reader-only\" href=\"https:\/\/www.metsagroup.com\/metsaboard\/news-and-publications\/articles\/video-series-on-the-sustainably-managed-forest-cycle\/\" target=\"_blank\" rel=\"noopener\">Folgen Sie einem manuell hinzugef\u00fcgten Link<\/a><\/p>\n<div  class='avia-image-container  av-styling-    avia-builder-el-3  el_before_av_button  avia-builder-el-first  avia-align-center'  itemprop=\"image\" itemscope=\"itemscope\" itemtype=\"https:\/\/schema.org\/ImageObject\"  >\n<div class='avia-image-container-inner'>\n<div class='avia-image-overlay-wrap'><img decoding=\"async\" width=\"300\" height=\"139\" class='wp-image-277393 avia-img-lazy-loading-not-277393 avia_image' src=\"https:\/\/www.procarton.com\/wp-content\/uploads\/2022\/05\/Metsa_Horiz_Logo_Color_RGB-300x139.png\" alt='' title='Metsa_Horiz_Logo_Color_RGB'  itemprop=\"thumbnailUrl\" srcset=\"https:\/\/www.procarton.com\/wp-content\/uploads\/2022\/05\/Metsa_Horiz_Logo_Color_RGB-300x139.png 300w, https:\/\/www.procarton.com\/wp-content\/uploads\/2022\/05\/Metsa_Horiz_Logo_Color_RGB-1030x477.png 1030w, https:\/\/www.procarton.com\/wp-content\/uploads\/2022\/05\/Metsa_Horiz_Logo_Color_RGB-768x355.png 768w, https:\/\/www.procarton.com\/wp-content\/uploads\/2022\/05\/Metsa_Horiz_Logo_Color_RGB-18x8.png 18w, https:\/\/www.procarton.com\/wp-content\/uploads\/2022\/05\/Metsa_Horiz_Logo_Color_RGB-705x326.png 705w, https:\/\/www.procarton.com\/wp-content\/uploads\/2022\/05\/Metsa_Horiz_Logo_Color_RGB.png 1180w\" sizes=\"(max-width: 300px) 100vw, 300px\" \/><\/div>\n<\/div>\n<\/div>\n<div  class='avia-button-wrap avia-button-center  avia-builder-el-4  el_after_av_image  avia-builder-el-last' ><a href='https:\/\/www.metsagroup.com\/metsaboard\/news-and-publications\/articles\/video-series-on-the-sustainably-managed-forest-cycle\/' class='avia-button  avia-color-theme-color   avia-icon_select-no avia-size-small avia-position-center' target=\"_blank\" rel=\"noopener noreferrer\"><span class='avia_iconbox_title' >Klicken Sie, um die Videos anzusehen.<\/span><\/a><\/div>\n<\/div>\n<div class=\"av-animated-generic top-to-bottom flex_column av_one_full  flex_column_div av-zero-column-padding first  avia-builder-el-5  el_after_av_one_fourth  avia-builder-el-last  column-top-margin\" style='border-radius:0px; '>\n<section class=\"av_textblock_section\"  itemscope=\"itemscope\" itemtype=\"https:\/\/schema.org\/BlogPosting\" itemprop=\"blogPost\" >\n<div class='avia_textblock'   itemprop=\"text\" >\n<h4><strong>Aktuelle Nachrichten f\u00fcr Pro Carton-Mitglieder:<\/strong><\/h4>\n<ul>\n<li class=\"main-title entry-title\"><a title=\"Permanenter Link: Holmen Iggesund &amp; Yangi\u00ae starten eine Zusammenarbeit zur Erforschung innovativer nachhaltiger Verpackungskonzepte f\u00fcr die Kosmetikindustrie\" href=\"https:\/\/www.procarton.com\/holmen-iggesund-yangi-embark-on-a-collaboration-to-explore-innovative-sustainable-packaging-concepts-for-the-cosmetic-industry\/\" rel=\"bookmark\">Holmen Iggesund und Yangi\u00ae beginnen eine Zusammenarbeit zur Erforschung innovativer nachhaltiger Verpackungskonzepte f\u00fcr die Kosmetikindustrie<\/a><\/li>\n<li><a title=\"Permanenter Link: Die Provinz Gelderland (NL) wird sich an einem innovativen Wasserkreislauf f\u00fcr Papierfabriken in Eerbeek beteiligen\" href=\"https:\/\/www.procarton.com\/gelderland-province-nl-will-participate-on-innovative-water-roundabout-for-paper-mills-in-eerbeek\/\" rel=\"bookmark\">Die Provinz Gelderland (NL) wird sich an einem innovativen Wasserkreislauf f\u00fcr Papierfabriken in Eerbeek beteiligen<\/a><\/li>\n<li><a title=\"Permanenter Link: Billerud beh\u00e4lt f\u00fchrende Position im Nachhaltigkeitsindex\" href=\"https:\/\/www.procarton.com\/billerud-keeps-leading-position-in-sustainability-index\/\" rel=\"bookmark\">Billerud beh\u00e4lt f\u00fchrende Position im Nachhaltigkeitsindex<\/a><\/li>\n<li><a title=\"Permanenter Link: A-Liste&quot; f\u00fcr Mayr-Melnhof\" href=\"https:\/\/www.procarton.com\/a-list-for-mayr-melnhof\/\" target=\"_blank\" rel=\"bookmark noopener\">A-Liste\" f\u00fcr Mayr-Melnhof<\/a><\/li>\n<li><a title=\"Permanenter Link: Stora Enso - &quot;Sie kennen wahrscheinlich den Kohlenstoff-Fu\u00dfabdruck. Jetzt lernen Sie den Kohlenstoff-Handabdruck kennen.&quot;- Tiina Pursula\" href=\"https:\/\/www.procarton.com\/stora-enso-you-probably-know-about-the-carbon-footprint-now-meet-the-carbon-handprint-tiina-pursula\/\" target=\"_blank\" rel=\"bookmark noopener\">Stora Enso - \"Sie kennen wahrscheinlich den Kohlenstoff-Fu\u00dfabdruck. Jetzt lernen Sie den Kohlenstoff-Handabdruck kennen.\"- Tiina Pursula<\/a><\/li>\n<\/ul>\n<\/div>\n<\/section>\n<\/div>","protected":false},"excerpt":{"rendered":"<p>Mets\u00e4 Board hat eine Reihe von f\u00fcnf Videos ver\u00f6ffentlicht, die den finnischen Waldkreislauf beschreiben und zeigen, wie eine verantwortungsvolle Waldbewirtschaftung die biologische Vielfalt der W\u00e4lder und ein nachhaltiges Waldwachstum f\u00f6rdert.<\/p>","protected":false},"author":1286,"featured_media":277393,"comment_status":"closed","ping_status":"open","sticky":false,"template":"","format":"standard","meta":{"inline_featured_image":false,"footnotes":""},"categories":[66,52],"tags":[],"class_list":["post-284317","post","type-post","status-publish","format-standard","has-post-thumbnail","hentry","category-latest-member-news","category-sustainability"],"yoast_head":"<!-- This site is optimized with the Yoast SEO plugin v27.4 - https:\/\/yoast.com\/product\/yoast-seo-wordpress\/ -->\n<title>Mets\u00e4 Board publishes a video series on the sustainably managed forest cycle - Pro Carton<\/title>\n<meta name=\"robots\" content=\"index, follow, max-snippet:-1, max-image-preview:large, max-video-preview:-1\" \/>\n<link rel=\"canonical\" href=\"https:\/\/www.procarton.com\/de\/metsa-board-publishes-a-video-series-on-the-sustainably-managed-forest-cycle\/\" \/>\n<meta property=\"og:locale\" content=\"de_DE\" \/>\n<meta property=\"og:type\" content=\"article\" \/>\n<meta property=\"og:title\" content=\"Mets\u00e4 Board publishes a video series on the sustainably managed forest cycle - Pro Carton\" \/>\n<meta property=\"og:description\" content=\"Mets\u00e4 Board has published a series of five videos describing the Finnish forest cycle and how responsible forest management supports forest biodiversity and sustainable forest growth.\" \/>\n<meta property=\"og:url\" content=\"https:\/\/www.procarton.com\/de\/metsa-board-publishes-a-video-series-on-the-sustainably-managed-forest-cycle\/\" \/>\n<meta property=\"og:site_name\" content=\"Pro Carton\" \/>\n<meta property=\"article:publisher\" content=\"https:\/\/www.facebook.com\/procartondesignaward\/\" \/>\n<meta property=\"article:published_time\" content=\"2023-01-11T16:20:54+00:00\" \/>\n<meta property=\"article:modified_time\" content=\"2023-02-02T17:12:46+00:00\" \/>\n<meta property=\"og:image\" content=\"https:\/\/www.procarton.com\/wp-content\/uploads\/2022\/05\/Metsa_Horiz_Logo_Color_RGB.png\" \/>\n\t<meta property=\"og:image:width\" content=\"1180\" \/>\n\t<meta property=\"og:image:height\" content=\"546\" \/>\n\t<meta property=\"og:image:type\" content=\"image\/png\" \/>\n<meta name=\"author\" content=\"ryan@procarton.com\" \/>\n<meta name=\"twitter:card\" content=\"summary_large_image\" \/>\n<meta name=\"twitter:creator\" content=\"@pro_carton\" \/>\n<meta name=\"twitter:site\" content=\"@pro_carton\" \/>\n<meta name=\"twitter:label1\" content=\"Verfasst von\" \/>\n\t<meta name=\"twitter:data1\" content=\"ryan@procarton.com\" \/>\n\t<meta name=\"twitter:label2\" content=\"Gesch\u00e4tzte Lesezeit\" \/>\n\t<meta name=\"twitter:data2\" content=\"3\u00a0Minuten\" \/>\n<script type=\"application\/ld+json\" class=\"yoast-schema-graph\">{\"@context\":\"https:\\\/\\\/schema.org\",\"@graph\":[{\"@type\":\"Article\",\"@id\":\"https:\\\/\\\/www.procarton.com\\\/metsa-board-publishes-a-video-series-on-the-sustainably-managed-forest-cycle\\\/#article\",\"isPartOf\":{\"@id\":\"https:\\\/\\\/www.procarton.com\\\/metsa-board-publishes-a-video-series-on-the-sustainably-managed-forest-cycle\\\/\"},\"author\":{\"name\":\"ryan@procarton.com\",\"@id\":\"https:\\\/\\\/www.procarton.com\\\/es\\\/#\\\/schema\\\/person\\\/8f52811f36555e3fbe8aa433fda4f5b5\"},\"headline\":\"Mets\u00e4 Board publishes a video series on the sustainably managed forest cycle\",\"datePublished\":\"2023-01-11T16:20:54+00:00\",\"dateModified\":\"2023-02-02T17:12:46+00:00\",\"mainEntityOfPage\":{\"@id\":\"https:\\\/\\\/www.procarton.com\\\/metsa-board-publishes-a-video-series-on-the-sustainably-managed-forest-cycle\\\/\"},\"wordCount\":965,\"publisher\":{\"@id\":\"https:\\\/\\\/www.procarton.com\\\/es\\\/#organization\"},\"image\":{\"@id\":\"https:\\\/\\\/www.procarton.com\\\/metsa-board-publishes-a-video-series-on-the-sustainably-managed-forest-cycle\\\/#primaryimage\"},\"thumbnailUrl\":\"https:\\\/\\\/www.procarton.com\\\/wp-content\\\/uploads\\\/2022\\\/05\\\/Metsa_Horiz_Logo_Color_RGB.png\",\"articleSection\":[\"Pro Carton Member News\",\"Sustainability\"],\"inLanguage\":\"de\"},{\"@type\":\"WebPage\",\"@id\":\"https:\\\/\\\/www.procarton.com\\\/metsa-board-publishes-a-video-series-on-the-sustainably-managed-forest-cycle\\\/\",\"url\":\"https:\\\/\\\/www.procarton.com\\\/metsa-board-publishes-a-video-series-on-the-sustainably-managed-forest-cycle\\\/\",\"name\":\"Mets\u00e4 Board publishes a video series on the sustainably managed forest cycle - Pro Carton\",\"isPartOf\":{\"@id\":\"https:\\\/\\\/www.procarton.com\\\/es\\\/#website\"},\"primaryImageOfPage\":{\"@id\":\"https:\\\/\\\/www.procarton.com\\\/metsa-board-publishes-a-video-series-on-the-sustainably-managed-forest-cycle\\\/#primaryimage\"},\"image\":{\"@id\":\"https:\\\/\\\/www.procarton.com\\\/metsa-board-publishes-a-video-series-on-the-sustainably-managed-forest-cycle\\\/#primaryimage\"},\"thumbnailUrl\":\"https:\\\/\\\/www.procarton.com\\\/wp-content\\\/uploads\\\/2022\\\/05\\\/Metsa_Horiz_Logo_Color_RGB.png\",\"datePublished\":\"2023-01-11T16:20:54+00:00\",\"dateModified\":\"2023-02-02T17:12:46+00:00\",\"breadcrumb\":{\"@id\":\"https:\\\/\\\/www.procarton.com\\\/metsa-board-publishes-a-video-series-on-the-sustainably-managed-forest-cycle\\\/#breadcrumb\"},\"inLanguage\":\"de\",\"potentialAction\":[{\"@type\":\"ReadAction\",\"target\":[\"https:\\\/\\\/www.procarton.com\\\/metsa-board-publishes-a-video-series-on-the-sustainably-managed-forest-cycle\\\/\"]}]},{\"@type\":\"ImageObject\",\"inLanguage\":\"de\",\"@id\":\"https:\\\/\\\/www.procarton.com\\\/metsa-board-publishes-a-video-series-on-the-sustainably-managed-forest-cycle\\\/#primaryimage\",\"url\":\"https:\\\/\\\/www.procarton.com\\\/wp-content\\\/uploads\\\/2022\\\/05\\\/Metsa_Horiz_Logo_Color_RGB.png\",\"contentUrl\":\"https:\\\/\\\/www.procarton.com\\\/wp-content\\\/uploads\\\/2022\\\/05\\\/Metsa_Horiz_Logo_Color_RGB.png\",\"width\":1180,\"height\":546},{\"@type\":\"BreadcrumbList\",\"@id\":\"https:\\\/\\\/www.procarton.com\\\/metsa-board-publishes-a-video-series-on-the-sustainably-managed-forest-cycle\\\/#breadcrumb\",\"itemListElement\":[{\"@type\":\"ListItem\",\"position\":1,\"name\":\"Home\",\"item\":\"https:\\\/\\\/www.procarton.com\\\/\"},{\"@type\":\"ListItem\",\"position\":2,\"name\":\"Mets\u00e4 Board publishes a video series on the sustainably managed forest cycle\"}]},{\"@type\":\"WebSite\",\"@id\":\"https:\\\/\\\/www.procarton.com\\\/es\\\/#website\",\"url\":\"https:\\\/\\\/www.procarton.com\\\/es\\\/\",\"name\":\"Pro Carton\",\"description\":\"\",\"publisher\":{\"@id\":\"https:\\\/\\\/www.procarton.com\\\/es\\\/#organization\"},\"potentialAction\":[{\"@type\":\"SearchAction\",\"target\":{\"@type\":\"EntryPoint\",\"urlTemplate\":\"https:\\\/\\\/www.procarton.com\\\/es\\\/?s={search_term_string}\"},\"query-input\":{\"@type\":\"PropertyValueSpecification\",\"valueRequired\":true,\"valueName\":\"search_term_string\"}}],\"inLanguage\":\"de\"},{\"@type\":\"Organization\",\"@id\":\"https:\\\/\\\/www.procarton.com\\\/es\\\/#organization\",\"name\":\"ProCarton\",\"url\":\"https:\\\/\\\/www.procarton.com\\\/es\\\/\",\"logo\":{\"@type\":\"ImageObject\",\"inLanguage\":\"de\",\"@id\":\"https:\\\/\\\/www.procarton.com\\\/es\\\/#\\\/schema\\\/logo\\\/image\\\/\",\"url\":\"https:\\\/\\\/www.procarton.com\\\/wp-content\\\/uploads\\\/2022\\\/06\\\/logo-mit-slogan.jpg\",\"contentUrl\":\"https:\\\/\\\/www.procarton.com\\\/wp-content\\\/uploads\\\/2022\\\/06\\\/logo-mit-slogan.jpg\",\"width\":422,\"height\":519,\"caption\":\"ProCarton\"},\"image\":{\"@id\":\"https:\\\/\\\/www.procarton.com\\\/es\\\/#\\\/schema\\\/logo\\\/image\\\/\"},\"sameAs\":[\"https:\\\/\\\/www.facebook.com\\\/procartondesignaward\\\/\",\"https:\\\/\\\/x.com\\\/pro_carton\"]},{\"@type\":\"Person\",\"@id\":\"https:\\\/\\\/www.procarton.com\\\/es\\\/#\\\/schema\\\/person\\\/8f52811f36555e3fbe8aa433fda4f5b5\",\"name\":\"ryan@procarton.com\",\"url\":\"https:\\\/\\\/www.procarton.com\\\/de\\\/author\\\/pro-carton-3\\\/\"}]}<\/script>\n<!-- \/ Yoast SEO plugin. -->","yoast_head_json":{"title":"Mets\u00e4 Board ver\u00f6ffentlicht eine Videoserie \u00fcber den nachhaltig bewirtschafteten Waldkreislauf - Pro Carton","robots":{"index":"index","follow":"follow","max-snippet":"max-snippet:-1","max-image-preview":"max-image-preview:large","max-video-preview":"max-video-preview:-1"},"canonical":"https:\/\/www.procarton.com\/de\/metsa-board-publishes-a-video-series-on-the-sustainably-managed-forest-cycle\/","og_locale":"de_DE","og_type":"article","og_title":"Mets\u00e4 Board publishes a video series on the sustainably managed forest cycle - Pro Carton","og_description":"Mets\u00e4 Board has published a series of five videos describing the Finnish forest cycle and how responsible forest management supports forest biodiversity and sustainable forest growth.","og_url":"https:\/\/www.procarton.com\/de\/metsa-board-publishes-a-video-series-on-the-sustainably-managed-forest-cycle\/","og_site_name":"Pro Carton","article_publisher":"https:\/\/www.facebook.com\/procartondesignaward\/","article_published_time":"2023-01-11T16:20:54+00:00","article_modified_time":"2023-02-02T17:12:46+00:00","og_image":[{"width":1180,"height":546,"url":"https:\/\/www.procarton.com\/wp-content\/uploads\/2022\/05\/Metsa_Horiz_Logo_Color_RGB.png","type":"image\/png"}],"author":"ryan@procarton.com","twitter_card":"summary_large_image","twitter_creator":"@pro_carton","twitter_site":"@pro_carton","twitter_misc":{"Verfasst von":"ryan@procarton.com","Gesch\u00e4tzte Lesezeit":"3\u00a0Minuten"},"schema":{"@context":"https:\/\/schema.org","@graph":[{"@type":"Article","@id":"https:\/\/www.procarton.com\/metsa-board-publishes-a-video-series-on-the-sustainably-managed-forest-cycle\/#article","isPartOf":{"@id":"https:\/\/www.procarton.com\/metsa-board-publishes-a-video-series-on-the-sustainably-managed-forest-cycle\/"},"author":{"name":"ryan@procarton.com","@id":"https:\/\/www.procarton.com\/es\/#\/schema\/person\/8f52811f36555e3fbe8aa433fda4f5b5"},"headline":"Mets\u00e4 Board publishes a video series on the sustainably managed forest cycle","datePublished":"2023-01-11T16:20:54+00:00","dateModified":"2023-02-02T17:12:46+00:00","mainEntityOfPage":{"@id":"https:\/\/www.procarton.com\/metsa-board-publishes-a-video-series-on-the-sustainably-managed-forest-cycle\/"},"wordCount":965,"publisher":{"@id":"https:\/\/www.procarton.com\/es\/#organization"},"image":{"@id":"https:\/\/www.procarton.com\/metsa-board-publishes-a-video-series-on-the-sustainably-managed-forest-cycle\/#primaryimage"},"thumbnailUrl":"https:\/\/www.procarton.com\/wp-content\/uploads\/2022\/05\/Metsa_Horiz_Logo_Color_RGB.png","articleSection":["Pro Carton Member News","Sustainability"],"inLanguage":"de"},{"@type":"WebPage","@id":"https:\/\/www.procarton.com\/metsa-board-publishes-a-video-series-on-the-sustainably-managed-forest-cycle\/","url":"https:\/\/www.procarton.com\/metsa-board-publishes-a-video-series-on-the-sustainably-managed-forest-cycle\/","name":"Mets\u00e4 Board ver\u00f6ffentlicht eine Videoserie \u00fcber den nachhaltig bewirtschafteten Waldkreislauf - Pro Carton","isPartOf":{"@id":"https:\/\/www.procarton.com\/es\/#website"},"primaryImageOfPage":{"@id":"https:\/\/www.procarton.com\/metsa-board-publishes-a-video-series-on-the-sustainably-managed-forest-cycle\/#primaryimage"},"image":{"@id":"https:\/\/www.procarton.com\/metsa-board-publishes-a-video-series-on-the-sustainably-managed-forest-cycle\/#primaryimage"},"thumbnailUrl":"https:\/\/www.procarton.com\/wp-content\/uploads\/2022\/05\/Metsa_Horiz_Logo_Color_RGB.png","datePublished":"2023-01-11T16:20:54+00:00","dateModified":"2023-02-02T17:12:46+00:00","breadcrumb":{"@id":"https:\/\/www.procarton.com\/metsa-board-publishes-a-video-series-on-the-sustainably-managed-forest-cycle\/#breadcrumb"},"inLanguage":"de","potentialAction":[{"@type":"ReadAction","target":["https:\/\/www.procarton.com\/metsa-board-publishes-a-video-series-on-the-sustainably-managed-forest-cycle\/"]}]},{"@type":"ImageObject","inLanguage":"de","@id":"https:\/\/www.procarton.com\/metsa-board-publishes-a-video-series-on-the-sustainably-managed-forest-cycle\/#primaryimage","url":"https:\/\/www.procarton.com\/wp-content\/uploads\/2022\/05\/Metsa_Horiz_Logo_Color_RGB.png","contentUrl":"https:\/\/www.procarton.com\/wp-content\/uploads\/2022\/05\/Metsa_Horiz_Logo_Color_RGB.png","width":1180,"height":546},{"@type":"BreadcrumbList","@id":"https:\/\/www.procarton.com\/metsa-board-publishes-a-video-series-on-the-sustainably-managed-forest-cycle\/#breadcrumb","itemListElement":[{"@type":"ListItem","position":1,"name":"Home","item":"https:\/\/www.procarton.com\/"},{"@type":"ListItem","position":2,"name":"Mets\u00e4 Board publishes a video series on the sustainably managed forest cycle"}]},{"@type":"WebSite","@id":"https:\/\/www.procarton.com\/es\/#website","url":"https:\/\/www.procarton.com\/es\/","name":"Pro Carton","description":"","publisher":{"@id":"https:\/\/www.procarton.com\/es\/#organization"},"potentialAction":[{"@type":"SearchAction","target":{"@type":"EntryPoint","urlTemplate":"https:\/\/www.procarton.com\/es\/?s={search_term_string}"},"query-input":{"@type":"PropertyValueSpecification","valueRequired":true,"valueName":"search_term_string"}}],"inLanguage":"de"},{"@type":"Organization","@id":"https:\/\/www.procarton.com\/es\/#organization","name":"ProCarton","url":"https:\/\/www.procarton.com\/es\/","logo":{"@type":"ImageObject","inLanguage":"de","@id":"https:\/\/www.procarton.com\/es\/#\/schema\/logo\/image\/","url":"https:\/\/www.procarton.com\/wp-content\/uploads\/2022\/06\/logo-mit-slogan.jpg","contentUrl":"https:\/\/www.procarton.com\/wp-content\/uploads\/2022\/06\/logo-mit-slogan.jpg","width":422,"height":519,"caption":"ProCarton"},"image":{"@id":"https:\/\/www.procarton.com\/es\/#\/schema\/logo\/image\/"},"sameAs":["https:\/\/www.facebook.com\/procartondesignaward\/","https:\/\/x.com\/pro_carton"]},{"@type":"Person","@id":"https:\/\/www.procarton.com\/es\/#\/schema\/person\/8f52811f36555e3fbe8aa433fda4f5b5","name":"ryan@procarton.com","url":"https:\/\/www.procarton.com\/de\/author\/pro-carton-3\/"}]}},"_links":{"self":[{"href":"https:\/\/www.procarton.com\/de\/wp-json\/wp\/v2\/posts\/284317","targetHints":{"allow":["GET"]}}],"collection":[{"href":"https:\/\/www.procarton.com\/de\/wp-json\/wp\/v2\/posts"}],"about":[{"href":"https:\/\/www.procarton.com\/de\/wp-json\/wp\/v2\/types\/post"}],"author":[{"embeddable":true,"href":"https:\/\/www.procarton.com\/de\/wp-json\/wp\/v2\/users\/1286"}],"replies":[{"embeddable":true,"href":"https:\/\/www.procarton.com\/de\/wp-json\/wp\/v2\/comments?post=284317"}],"version-history":[{"count":4,"href":"https:\/\/www.procarton.com\/de\/wp-json\/wp\/v2\/posts\/284317\/revisions"}],"predecessor-version":[{"id":284354,"href":"https:\/\/www.procarton.com\/de\/wp-json\/wp\/v2\/posts\/284317\/revisions\/284354"}],"wp:featuredmedia":[{"embeddable":true,"href":"https:\/\/www.procarton.com\/de\/wp-json\/wp\/v2\/media\/277393"}],"wp:attachment":[{"href":"https:\/\/www.procarton.com\/de\/wp-json\/wp\/v2\/media?parent=284317"}],"wp:term":[{"taxonomy":"category","embeddable":true,"href":"https:\/\/www.procarton.com\/de\/wp-json\/wp\/v2\/categories?post=284317"},{"taxonomy":"post_tag","embeddable":true,"href":"https:\/\/www.procarton.com\/de\/wp-json\/wp\/v2\/tags?post=284317"}],"curies":[{"name":"wp","href":"https:\/\/api.w.org\/{rel}","templated":true}]}}