{"id":283285,"date":"2022-12-15T09:20:24","date_gmt":"2022-12-15T09:20:24","guid":{"rendered":"https:\/\/www.procarton.com\/?p=283285"},"modified":"2022-12-16T07:58:41","modified_gmt":"2022-12-16T07:58:41","slug":"an-interview-with-michele-bianchi-president-of-pro-carton","status":"publish","type":"post","link":"https:\/\/www.procarton.com\/de\/an-interview-with-michele-bianchi-president-of-pro-carton\/","title":{"rendered":"Einblicke von Michele Bianchi, Pr\u00e4sident von Pro Carton"},"content":{"rendered":"<div class=\"av-animated-generic top-to-bottom flex_column av_three_fourth  flex_column_div av-zero-column-padding first  avia-builder-el-0  el_before_av_one_fourth  avia-builder-el-first\" style='border-radius:0px; '>\n<section class=\"av_textblock_section\"  itemscope=\"itemscope\" itemtype=\"https:\/\/schema.org\/BlogPosting\" itemprop=\"blogPost\" >\n<div class='avia_textblock'   itemprop=\"text\" >\n<p><strong>Sie sind jetzt seit 50 Tagen als Pr\u00e4sident von Pro Carton im Amt. Was ist Ihr unmittelbarer Eindruck davon, CEPI Cartonboard und Pro Carton in eine gemeinsame Zukunft zu f\u00fchren?<\/strong><\/p>\n<p>Ich bin \u00fcberzeugt, dass der Zusammenschluss von CEPI Cartonboard und Pro Carton zu einem starken Verband und eine engere Zusammenarbeit mit ECMA die richtige Plattform f\u00fcr die Zukunft der europ\u00e4ischen Karton- und Faltschachtelindustrie sein wird. Viele Herausforderungen liegen vor uns, einschlie\u00dflich gesetzlicher \u00c4nderungen, die eine starke Vertretung der Branche wichtiger denn je machen.<\/p>\n<p>Pro Carton hat sich mehr auf die Kommunikation konzentriert, w\u00e4hrend CEPI Cartonboard sich auf technische und statistische Daten konzentriert: Aus diesem Grund erg\u00e4nzen sich Pro Carton und CEPI Cartonboard gegenseitig.<\/p>\n<\/div>\n<\/section>\n<\/div>\n<div class=\"av-animated-generic top-to-bottom flex_column av_one_fourth  flex_column_div av-zero-column-padding   avia-builder-el-2  el_after_av_three_fourth  el_before_av_one_fourth\" style='border-radius:0px; '>\n<div  class='avia-image-container  av-styling-    avia-builder-el-3  avia-builder-el-no-sibling  avia-align-center'  itemprop=\"image\" itemscope=\"itemscope\" itemtype=\"https:\/\/schema.org\/ImageObject\"  >\n<div class='avia-image-container-inner'>\n<div class='avia-image-overlay-wrap'><img decoding=\"async\" width=\"300\" height=\"200\" class='wp-image-283288 avia-img-lazy-loading-not-283288 avia_image' src=\"https:\/\/www.procarton.com\/wp-content\/uploads\/2022\/11\/Michele-Bianchi-RDM-Group-CEO.-300x200.jpg\" alt='' title='Michele Bianchi, CEO der RDM-Gruppe.'  itemprop=\"thumbnailUrl\" srcset=\"https:\/\/www.procarton.com\/wp-content\/uploads\/2022\/11\/Michele-Bianchi-RDM-Group-CEO.-300x200.jpg 300w, https:\/\/www.procarton.com\/wp-content\/uploads\/2022\/11\/Michele-Bianchi-RDM-Group-CEO.-1030x687.jpg 1030w, https:\/\/www.procarton.com\/wp-content\/uploads\/2022\/11\/Michele-Bianchi-RDM-Group-CEO.-768x512.jpg 768w, https:\/\/www.procarton.com\/wp-content\/uploads\/2022\/11\/Michele-Bianchi-RDM-Group-CEO.-1536x1024.jpg 1536w, https:\/\/www.procarton.com\/wp-content\/uploads\/2022\/11\/Michele-Bianchi-RDM-Group-CEO.-2048x1365.jpg 2048w, https:\/\/www.procarton.com\/wp-content\/uploads\/2022\/11\/Michele-Bianchi-RDM-Group-CEO.-18x12.jpg 18w, https:\/\/www.procarton.com\/wp-content\/uploads\/2022\/11\/Michele-Bianchi-RDM-Group-CEO.-1500x1000.jpg 1500w, https:\/\/www.procarton.com\/wp-content\/uploads\/2022\/11\/Michele-Bianchi-RDM-Group-CEO.-705x470.jpg 705w\" sizes=\"(max-width: 300px) 100vw, 300px\" \/><\/div>\n<\/div>\n<\/div>\n<\/div>\n<div class=\"av-animated-generic top-to-bottom flex_column av_one_fourth  flex_column_div av-zero-column-padding first  avia-builder-el-4  el_after_av_one_fourth  el_before_av_three_fourth  column-top-margin\" style='border-radius:0px; '>\n<div  class='avia-image-container  av-styling-    avia-builder-el-5  avia-builder-el-no-sibling  avia-align-center'  itemprop=\"image\" itemscope=\"itemscope\" itemtype=\"https:\/\/schema.org\/ImageObject\"  >\n<div class='avia-image-container-inner'>\n<div class='avia-image-overlay-wrap'><img decoding=\"async\" width=\"300\" height=\"202\" class='wp-image-283290 avia-img-lazy-loading-not-283290 avia_image' src=\"https:\/\/www.procarton.com\/wp-content\/uploads\/2022\/11\/RdM_04-2021-6-300x202.jpg\" alt='' title='RdM_04-2021-6'  itemprop=\"thumbnailUrl\" srcset=\"https:\/\/www.procarton.com\/wp-content\/uploads\/2022\/11\/RdM_04-2021-6-300x202.jpg 300w, https:\/\/www.procarton.com\/wp-content\/uploads\/2022\/11\/RdM_04-2021-6-1030x693.jpg 1030w, https:\/\/www.procarton.com\/wp-content\/uploads\/2022\/11\/RdM_04-2021-6-768x517.jpg 768w, https:\/\/www.procarton.com\/wp-content\/uploads\/2022\/11\/RdM_04-2021-6-1536x1033.jpg 1536w, https:\/\/www.procarton.com\/wp-content\/uploads\/2022\/11\/RdM_04-2021-6-2048x1377.jpg 2048w, https:\/\/www.procarton.com\/wp-content\/uploads\/2022\/11\/RdM_04-2021-6-18x12.jpg 18w, https:\/\/www.procarton.com\/wp-content\/uploads\/2022\/11\/RdM_04-2021-6-1500x1009.jpg 1500w, https:\/\/www.procarton.com\/wp-content\/uploads\/2022\/11\/RdM_04-2021-6-705x474.jpg 705w\" sizes=\"(max-width: 300px) 100vw, 300px\" \/><\/div>\n<\/div>\n<\/div>\n<\/div>\n<div class=\"av-animated-generic top-to-bottom flex_column av_three_fourth  flex_column_div av-zero-column-padding   avia-builder-el-6  el_after_av_one_fourth  el_before_av_three_fourth  column-top-margin\" style='border-radius:0px; '>\n<section class=\"av_textblock_section\"  itemscope=\"itemscope\" itemtype=\"https:\/\/schema.org\/BlogPosting\" itemprop=\"blogPost\" >\n<div class='avia_textblock'   itemprop=\"text\" >\n<p><strong>Worin sehen Sie die wichtigsten Synergien zwischen Pro Carton und CEPI Cartonboard?<\/strong><\/p>\n<p>Die Hauptziele sind ein engeres Zusammenr\u00fccken f\u00fcr mehr Effektivit\u00e4t, Effizienz und Mitspracherecht durch neue spezifische Arbeitsbereiche, Marketing &amp; Kommunikation und \u00f6ffentliche Angelegenheiten sowie ein st\u00e4rkeres Engagement der Mitglieder. Genau aus diesem Grund m\u00fcssen wir in der Lage sein, schnell und klar zu kommunizieren und auf die Bed\u00fcrfnisse unserer Mitglieder einzugehen.<\/p>\n<\/div>\n<\/section>\n<\/div>\n<div class=\"av-animated-generic top-to-bottom flex_column av_three_fourth  flex_column_div av-zero-column-padding first  avia-builder-el-8  el_after_av_three_fourth  el_before_av_one_fourth  column-top-margin\" style='border-radius:0px; '>\n<section class=\"av_textblock_section\"  itemscope=\"itemscope\" itemtype=\"https:\/\/schema.org\/BlogPosting\" itemprop=\"blogPost\" >\n<div class='avia_textblock'   itemprop=\"text\" >\n<p><strong>Sie haben die Steigerung des Engagements der Mitglieder als einen der wichtigsten Vorteile der Fusion genannt. Was muss in den ersten 12 Monaten geschehen, damit Sie ein h\u00f6heres Engagement der Mitglieder feststellen k\u00f6nnen? <\/strong><\/p>\n<p>Wir m\u00fcssen die spezifischen Arbeitsbereiche Marketing und Kommunikation sowie \u00d6ffentlichkeitsarbeit schaffen und M\u00fchlen- und Konverterexperten einladen, zum Nutzen unserer Branche zusammenzuarbeiten. Au\u00dferdem m\u00fcssen wir die Kommunikation mit den Mitgliedern auf die n\u00e4chste Stufe heben, insbesondere f\u00fcr kleinere Mitglieder.<\/p>\n<p>Und nicht zuletzt arbeiten wir an Fokusgruppen, um das Engagement der Mitglieder zu erh\u00f6hen.<\/p>\n<\/div>\n<\/section>\n<\/div>\n<div class=\"av-animated-generic top-to-bottom flex_column av_one_fourth  flex_column_div av-zero-column-padding   avia-builder-el-10  el_after_av_three_fourth  el_before_av_one_fourth  column-top-margin\" style='border-radius:0px; '>\n<div  class='avia-image-container  av-styling-    avia-builder-el-11  avia-builder-el-no-sibling  avia-align-center'  itemprop=\"image\" itemscope=\"itemscope\" itemtype=\"https:\/\/schema.org\/ImageObject\"  >\n<div class='avia-image-container-inner'>\n<div class='avia-image-overlay-wrap'><img decoding=\"async\" width=\"300\" height=\"200\" class='wp-image-283291 avia-img-lazy-loading-not-283291 avia_image' src=\"https:\/\/www.procarton.com\/wp-content\/uploads\/2022\/11\/RdM_LQ_04-2021-120-300x200.jpg\" alt='' title='RdM_LQ_04-2021-120'  itemprop=\"thumbnailUrl\" srcset=\"https:\/\/www.procarton.com\/wp-content\/uploads\/2022\/11\/RdM_LQ_04-2021-120-300x200.jpg 300w, https:\/\/www.procarton.com\/wp-content\/uploads\/2022\/11\/RdM_LQ_04-2021-120-1030x687.jpg 1030w, https:\/\/www.procarton.com\/wp-content\/uploads\/2022\/11\/RdM_LQ_04-2021-120-768x512.jpg 768w, https:\/\/www.procarton.com\/wp-content\/uploads\/2022\/11\/RdM_LQ_04-2021-120-1536x1024.jpg 1536w, https:\/\/www.procarton.com\/wp-content\/uploads\/2022\/11\/RdM_LQ_04-2021-120-2048x1365.jpg 2048w, https:\/\/www.procarton.com\/wp-content\/uploads\/2022\/11\/RdM_LQ_04-2021-120-18x12.jpg 18w, https:\/\/www.procarton.com\/wp-content\/uploads\/2022\/11\/RdM_LQ_04-2021-120-1500x1000.jpg 1500w, https:\/\/www.procarton.com\/wp-content\/uploads\/2022\/11\/RdM_LQ_04-2021-120-705x470.jpg 705w\" sizes=\"(max-width: 300px) 100vw, 300px\" \/><\/div>\n<\/div>\n<\/div>\n<\/div>\n<div class=\"av-animated-generic top-to-bottom flex_column av_one_fourth  flex_column_div av-zero-column-padding first  avia-builder-el-12  el_after_av_one_fourth  el_before_av_three_fourth  column-top-margin\" style='border-radius:0px; '>\n<div  class='avia-image-container  av-styling-    avia-builder-el-13  avia-builder-el-no-sibling  avia-align-center'  itemprop=\"image\" itemscope=\"itemscope\" itemtype=\"https:\/\/schema.org\/ImageObject\"  >\n<div class='avia-image-container-inner'>\n<div class='avia-image-overlay-wrap'><img decoding=\"async\" width=\"300\" height=\"200\" class='wp-image-283292 avia-img-lazy-loading-not-283292 avia_image' src=\"https:\/\/www.procarton.com\/wp-content\/uploads\/2022\/11\/RdM_LQ_04-2021-121-300x200.jpg\" alt='' title='RdM_LQ_04-2021-121'  itemprop=\"thumbnailUrl\" srcset=\"https:\/\/www.procarton.com\/wp-content\/uploads\/2022\/11\/RdM_LQ_04-2021-121-300x200.jpg 300w, https:\/\/www.procarton.com\/wp-content\/uploads\/2022\/11\/RdM_LQ_04-2021-121-1030x687.jpg 1030w, https:\/\/www.procarton.com\/wp-content\/uploads\/2022\/11\/RdM_LQ_04-2021-121-768x512.jpg 768w, https:\/\/www.procarton.com\/wp-content\/uploads\/2022\/11\/RdM_LQ_04-2021-121-1536x1024.jpg 1536w, https:\/\/www.procarton.com\/wp-content\/uploads\/2022\/11\/RdM_LQ_04-2021-121-2048x1365.jpg 2048w, https:\/\/www.procarton.com\/wp-content\/uploads\/2022\/11\/RdM_LQ_04-2021-121-18x12.jpg 18w, https:\/\/www.procarton.com\/wp-content\/uploads\/2022\/11\/RdM_LQ_04-2021-121-1500x1000.jpg 1500w, https:\/\/www.procarton.com\/wp-content\/uploads\/2022\/11\/RdM_LQ_04-2021-121-705x470.jpg 705w\" sizes=\"(max-width: 300px) 100vw, 300px\" \/><\/div>\n<\/div>\n<\/div>\n<\/div>\n<div class=\"av-animated-generic top-to-bottom flex_column av_three_fourth  flex_column_div av-zero-column-padding   avia-builder-el-14  el_after_av_one_fourth  el_before_av_three_fourth  column-top-margin\" style='border-radius:0px; '>\n<section class=\"av_textblock_section\"  itemscope=\"itemscope\" itemtype=\"https:\/\/schema.org\/BlogPosting\" itemprop=\"blogPost\" >\n<div class='avia_textblock'   itemprop=\"text\" >\n<p><strong>Welche Erwartungen haben Sie an und von den Mitgliedsorganisationen?<\/strong><\/p>\n<p>Wir wollen die Stimme und der Unterst\u00fctzer f\u00fcr unsere Mitglieder sein, und zwar auf effektive und effiziente Weise. Das zunehmende Engagement der Mitglieder im Verband wird uns helfen, uns f\u00fcr die richtigen Themen einzusetzen und das Wesentliche zu kommunizieren, und wir werden unsere Pr\u00e4senz und auch das Bewusstsein innerhalb der Mitgliedsunternehmen erh\u00f6hen. Es ist einfach wichtig, auf mehr Mitgliedervertreter und Experten zu h\u00f6ren, um genau das Richtige zu tun!<\/p>\n<\/div>\n<\/section>\n<\/div>\n<div class=\"av-animated-generic top-to-bottom flex_column av_three_fourth  flex_column_div av-zero-column-padding first  avia-builder-el-16  el_after_av_three_fourth  el_before_av_one_fourth  column-top-margin\" style='border-radius:0px; '>\n<section class=\"av_textblock_section\"  itemscope=\"itemscope\" itemtype=\"https:\/\/schema.org\/BlogPosting\" itemprop=\"blogPost\" >\n<div class='avia_textblock'   itemprop=\"text\" >\n<p><strong>Welche drei W\u00fcnsche haben Sie f\u00fcr die Branche im Jahr 2023?<\/strong><\/p>\n<ol>\n<li><strong>Widerstandsf\u00e4higkeit<\/strong> - unsere Industrie muss weiterhin ihre Widerstandsf\u00e4higkeit gegen\u00fcber nahezu allen Krisen unter Beweis stellen, um unsere Kunden mit nachhaltigen und systemrelevanten Produkten zu versorgen.<\/li>\n<li><strong>Klarheit der Vorschriften<\/strong> - Wir brauchen Klarheit \u00fcber die Vorschriften, insbesondere \u00fcber die Verpackungsvorschriften in der EU und in jedem einzelnen Land, damit wir in \u00f6kologische Verpackungsl\u00f6sungen investieren und unsere Innovationskraft st\u00e4rken und ausrichten k\u00f6nnen, um den EU Green Deal zu unterst\u00fctzen.<\/li>\n<li><strong>Starkes Engagement der Mitglieder<\/strong>.<\/li>\n<\/ol>\n<\/div>\n<\/section>\n<\/div>\n<div class=\"av-animated-generic top-to-bottom flex_column av_one_fourth  flex_column_div av-zero-column-padding   avia-builder-el-18  el_after_av_three_fourth  avia-builder-el-last  column-top-margin\" style='border-radius:0px; '>\n<div  class='avia-image-container  av-styling-    avia-builder-el-19  avia-builder-el-no-sibling  avia-align-center'  itemprop=\"image\" itemscope=\"itemscope\" itemtype=\"https:\/\/schema.org\/ImageObject\"  >\n<div class='avia-image-container-inner'>\n<div class='avia-image-overlay-wrap'><img decoding=\"async\" width=\"241\" height=\"300\" class='wp-image-273535 avia-img-lazy-loading-not-273535 avia_image' src=\"https:\/\/www.procarton.com\/wp-content\/uploads\/2022\/01\/procarton-logo-241x300.jpg\" alt='' title='procarton-logo'  itemprop=\"thumbnailUrl\" srcset=\"https:\/\/www.procarton.com\/wp-content\/uploads\/2022\/01\/procarton-logo-241x300.jpg 241w, https:\/\/www.procarton.com\/wp-content\/uploads\/2022\/01\/procarton-logo-10x12.jpg 10w, https:\/\/www.procarton.com\/wp-content\/uploads\/2022\/01\/procarton-logo-567x705.jpg 567w, https:\/\/www.procarton.com\/wp-content\/uploads\/2022\/01\/procarton-logo.jpg 643w\" sizes=\"(max-width: 241px) 100vw, 241px\" \/><\/div>\n<\/div>\n<\/div>\n<\/div>","protected":false},"excerpt":{"rendered":"<p>Michele Bianchi, Pr\u00e4sident von Pro Carton, gibt einen \u00dcberblick \u00fcber die Pl\u00e4ne, CEPI Cartonboard und Pro Carton in eine gemeinsame Zukunft zu f\u00fchren.<\/p>","protected":false},"author":1286,"featured_media":283288,"comment_status":"closed","ping_status":"open","sticky":false,"template":"","format":"standard","meta":{"inline_featured_image":false,"footnotes":""},"categories":[79,241,247,77,242,52],"tags":[],"class_list":["post-283285","post","type-post","status-publish","format-standard","has-post-thumbnail","hentry","category-brands-markets","category-legislation","category-members-news","category-national-activities","category-procarton","category-sustainability"],"yoast_head":"<!-- This site is optimized with the Yoast SEO plugin v27.4 - https:\/\/yoast.com\/product\/yoast-seo-wordpress\/ -->\n<title>Insights from Michele Bianchi, President of Pro Carton - Pro Carton<\/title>\n<meta name=\"robots\" content=\"index, follow, max-snippet:-1, max-image-preview:large, max-video-preview:-1\" \/>\n<link rel=\"canonical\" href=\"https:\/\/www.procarton.com\/de\/an-interview-with-michele-bianchi-president-of-pro-carton\/\" \/>\n<meta property=\"og:locale\" content=\"de_DE\" \/>\n<meta property=\"og:type\" content=\"article\" \/>\n<meta property=\"og:title\" content=\"Insights from Michele Bianchi, President of Pro Carton - Pro Carton\" \/>\n<meta property=\"og:description\" content=\"Michele Bianchi, President of Pro Carton, reviews plans for leading CEPI Cartonboard and Pro Carton into a joint future.\" \/>\n<meta property=\"og:url\" content=\"https:\/\/www.procarton.com\/de\/an-interview-with-michele-bianchi-president-of-pro-carton\/\" \/>\n<meta property=\"og:site_name\" content=\"Pro Carton\" \/>\n<meta property=\"article:publisher\" content=\"https:\/\/www.facebook.com\/procartondesignaward\/\" \/>\n<meta property=\"article:published_time\" content=\"2022-12-15T09:20:24+00:00\" \/>\n<meta property=\"article:modified_time\" content=\"2022-12-16T07:58:41+00:00\" \/>\n<meta property=\"og:image\" content=\"https:\/\/www.procarton.com\/wp-content\/uploads\/2022\/11\/Michele-Bianchi-RDM-Group-CEO.-scaled.jpg\" \/>\n\t<meta property=\"og:image:width\" content=\"2560\" \/>\n\t<meta property=\"og:image:height\" content=\"1707\" \/>\n\t<meta property=\"og:image:type\" content=\"image\/jpeg\" \/>\n<meta name=\"author\" content=\"ryan@procarton.com\" \/>\n<meta name=\"twitter:card\" content=\"summary_large_image\" \/>\n<meta name=\"twitter:creator\" content=\"@pro_carton\" \/>\n<meta name=\"twitter:site\" content=\"@pro_carton\" \/>\n<meta name=\"twitter:label1\" content=\"Verfasst von\" \/>\n\t<meta name=\"twitter:data1\" content=\"ryan@procarton.com\" \/>\n\t<meta name=\"twitter:label2\" content=\"Gesch\u00e4tzte Lesezeit\" \/>\n\t<meta name=\"twitter:data2\" content=\"5\u00a0Minuten\" \/>\n<script type=\"application\/ld+json\" class=\"yoast-schema-graph\">{\"@context\":\"https:\\\/\\\/schema.org\",\"@graph\":[{\"@type\":\"Article\",\"@id\":\"https:\\\/\\\/www.procarton.com\\\/an-interview-with-michele-bianchi-president-of-pro-carton\\\/#article\",\"isPartOf\":{\"@id\":\"https:\\\/\\\/www.procarton.com\\\/an-interview-with-michele-bianchi-president-of-pro-carton\\\/\"},\"author\":{\"name\":\"ryan@procarton.com\",\"@id\":\"https:\\\/\\\/www.procarton.com\\\/es\\\/#\\\/schema\\\/person\\\/8f52811f36555e3fbe8aa433fda4f5b5\"},\"headline\":\"Insights from Michele Bianchi, President of Pro Carton\",\"datePublished\":\"2022-12-15T09:20:24+00:00\",\"dateModified\":\"2022-12-16T07:58:41+00:00\",\"mainEntityOfPage\":{\"@id\":\"https:\\\/\\\/www.procarton.com\\\/an-interview-with-michele-bianchi-president-of-pro-carton\\\/\"},\"wordCount\":2383,\"publisher\":{\"@id\":\"https:\\\/\\\/www.procarton.com\\\/es\\\/#organization\"},\"image\":{\"@id\":\"https:\\\/\\\/www.procarton.com\\\/an-interview-with-michele-bianchi-president-of-pro-carton\\\/#primaryimage\"},\"thumbnailUrl\":\"https:\\\/\\\/www.procarton.com\\\/wp-content\\\/uploads\\\/2022\\\/11\\\/Michele-Bianchi-RDM-Group-CEO.-scaled.jpg\",\"articleSection\":[\"Brands &amp; Markets\",\"Legislation\",\"Members News\",\"National Activities\",\"Pro Carton\",\"Sustainability\"],\"inLanguage\":\"de\"},{\"@type\":\"WebPage\",\"@id\":\"https:\\\/\\\/www.procarton.com\\\/an-interview-with-michele-bianchi-president-of-pro-carton\\\/\",\"url\":\"https:\\\/\\\/www.procarton.com\\\/an-interview-with-michele-bianchi-president-of-pro-carton\\\/\",\"name\":\"Insights from Michele Bianchi, President of Pro Carton - Pro Carton\",\"isPartOf\":{\"@id\":\"https:\\\/\\\/www.procarton.com\\\/es\\\/#website\"},\"primaryImageOfPage\":{\"@id\":\"https:\\\/\\\/www.procarton.com\\\/an-interview-with-michele-bianchi-president-of-pro-carton\\\/#primaryimage\"},\"image\":{\"@id\":\"https:\\\/\\\/www.procarton.com\\\/an-interview-with-michele-bianchi-president-of-pro-carton\\\/#primaryimage\"},\"thumbnailUrl\":\"https:\\\/\\\/www.procarton.com\\\/wp-content\\\/uploads\\\/2022\\\/11\\\/Michele-Bianchi-RDM-Group-CEO.-scaled.jpg\",\"datePublished\":\"2022-12-15T09:20:24+00:00\",\"dateModified\":\"2022-12-16T07:58:41+00:00\",\"breadcrumb\":{\"@id\":\"https:\\\/\\\/www.procarton.com\\\/an-interview-with-michele-bianchi-president-of-pro-carton\\\/#breadcrumb\"},\"inLanguage\":\"de\",\"potentialAction\":[{\"@type\":\"ReadAction\",\"target\":[\"https:\\\/\\\/www.procarton.com\\\/an-interview-with-michele-bianchi-president-of-pro-carton\\\/\"]}]},{\"@type\":\"ImageObject\",\"inLanguage\":\"de\",\"@id\":\"https:\\\/\\\/www.procarton.com\\\/an-interview-with-michele-bianchi-president-of-pro-carton\\\/#primaryimage\",\"url\":\"https:\\\/\\\/www.procarton.com\\\/wp-content\\\/uploads\\\/2022\\\/11\\\/Michele-Bianchi-RDM-Group-CEO.-scaled.jpg\",\"contentUrl\":\"https:\\\/\\\/www.procarton.com\\\/wp-content\\\/uploads\\\/2022\\\/11\\\/Michele-Bianchi-RDM-Group-CEO.-scaled.jpg\",\"width\":2560,\"height\":1707},{\"@type\":\"BreadcrumbList\",\"@id\":\"https:\\\/\\\/www.procarton.com\\\/an-interview-with-michele-bianchi-president-of-pro-carton\\\/#breadcrumb\",\"itemListElement\":[{\"@type\":\"ListItem\",\"position\":1,\"name\":\"Home\",\"item\":\"https:\\\/\\\/www.procarton.com\\\/\"},{\"@type\":\"ListItem\",\"position\":2,\"name\":\"Insights from Michele Bianchi, President of Pro Carton\"}]},{\"@type\":\"WebSite\",\"@id\":\"https:\\\/\\\/www.procarton.com\\\/es\\\/#website\",\"url\":\"https:\\\/\\\/www.procarton.com\\\/es\\\/\",\"name\":\"Pro Carton\",\"description\":\"\",\"publisher\":{\"@id\":\"https:\\\/\\\/www.procarton.com\\\/es\\\/#organization\"},\"potentialAction\":[{\"@type\":\"SearchAction\",\"target\":{\"@type\":\"EntryPoint\",\"urlTemplate\":\"https:\\\/\\\/www.procarton.com\\\/es\\\/?s={search_term_string}\"},\"query-input\":{\"@type\":\"PropertyValueSpecification\",\"valueRequired\":true,\"valueName\":\"search_term_string\"}}],\"inLanguage\":\"de\"},{\"@type\":\"Organization\",\"@id\":\"https:\\\/\\\/www.procarton.com\\\/es\\\/#organization\",\"name\":\"ProCarton\",\"url\":\"https:\\\/\\\/www.procarton.com\\\/es\\\/\",\"logo\":{\"@type\":\"ImageObject\",\"inLanguage\":\"de\",\"@id\":\"https:\\\/\\\/www.procarton.com\\\/es\\\/#\\\/schema\\\/logo\\\/image\\\/\",\"url\":\"https:\\\/\\\/www.procarton.com\\\/wp-content\\\/uploads\\\/2022\\\/06\\\/logo-mit-slogan.jpg\",\"contentUrl\":\"https:\\\/\\\/www.procarton.com\\\/wp-content\\\/uploads\\\/2022\\\/06\\\/logo-mit-slogan.jpg\",\"width\":422,\"height\":519,\"caption\":\"ProCarton\"},\"image\":{\"@id\":\"https:\\\/\\\/www.procarton.com\\\/es\\\/#\\\/schema\\\/logo\\\/image\\\/\"},\"sameAs\":[\"https:\\\/\\\/www.facebook.com\\\/procartondesignaward\\\/\",\"https:\\\/\\\/x.com\\\/pro_carton\"]},{\"@type\":\"Person\",\"@id\":\"https:\\\/\\\/www.procarton.com\\\/es\\\/#\\\/schema\\\/person\\\/8f52811f36555e3fbe8aa433fda4f5b5\",\"name\":\"ryan@procarton.com\",\"url\":\"https:\\\/\\\/www.procarton.com\\\/de\\\/author\\\/pro-carton-3\\\/\"}]}<\/script>\n<!-- \/ Yoast SEO plugin. -->","yoast_head_json":{"title":"Einblicke von Michele Bianchi, Pr\u00e4sident von Pro Carton - Pro Carton","robots":{"index":"index","follow":"follow","max-snippet":"max-snippet:-1","max-image-preview":"max-image-preview:large","max-video-preview":"max-video-preview:-1"},"canonical":"https:\/\/www.procarton.com\/de\/an-interview-with-michele-bianchi-president-of-pro-carton\/","og_locale":"de_DE","og_type":"article","og_title":"Insights from Michele Bianchi, President of Pro Carton - Pro Carton","og_description":"Michele Bianchi, President of Pro Carton, reviews plans for leading CEPI Cartonboard and Pro Carton into a joint future.","og_url":"https:\/\/www.procarton.com\/de\/an-interview-with-michele-bianchi-president-of-pro-carton\/","og_site_name":"Pro Carton","article_publisher":"https:\/\/www.facebook.com\/procartondesignaward\/","article_published_time":"2022-12-15T09:20:24+00:00","article_modified_time":"2022-12-16T07:58:41+00:00","og_image":[{"width":2560,"height":1707,"url":"https:\/\/www.procarton.com\/wp-content\/uploads\/2022\/11\/Michele-Bianchi-RDM-Group-CEO.-scaled.jpg","type":"image\/jpeg"}],"author":"ryan@procarton.com","twitter_card":"summary_large_image","twitter_creator":"@pro_carton","twitter_site":"@pro_carton","twitter_misc":{"Verfasst von":"ryan@procarton.com","Gesch\u00e4tzte Lesezeit":"5\u00a0Minuten"},"schema":{"@context":"https:\/\/schema.org","@graph":[{"@type":"Article","@id":"https:\/\/www.procarton.com\/an-interview-with-michele-bianchi-president-of-pro-carton\/#article","isPartOf":{"@id":"https:\/\/www.procarton.com\/an-interview-with-michele-bianchi-president-of-pro-carton\/"},"author":{"name":"ryan@procarton.com","@id":"https:\/\/www.procarton.com\/es\/#\/schema\/person\/8f52811f36555e3fbe8aa433fda4f5b5"},"headline":"Insights from Michele Bianchi, President of Pro Carton","datePublished":"2022-12-15T09:20:24+00:00","dateModified":"2022-12-16T07:58:41+00:00","mainEntityOfPage":{"@id":"https:\/\/www.procarton.com\/an-interview-with-michele-bianchi-president-of-pro-carton\/"},"wordCount":2383,"publisher":{"@id":"https:\/\/www.procarton.com\/es\/#organization"},"image":{"@id":"https:\/\/www.procarton.com\/an-interview-with-michele-bianchi-president-of-pro-carton\/#primaryimage"},"thumbnailUrl":"https:\/\/www.procarton.com\/wp-content\/uploads\/2022\/11\/Michele-Bianchi-RDM-Group-CEO.-scaled.jpg","articleSection":["Brands &amp; Markets","Legislation","Members News","National Activities","Pro Carton","Sustainability"],"inLanguage":"de"},{"@type":"WebPage","@id":"https:\/\/www.procarton.com\/an-interview-with-michele-bianchi-president-of-pro-carton\/","url":"https:\/\/www.procarton.com\/an-interview-with-michele-bianchi-president-of-pro-carton\/","name":"Einblicke von Michele Bianchi, Pr\u00e4sident von Pro Carton - Pro Carton","isPartOf":{"@id":"https:\/\/www.procarton.com\/es\/#website"},"primaryImageOfPage":{"@id":"https:\/\/www.procarton.com\/an-interview-with-michele-bianchi-president-of-pro-carton\/#primaryimage"},"image":{"@id":"https:\/\/www.procarton.com\/an-interview-with-michele-bianchi-president-of-pro-carton\/#primaryimage"},"thumbnailUrl":"https:\/\/www.procarton.com\/wp-content\/uploads\/2022\/11\/Michele-Bianchi-RDM-Group-CEO.-scaled.jpg","datePublished":"2022-12-15T09:20:24+00:00","dateModified":"2022-12-16T07:58:41+00:00","breadcrumb":{"@id":"https:\/\/www.procarton.com\/an-interview-with-michele-bianchi-president-of-pro-carton\/#breadcrumb"},"inLanguage":"de","potentialAction":[{"@type":"ReadAction","target":["https:\/\/www.procarton.com\/an-interview-with-michele-bianchi-president-of-pro-carton\/"]}]},{"@type":"ImageObject","inLanguage":"de","@id":"https:\/\/www.procarton.com\/an-interview-with-michele-bianchi-president-of-pro-carton\/#primaryimage","url":"https:\/\/www.procarton.com\/wp-content\/uploads\/2022\/11\/Michele-Bianchi-RDM-Group-CEO.-scaled.jpg","contentUrl":"https:\/\/www.procarton.com\/wp-content\/uploads\/2022\/11\/Michele-Bianchi-RDM-Group-CEO.-scaled.jpg","width":2560,"height":1707},{"@type":"BreadcrumbList","@id":"https:\/\/www.procarton.com\/an-interview-with-michele-bianchi-president-of-pro-carton\/#breadcrumb","itemListElement":[{"@type":"ListItem","position":1,"name":"Home","item":"https:\/\/www.procarton.com\/"},{"@type":"ListItem","position":2,"name":"Insights from Michele Bianchi, President of Pro Carton"}]},{"@type":"WebSite","@id":"https:\/\/www.procarton.com\/es\/#website","url":"https:\/\/www.procarton.com\/es\/","name":"Pro Carton","description":"","publisher":{"@id":"https:\/\/www.procarton.com\/es\/#organization"},"potentialAction":[{"@type":"SearchAction","target":{"@type":"EntryPoint","urlTemplate":"https:\/\/www.procarton.com\/es\/?s={search_term_string}"},"query-input":{"@type":"PropertyValueSpecification","valueRequired":true,"valueName":"search_term_string"}}],"inLanguage":"de"},{"@type":"Organization","@id":"https:\/\/www.procarton.com\/es\/#organization","name":"ProCarton","url":"https:\/\/www.procarton.com\/es\/","logo":{"@type":"ImageObject","inLanguage":"de","@id":"https:\/\/www.procarton.com\/es\/#\/schema\/logo\/image\/","url":"https:\/\/www.procarton.com\/wp-content\/uploads\/2022\/06\/logo-mit-slogan.jpg","contentUrl":"https:\/\/www.procarton.com\/wp-content\/uploads\/2022\/06\/logo-mit-slogan.jpg","width":422,"height":519,"caption":"ProCarton"},"image":{"@id":"https:\/\/www.procarton.com\/es\/#\/schema\/logo\/image\/"},"sameAs":["https:\/\/www.facebook.com\/procartondesignaward\/","https:\/\/x.com\/pro_carton"]},{"@type":"Person","@id":"https:\/\/www.procarton.com\/es\/#\/schema\/person\/8f52811f36555e3fbe8aa433fda4f5b5","name":"ryan@procarton.com","url":"https:\/\/www.procarton.com\/de\/author\/pro-carton-3\/"}]}},"_links":{"self":[{"href":"https:\/\/www.procarton.com\/de\/wp-json\/wp\/v2\/posts\/283285","targetHints":{"allow":["GET"]}}],"collection":[{"href":"https:\/\/www.procarton.com\/de\/wp-json\/wp\/v2\/posts"}],"about":[{"href":"https:\/\/www.procarton.com\/de\/wp-json\/wp\/v2\/types\/post"}],"author":[{"embeddable":true,"href":"https:\/\/www.procarton.com\/de\/wp-json\/wp\/v2\/users\/1286"}],"replies":[{"embeddable":true,"href":"https:\/\/www.procarton.com\/de\/wp-json\/wp\/v2\/comments?post=283285"}],"version-history":[{"count":6,"href":"https:\/\/www.procarton.com\/de\/wp-json\/wp\/v2\/posts\/283285\/revisions"}],"predecessor-version":[{"id":283679,"href":"https:\/\/www.procarton.com\/de\/wp-json\/wp\/v2\/posts\/283285\/revisions\/283679"}],"wp:featuredmedia":[{"embeddable":true,"href":"https:\/\/www.procarton.com\/de\/wp-json\/wp\/v2\/media\/283288"}],"wp:attachment":[{"href":"https:\/\/www.procarton.com\/de\/wp-json\/wp\/v2\/media?parent=283285"}],"wp:term":[{"taxonomy":"category","embeddable":true,"href":"https:\/\/www.procarton.com\/de\/wp-json\/wp\/v2\/categories?post=283285"},{"taxonomy":"post_tag","embeddable":true,"href":"https:\/\/www.procarton.com\/de\/wp-json\/wp\/v2\/tags?post=283285"}],"curies":[{"name":"wp","href":"https:\/\/api.w.org\/{rel}","templated":true}]}}