{"id":279552,"date":"2022-06-28T17:18:51","date_gmt":"2022-06-28T16:18:51","guid":{"rendered":"https:\/\/www.procarton.com\/?p=279552"},"modified":"2022-06-29T18:03:57","modified_gmt":"2022-06-29T17:03:57","slug":"preisverleihung-carton-austria-award-2021","status":"publish","type":"post","link":"https:\/\/www.procarton.com\/de\/preisverleihung-carton-austria-award-2021\/","title":{"rendered":"Preisverleihung des Kartons \u00d6sterreich Award 2021"},"content":{"rendered":"<div class=\"av-animated-generic top-to-bottom flex_column av_four_fifth  flex_column_div av-zero-column-padding first  avia-builder-el-0  el_before_av_two_fifth  avia-builder-el-first\" style='border-radius:0px; '>\n<section class=\"av_textblock_section\"  itemscope=\"itemscope\" itemtype=\"https:\/\/schema.org\/BlogPosting\" itemprop=\"blogPost\" >\n<div class='avia_textblock'   itemprop=\"text\" >\n<p>Pro Carton, PROPAK Austria und CASH das Handelsmagazin haben in vierter erfolgreicher Kooperation die besten \u00f6sterreichischen Verpackungsl\u00f6sungen aus dem Jahr 2021 mit dem Carton Austria Award ausgezeichnet. Endlich konnte die Preisverleihung, die im vergangenen Jahr aufgrund der Pandemie abgesagt werden musste, in einem w\u00fcrdigen Rahmen nachgeholt werden.<\/p>\n<p>Freuen Sie sich auf die Preistr\u00e4ger*innen und auf viele sch\u00f6ne Fotos und Videos. Viel Vergn\u00fcgen bei der Nachlese!<\/p>\n<\/div>\n<\/section>\n<div   class='hr hr-default   avia-builder-el-2  el_after_av_textblock  el_before_av_textblock'><span class='hr-inner' ><span class='hr-inner-style'><\/span><\/span><\/div>\n<section class=\"av_textblock_section\"  itemscope=\"itemscope\" itemtype=\"https:\/\/schema.org\/BlogPosting\" itemprop=\"blogPost\" >\n<div class='avia_textblock'   itemprop=\"text\" >\n<p>Alle Pressetexte, Fotos und Videos zum Download finden Sie <a href=\"https:\/\/drive.google.com\/drive\/folders\/1p6eKubwHqyKELBt0c49hw7GeY4XyAsuf?usp=sharing\" target=\"_blank\" rel=\"noopener\">hier<\/a>.<\/p>\n<\/div>\n<\/section>\n<div   class='hr hr-default   avia-builder-el-4  el_after_av_textblock  el_before_av_image'><span class='hr-inner' ><span class='hr-inner-style'><\/span><\/span><\/div>\n<div  class='avia-image-container  av-styling-no-styling    avia-builder-el-5  el_after_av_hr  el_before_av_textblock  avia-align-center'  itemprop=\"image\" itemscope=\"itemscope\" itemtype=\"https:\/\/schema.org\/ImageObject\"  >\n<div class='avia-image-container-inner'>\n<div class='avia-image-overlay-wrap'><img decoding=\"async\" width=\"1130\" height=\"380\" class='wp-image-279534 avia-img-lazy-loading-not-279534 avia_image' src=\"https:\/\/www.procarton.com\/wp-content\/uploads\/2022\/06\/cc501f7c-aa73-6d1f-8e95-2b22276a7d4d.png\" alt='' title='cc501f7c-aa73-6d1f-8e95-2b22276a7d4d'  itemprop=\"thumbnailUrl\" srcset=\"https:\/\/www.procarton.com\/wp-content\/uploads\/2022\/06\/cc501f7c-aa73-6d1f-8e95-2b22276a7d4d.png 1130w, https:\/\/www.procarton.com\/wp-content\/uploads\/2022\/06\/cc501f7c-aa73-6d1f-8e95-2b22276a7d4d-300x101.png 300w, https:\/\/www.procarton.com\/wp-content\/uploads\/2022\/06\/cc501f7c-aa73-6d1f-8e95-2b22276a7d4d-1030x346.png 1030w, https:\/\/www.procarton.com\/wp-content\/uploads\/2022\/06\/cc501f7c-aa73-6d1f-8e95-2b22276a7d4d-768x258.png 768w, https:\/\/www.procarton.com\/wp-content\/uploads\/2022\/06\/cc501f7c-aa73-6d1f-8e95-2b22276a7d4d-18x6.png 18w, https:\/\/www.procarton.com\/wp-content\/uploads\/2022\/06\/cc501f7c-aa73-6d1f-8e95-2b22276a7d4d-705x237.png 705w\" sizes=\"(max-width: 1130px) 100vw, 1130px\" \/><\/div>\n<\/div>\n<\/div>\n<section class=\"av_textblock_section\"  itemscope=\"itemscope\" itemtype=\"https:\/\/schema.org\/BlogPosting\" itemprop=\"blogPost\" >\n<div class='avia_textblock'   itemprop=\"text\" >\n<h1>Endlich nachgeholt:<br \/>\ndie Verleihung des Carton Austria Award 2021<\/h1>\n<p><strong>In feierlichem Rahmen wurden am 30. Mai die Preistr\u00e4ger*innen des Carton Austria Award 2021 geehrt. Der Wettbewerb ist ein gemeinsames Projekt von PROPAK Austria, CASH Handelsmagazin und Pro Carton. Er holt die besten \u00f6sterreichischen Verpackungsl\u00f6sungen aus Karton auf die B\u00fchne, und die k\u00f6nnen sich wirklich sehen lassen! Beide Preistr\u00e4ger*innen stammen diesmal aus dem Hause Cardbox Packaging Wolfsberg.<\/strong><\/p>\n<p>Der Herbsttermin der Preisverleihung musste aufgrund der Pandemie abgesagt werden und konnte jetzt endlich nachgeholt werden. Vergeben wurden zwei Auszeichnungen: ein Preis der Jury und einer des Publikums. Die Jury besteht aus den Redakteur*innen des CASH Handelsmagazins. Urkunden und Troph\u00e4en \u00fcbergaben Horst Bittermann, Pr\u00e4sident von Pro Carton, Martin Widermann, Gesch\u00e4ftsf\u00fchrer PROPAK Austria, und Claudia St\u00fcckler f\u00fcr CASH.<\/p>\n<\/div>\n<\/section>\n<\/div>\n<div class=\"av-animated-generic top-to-bottom flex_column av_two_fifth  flex_column_div av-zero-column-padding first  avia-builder-el-7  el_after_av_four_fifth  el_before_av_two_fifth\" style='border-radius:0px; '>\n<div  class='avia-image-container  av-styling-    avia-builder-el-8  el_before_av_textblock  avia-builder-el-first  avia-align-center'  itemprop=\"image\" itemscope=\"itemscope\" itemtype=\"https:\/\/schema.org\/ImageObject\"  >\n<div class='avia-image-container-inner'>\n<div class='avia-image-overlay-wrap'><img decoding=\"async\" class='wp-image-279529 avia-img-lazy-loading-not-279529 avia_image' src=\"https:\/\/www.procarton.com\/wp-content\/uploads\/2022\/06\/d133f5eb-3f9c-5c97-c2e4-929fd2aa765f-scaled.jpeg\" alt='' title='Widermann_Karton \u00d6sterreich und Young Designers Awards 2021'  itemprop=\"thumbnailUrl\"  \/><\/div>\n<\/div>\n<\/div>\n<section class=\"av_textblock_section\"  itemscope=\"itemscope\" itemtype=\"https:\/\/schema.org\/BlogPosting\" itemprop=\"blogPost\" >\n<div class='avia_textblock'   itemprop=\"text\" >\n<p>Martin Widermann begr\u00fc\u00dft die G\u00e4ste im Namen von PROPAK Austria.<\/p>\n<\/div>\n<\/section>\n<\/div>\n<div class=\"av-animated-generic top-to-bottom flex_column av_two_fifth  flex_column_div av-zero-column-padding   avia-builder-el-10  el_after_av_two_fifth  el_before_av_four_fifth\" style='border-radius:0px; '>\n<div  class='avia-image-container  av-styling-    avia-builder-el-11  el_before_av_textblock  avia-builder-el-first  avia-align-center'  itemprop=\"image\" itemscope=\"itemscope\" itemtype=\"https:\/\/schema.org\/ImageObject\"  >\n<div class='avia-image-container-inner'>\n<div class='avia-image-overlay-wrap'><img decoding=\"async\" class='wp-image-279530 avia-img-lazy-loading-not-279530 avia_image' src=\"https:\/\/www.procarton.com\/wp-content\/uploads\/2022\/06\/487f9c41-036d-6121-73f5-90b66dd56483-scaled.jpeg\" alt='' title='Carton Austria und Young Designers Awards 2021'  itemprop=\"thumbnailUrl\"  \/><\/div>\n<\/div>\n<\/div>\n<section class=\"av_textblock_section\"  itemscope=\"itemscope\" itemtype=\"https:\/\/schema.org\/BlogPosting\" itemprop=\"blogPost\" >\n<div class='avia_textblock'   itemprop=\"text\" >\n<p>Horst Bittermann (Pro Carton) freut sich \u00fcber die positiven Entwicklungen in der Karton- und Faltschachtelindustrie.<\/p>\n<\/div>\n<\/section>\n<\/div>\n<div class=\"av-animated-generic top-to-bottom flex_column av_four_fifth  flex_column_div av-zero-column-padding first  avia-builder-el-13  el_after_av_two_fifth  el_before_av_four_fifth\" style='border-radius:0px; '>\n<section class=\"av_textblock_section\"  itemscope=\"itemscope\" itemtype=\"https:\/\/schema.org\/BlogPosting\" itemprop=\"blogPost\" >\n<div class='avia_textblock'   itemprop=\"text\" >\n<p>Den Preis der Jury gewann \"Gloot\", ein einfaches, aber \u00e4u\u00dferst wirkungsvolles System zum Anheizen von Grillkohle. Dieser leichte und saubere Weg zu perfektem Grillgenuss stammt von Markeninhaber Thomas Schiefer, der den Award auch pers\u00f6nlich entgegennahm - gemeinsam mit Rene Buchart von Cardbox Packaging. Der Karton stammt von BillerudKorsn\u00e4s.<\/p>\n<p>Die Faltschachtel l\u00e4sst sich mit wenigen und einfachen Handgriffen in einen Kamin verwandeln, der die enthaltene, in traditionalm K\u00f6hlerhandwerk hergestellte Grillkohle unfehlbar zum Gl\u00fchen bringt. In weniger als einer Viertelstunde ist das Barbecue bereit! Dazu Preistr\u00e4ger Thomas Schiefer: \"In meiner Region gibt es noch das traditionelle K\u00f6hlerhandwerk. Die regionalen K\u00f6hler stellen hochwertige Grillkohle her. Die Verpackung erg\u00e4nzt dieses Premiumprodukt - f\u00fcr ein genussvolles, lockeres Grillerlebnis.\" Die Jury war sich einig: \"Eine besonders elegante und \u00fcberzeugende Idee, wie Verpackung zum Teil des Produkts werden kann.\"<\/p>\n<\/div>\n<\/section>\n<div  class='avia-image-container  av-styling-    avia-builder-el-15  el_after_av_textblock  el_before_av_textblock  avia-align-center'  itemprop=\"image\" itemscope=\"itemscope\" itemtype=\"https:\/\/schema.org\/ImageObject\"  >\n<div class='avia-image-container-inner'>\n<div class='avia-image-overlay-wrap'><img decoding=\"async\" class='wp-image-279531 avia-img-lazy-loading-not-279531 avia_image' src=\"https:\/\/www.procarton.com\/wp-content\/uploads\/2022\/06\/49c9ad4a-f1a3-c174-e0b5-37eacc94339d-scaled.jpeg\" alt='' title='Carton Austria und Young Designers Awards 2021'  itemprop=\"thumbnailUrl\"  \/><\/div>\n<\/div>\n<\/div>\n<section class=\"av_textblock_section\"  itemscope=\"itemscope\" itemtype=\"https:\/\/schema.org\/BlogPosting\" itemprop=\"blogPost\" >\n<div class='avia_textblock'   itemprop=\"text\" >\n<p>Horst Bittermann (Pro Carton), Ren\u00e9 Buchart (Cardbox Packaging), Claudia St\u00fcckler (CASH), Thomas Schiefer (Gloot), Martin Widermann (PROPAK Austria).<\/p>\n<\/div>\n<\/section>\n<\/div>\n<div class=\"av-animated-generic top-to-bottom flex_column av_four_fifth  flex_column_div av-zero-column-padding first  avia-builder-el-17  el_after_av_four_fifth  el_before_av_hr\" style='border-radius:0px; '>\n<section class=\"av_textblock_section\"  itemscope=\"itemscope\" itemtype=\"https:\/\/schema.org\/BlogPosting\" itemprop=\"blogPost\" >\n<div class='avia_textblock'   itemprop=\"text\" >\n<p>Den Publikumspreis gewann \"Smart One\" von Playbrush, die Verpackung f\u00fcr eine exklusive, intelligente Schallzahnb\u00fcrste, ebenfalls hergestellt von Cardbox Packaging Wolfsberg, aus Karton von Mets\u00e4 Board. F\u00fcr diese sehr spezielle Zahnb\u00fcrste wurde eine exklusiv entwickelte Verpackung ben\u00f6tigt, die die erforderliche Stabilit\u00e4t mit einem sch\u00f6nen und funktionalen Design verbindet und das Spitzenprodukt entsprechend pr\u00e4sentiert. Neben Rene Buchart standen bei der \u00dcbergabe des Awards diesmal Bettina Tschoner-Fuchs von Mets\u00e4 Board sowie Nini Gregori und Moritz Hoyos von Playbrush: Die gesamte Supply Chain war vereint, um den Preis entgegenzunehmen.<\/p>\n<\/div>\n<\/section>\n<div  class='avia-image-container  av-styling-    avia-builder-el-19  el_after_av_textblock  el_before_av_textblock  avia-align-center'  itemprop=\"image\" itemscope=\"itemscope\" itemtype=\"https:\/\/schema.org\/ImageObject\"  >\n<div class='avia-image-container-inner'>\n<div class='avia-image-overlay-wrap'><img decoding=\"async\" class='wp-image-279532 avia-img-lazy-loading-not-279532 avia_image' src=\"https:\/\/www.procarton.com\/wp-content\/uploads\/2022\/06\/dded592e-37e8-b1bf-aff5-4fa375cf948c-scaled.jpeg\" alt='' title='Carton Austria und Young Designers Awards 2021'  itemprop=\"thumbnailUrl\"  \/><\/div>\n<\/div>\n<\/div>\n<section class=\"av_textblock_section\"  itemscope=\"itemscope\" itemtype=\"https:\/\/schema.org\/BlogPosting\" itemprop=\"blogPost\" >\n<div class='avia_textblock'   itemprop=\"text\" >\n<p>Rene Buchart (Cardbox Packaging Wolfsberg), Horst Bittermann (Pro Carton), Bettina Tschoner-Fuchs (Mets\u00e4 Board), Nini Gregori und Moritz Hoyos (Playbrush), Martin Widermann (PROPAK \u00d6sterreich).<\/p>\n<\/div>\n<\/section>\n<div  class='avia-image-container  av-styling-    avia-builder-el-21  el_after_av_textblock  el_before_av_textblock  avia-align-center'  itemprop=\"image\" itemscope=\"itemscope\" itemtype=\"https:\/\/schema.org\/ImageObject\"  >\n<div class='avia-image-container-inner'>\n<div class='avia-image-overlay-wrap'><img decoding=\"async\" class='wp-image-279533 avia-img-lazy-loading-not-279533 avia_image' src=\"https:\/\/www.procarton.com\/wp-content\/uploads\/2022\/06\/a2065dc9-f29e-dd6f-a0e7-4199fc7d45ff-scaled.jpeg\" alt='' title='Carton Austria und Young Designers Awards 2021'  itemprop=\"thumbnailUrl\"  \/><\/div>\n<\/div>\n<\/div>\n<section class=\"av_textblock_section\"  itemscope=\"itemscope\" itemtype=\"https:\/\/schema.org\/BlogPosting\" itemprop=\"blogPost\" >\n<div class='avia_textblock'   itemprop=\"text\" >\n<p>Die Preisverleihung fand am 30. Mai 2022 im Wiener Lusthaus statt.<\/p>\n<\/div>\n<\/section>\n<section class=\"av_textblock_section\"  itemscope=\"itemscope\" itemtype=\"https:\/\/schema.org\/BlogPosting\" itemprop=\"blogPost\" >\n<div class='avia_textblock'   itemprop=\"text\" >\n<p><em>Seit Einf\u00fchrung des CAA ist \u00d6sterreich das Land mit den meisten Einreichungen beim European Carton Excellence Award - das wird auch in diesem Jahr so sein. Die Einreichung f\u00fcr 2022 ist bereits abgeschlossen, sehr viele starke und beeindruckende Konzepte warten auf Ihre Stimme: Das Public Voting beginnt Ende Juli 2022. Alle Brancheninsider und Leser von CASH Handelsmagazin, aber auch alle Konsumenten sind herzlich eingeladen, mitzustimmen!<\/em><\/p>\n<\/div>\n<\/section>\n<div  class='avia-video avia-video-16-9   av-lazyload-immediate  av-lazyload-video-embed'   itemprop=\"video\" itemtype=\"https:\/\/schema.org\/VideoObject\"  data-original_url='https:\/\/www.youtube.com\/watch?v=N1N4DOdaFXM' ><script type='text\/html' class='av-video-tmpl'><\/p>\n<div class='avia-iframe-wrap'><iframe loading=\"lazy\" title=\"Carton Austria Award 2021 mit Voiceover\" width=\"1500\" height=\"844\" src=\"https:\/\/www.youtube.com\/embed\/N1N4DOdaFXM?feature=oembed&autoplay=0&loop=0&controls=1&mute=0\" frameborder=\"0\" allow=\"accelerometer; autoplay; clipboard-write; encrypted-media; gyroscope; picture-in-picture\" allowfullscreen><\/iframe><\/div>\n<p><\/script><\/p>\n<div class='av-click-to-play-overlay'>\n<div class=\"avia_playpause_icon\"><\/div>\n<\/div>\n<\/div>\n<section class=\"av_textblock_section\"  itemscope=\"itemscope\" itemtype=\"https:\/\/schema.org\/BlogPosting\" itemprop=\"blogPost\" >\n<div class='avia_textblock'   itemprop=\"text\" >\n<p><em>Fotos und Videos: www.propak.at<\/em><\/p>\n<p>Und nicht vergessen: Am Dienstag, dem 4. Oktober 2022, findet der PROPAK Austria Pro Carton Marketing Event 2022 statt - mit der Preisverleihung zum Carton Austria Award 2022.<\/p>\n<\/div>\n<\/section>\n<\/div>\n<div   class='hr hr-default   avia-builder-el-26  el_after_av_four_fifth  el_before_av_four_fifth'><span class='hr-inner' ><span class='hr-inner-style'><\/span><\/span><\/div>\n<div class=\"av-animated-generic top-to-bottom flex_column av_four_fifth  flex_column_div av-zero-column-padding first  avia-builder-el-27  el_after_av_hr  avia-builder-el-last\" style='border-radius:0px; '>\n<div  class='avia-image-container  av-styling-    avia-builder-el-28  el_before_av_textblock  avia-builder-el-first  avia-align-center'  itemprop=\"image\" itemscope=\"itemscope\" itemtype=\"https:\/\/schema.org\/ImageObject\"  >\n<div class='avia-image-container-inner'>\n<div class='avia-image-overlay-wrap'><img decoding=\"async\" width=\"2560\" height=\"1707\" class='wp-image-279558 avia-img-lazy-loading-not-279558 avia_image' src=\"https:\/\/www.procarton.com\/wp-content\/uploads\/2022\/06\/KT_20220530_075-scaled.jpg\" alt='' title='Carton Austria und Young Designers Awards 2021'  itemprop=\"thumbnailUrl\" srcset=\"https:\/\/www.procarton.com\/wp-content\/uploads\/2022\/06\/KT_20220530_075-scaled.jpg 2560w, https:\/\/www.procarton.com\/wp-content\/uploads\/2022\/06\/KT_20220530_075-300x200.jpg 300w, https:\/\/www.procarton.com\/wp-content\/uploads\/2022\/06\/KT_20220530_075-1030x687.jpg 1030w, https:\/\/www.procarton.com\/wp-content\/uploads\/2022\/06\/KT_20220530_075-768x512.jpg 768w, https:\/\/www.procarton.com\/wp-content\/uploads\/2022\/06\/KT_20220530_075-1536x1024.jpg 1536w, https:\/\/www.procarton.com\/wp-content\/uploads\/2022\/06\/KT_20220530_075-2048x1365.jpg 2048w, https:\/\/www.procarton.com\/wp-content\/uploads\/2022\/06\/KT_20220530_075-18x12.jpg 18w, https:\/\/www.procarton.com\/wp-content\/uploads\/2022\/06\/KT_20220530_075-1500x1000.jpg 1500w, https:\/\/www.procarton.com\/wp-content\/uploads\/2022\/06\/KT_20220530_075-705x470.jpg 705w\" sizes=\"(max-width: 2560px) 100vw, 2560px\" \/><\/div>\n<\/div>\n<\/div>\n<section class=\"av_textblock_section\"  itemscope=\"itemscope\" itemtype=\"https:\/\/schema.org\/BlogPosting\" itemprop=\"blogPost\" >\n<div class='avia_textblock'   itemprop=\"text\" >\n<p>Alle Preistr\u00e4ger*innen zusammen. Auch die \u00f6sterreichischen Jungdesigner*innen durften ihre Troph\u00e4en nun entgegennehmen. <a href=\"https:\/\/www.procarton.com\/preisverleihungen-pro-carton-propak-austria-young-designers-award-2021\/\">Hier geht es zu dem Artikel \u00fcber die Verleihung des 2021 Pro Carton PROPAK Austria Award.<\/a><\/p>\n<\/div>\n<\/section>\n<\/div>","protected":false},"excerpt":{"rendered":"<p>Die Preisverleihung des Carton Austria Award 2021 wurde in einem w\u00fcrdigen Rahmen nachgeholt.<\/p>","protected":false},"author":868,"featured_media":279572,"comment_status":"closed","ping_status":"open","sticky":false,"template":"","format":"standard","meta":{"inline_featured_image":false,"footnotes":""},"categories":[77],"tags":[],"class_list":["post-279552","post","type-post","status-publish","format-standard","has-post-thumbnail","hentry","category-national-activities"],"yoast_head":"<!-- This site is optimized with the Yoast SEO plugin v27.4 - https:\/\/yoast.com\/product\/yoast-seo-wordpress\/ -->\n<title>Preisverleihung des Carton Austria Award 2021 - Pro Carton<\/title>\n<meta name=\"robots\" content=\"index, follow, max-snippet:-1, max-image-preview:large, max-video-preview:-1\" \/>\n<link rel=\"canonical\" href=\"https:\/\/www.procarton.com\/de\/preisverleihung-carton-austria-award-2021\/\" \/>\n<meta property=\"og:locale\" content=\"de_DE\" \/>\n<meta property=\"og:type\" content=\"article\" \/>\n<meta property=\"og:title\" content=\"Preisverleihung des Carton Austria Award 2021 - Pro Carton\" \/>\n<meta property=\"og:description\" content=\"Die Preisverleihung des Carton Austria Award 2021 wurde in einem w\u00fcrdigen Rahmen nachgeholt.\" \/>\n<meta property=\"og:url\" content=\"https:\/\/www.procarton.com\/de\/preisverleihung-carton-austria-award-2021\/\" \/>\n<meta property=\"og:site_name\" content=\"Pro Carton\" \/>\n<meta property=\"article:publisher\" content=\"https:\/\/www.facebook.com\/procartondesignaward\/\" \/>\n<meta property=\"article:published_time\" content=\"2022-06-28T16:18:51+00:00\" \/>\n<meta property=\"article:modified_time\" content=\"2022-06-29T17:03:57+00:00\" \/>\n<meta property=\"og:image\" content=\"https:\/\/www.procarton.com\/wp-content\/uploads\/2022\/06\/1.png\" \/>\n\t<meta property=\"og:image:width\" content=\"705\" \/>\n\t<meta property=\"og:image:height\" content=\"536\" \/>\n\t<meta property=\"og:image:type\" content=\"image\/png\" \/>\n<meta name=\"author\" content=\"helena@procarton.com\" \/>\n<meta name=\"twitter:card\" content=\"summary_large_image\" \/>\n<meta name=\"twitter:creator\" content=\"@esterling@admin\" \/>\n<meta name=\"twitter:site\" content=\"@pro_carton\" \/>\n<meta name=\"twitter:label1\" content=\"Verfasst von\" \/>\n\t<meta name=\"twitter:data1\" content=\"helena@procarton.com\" \/>\n\t<meta name=\"twitter:label2\" content=\"Gesch\u00e4tzte Lesezeit\" \/>\n\t<meta name=\"twitter:data2\" content=\"14\u00a0Minuten\" \/>\n<script type=\"application\/ld+json\" class=\"yoast-schema-graph\">{\"@context\":\"https:\\\/\\\/schema.org\",\"@graph\":[{\"@type\":\"Article\",\"@id\":\"https:\\\/\\\/www.procarton.com\\\/preisverleihung-carton-austria-award-2021\\\/#article\",\"isPartOf\":{\"@id\":\"https:\\\/\\\/www.procarton.com\\\/preisverleihung-carton-austria-award-2021\\\/\"},\"author\":{\"name\":\"helena@procarton.com\",\"@id\":\"https:\\\/\\\/www.procarton.com\\\/es\\\/#\\\/schema\\\/person\\\/014a36d75fad19a59d7d127e6af9ad99\"},\"headline\":\"Preisverleihung des Carton Austria Award 2021\",\"datePublished\":\"2022-06-28T16:18:51+00:00\",\"dateModified\":\"2022-06-29T17:03:57+00:00\",\"mainEntityOfPage\":{\"@id\":\"https:\\\/\\\/www.procarton.com\\\/preisverleihung-carton-austria-award-2021\\\/\"},\"wordCount\":2859,\"publisher\":{\"@id\":\"https:\\\/\\\/www.procarton.com\\\/es\\\/#organization\"},\"image\":{\"@id\":\"https:\\\/\\\/www.procarton.com\\\/preisverleihung-carton-austria-award-2021\\\/#primaryimage\"},\"thumbnailUrl\":\"https:\\\/\\\/www.procarton.com\\\/wp-content\\\/uploads\\\/2022\\\/06\\\/1.png\",\"articleSection\":[\"National Activities\"],\"inLanguage\":\"de\"},{\"@type\":\"WebPage\",\"@id\":\"https:\\\/\\\/www.procarton.com\\\/preisverleihung-carton-austria-award-2021\\\/\",\"url\":\"https:\\\/\\\/www.procarton.com\\\/preisverleihung-carton-austria-award-2021\\\/\",\"name\":\"Preisverleihung des Carton Austria Award 2021 - Pro Carton\",\"isPartOf\":{\"@id\":\"https:\\\/\\\/www.procarton.com\\\/es\\\/#website\"},\"primaryImageOfPage\":{\"@id\":\"https:\\\/\\\/www.procarton.com\\\/preisverleihung-carton-austria-award-2021\\\/#primaryimage\"},\"image\":{\"@id\":\"https:\\\/\\\/www.procarton.com\\\/preisverleihung-carton-austria-award-2021\\\/#primaryimage\"},\"thumbnailUrl\":\"https:\\\/\\\/www.procarton.com\\\/wp-content\\\/uploads\\\/2022\\\/06\\\/1.png\",\"datePublished\":\"2022-06-28T16:18:51+00:00\",\"dateModified\":\"2022-06-29T17:03:57+00:00\",\"breadcrumb\":{\"@id\":\"https:\\\/\\\/www.procarton.com\\\/preisverleihung-carton-austria-award-2021\\\/#breadcrumb\"},\"inLanguage\":\"de\",\"potentialAction\":[{\"@type\":\"ReadAction\",\"target\":[\"https:\\\/\\\/www.procarton.com\\\/preisverleihung-carton-austria-award-2021\\\/\"]}]},{\"@type\":\"ImageObject\",\"inLanguage\":\"de\",\"@id\":\"https:\\\/\\\/www.procarton.com\\\/preisverleihung-carton-austria-award-2021\\\/#primaryimage\",\"url\":\"https:\\\/\\\/www.procarton.com\\\/wp-content\\\/uploads\\\/2022\\\/06\\\/1.png\",\"contentUrl\":\"https:\\\/\\\/www.procarton.com\\\/wp-content\\\/uploads\\\/2022\\\/06\\\/1.png\",\"width\":705,\"height\":536},{\"@type\":\"BreadcrumbList\",\"@id\":\"https:\\\/\\\/www.procarton.com\\\/preisverleihung-carton-austria-award-2021\\\/#breadcrumb\",\"itemListElement\":[{\"@type\":\"ListItem\",\"position\":1,\"name\":\"Home\",\"item\":\"https:\\\/\\\/www.procarton.com\\\/\"},{\"@type\":\"ListItem\",\"position\":2,\"name\":\"Preisverleihung des Carton Austria Award 2021\"}]},{\"@type\":\"WebSite\",\"@id\":\"https:\\\/\\\/www.procarton.com\\\/es\\\/#website\",\"url\":\"https:\\\/\\\/www.procarton.com\\\/es\\\/\",\"name\":\"Pro Carton\",\"description\":\"\",\"publisher\":{\"@id\":\"https:\\\/\\\/www.procarton.com\\\/es\\\/#organization\"},\"potentialAction\":[{\"@type\":\"SearchAction\",\"target\":{\"@type\":\"EntryPoint\",\"urlTemplate\":\"https:\\\/\\\/www.procarton.com\\\/es\\\/?s={search_term_string}\"},\"query-input\":{\"@type\":\"PropertyValueSpecification\",\"valueRequired\":true,\"valueName\":\"search_term_string\"}}],\"inLanguage\":\"de\"},{\"@type\":\"Organization\",\"@id\":\"https:\\\/\\\/www.procarton.com\\\/es\\\/#organization\",\"name\":\"ProCarton\",\"url\":\"https:\\\/\\\/www.procarton.com\\\/es\\\/\",\"logo\":{\"@type\":\"ImageObject\",\"inLanguage\":\"de\",\"@id\":\"https:\\\/\\\/www.procarton.com\\\/es\\\/#\\\/schema\\\/logo\\\/image\\\/\",\"url\":\"https:\\\/\\\/www.procarton.com\\\/wp-content\\\/uploads\\\/2022\\\/06\\\/logo-mit-slogan.jpg\",\"contentUrl\":\"https:\\\/\\\/www.procarton.com\\\/wp-content\\\/uploads\\\/2022\\\/06\\\/logo-mit-slogan.jpg\",\"width\":422,\"height\":519,\"caption\":\"ProCarton\"},\"image\":{\"@id\":\"https:\\\/\\\/www.procarton.com\\\/es\\\/#\\\/schema\\\/logo\\\/image\\\/\"},\"sameAs\":[\"https:\\\/\\\/www.facebook.com\\\/procartondesignaward\\\/\",\"https:\\\/\\\/x.com\\\/pro_carton\"]},{\"@type\":\"Person\",\"@id\":\"https:\\\/\\\/www.procarton.com\\\/es\\\/#\\\/schema\\\/person\\\/014a36d75fad19a59d7d127e6af9ad99\",\"name\":\"helena@procarton.com\",\"sameAs\":[\"https:\\\/\\\/x.com\\\/esterling@admin\"],\"url\":\"https:\\\/\\\/www.procarton.com\\\/de\\\/author\\\/helenaprocarton-com\\\/\"}]}<\/script>\n<!-- \/ Yoast SEO plugin. -->","yoast_head_json":{"title":"Preisverleihung des Carton Austria Award 2021 - Pro Carton","robots":{"index":"index","follow":"follow","max-snippet":"max-snippet:-1","max-image-preview":"max-image-preview:large","max-video-preview":"max-video-preview:-1"},"canonical":"https:\/\/www.procarton.com\/de\/preisverleihung-carton-austria-award-2021\/","og_locale":"de_DE","og_type":"article","og_title":"Preisverleihung des Carton Austria Award 2021 - Pro Carton","og_description":"Die Preisverleihung des Carton Austria Award 2021 wurde in einem w\u00fcrdigen Rahmen nachgeholt.","og_url":"https:\/\/www.procarton.com\/de\/preisverleihung-carton-austria-award-2021\/","og_site_name":"Pro Carton","article_publisher":"https:\/\/www.facebook.com\/procartondesignaward\/","article_published_time":"2022-06-28T16:18:51+00:00","article_modified_time":"2022-06-29T17:03:57+00:00","og_image":[{"width":705,"height":536,"url":"https:\/\/www.procarton.com\/wp-content\/uploads\/2022\/06\/1.png","type":"image\/png"}],"author":"helena@procarton.com","twitter_card":"summary_large_image","twitter_creator":"@esterling@admin","twitter_site":"@pro_carton","twitter_misc":{"Verfasst von":"helena@procarton.com","Gesch\u00e4tzte Lesezeit":"14\u00a0Minuten"},"schema":{"@context":"https:\/\/schema.org","@graph":[{"@type":"Article","@id":"https:\/\/www.procarton.com\/preisverleihung-carton-austria-award-2021\/#article","isPartOf":{"@id":"https:\/\/www.procarton.com\/preisverleihung-carton-austria-award-2021\/"},"author":{"name":"helena@procarton.com","@id":"https:\/\/www.procarton.com\/es\/#\/schema\/person\/014a36d75fad19a59d7d127e6af9ad99"},"headline":"Preisverleihung des Carton Austria Award 2021","datePublished":"2022-06-28T16:18:51+00:00","dateModified":"2022-06-29T17:03:57+00:00","mainEntityOfPage":{"@id":"https:\/\/www.procarton.com\/preisverleihung-carton-austria-award-2021\/"},"wordCount":2859,"publisher":{"@id":"https:\/\/www.procarton.com\/es\/#organization"},"image":{"@id":"https:\/\/www.procarton.com\/preisverleihung-carton-austria-award-2021\/#primaryimage"},"thumbnailUrl":"https:\/\/www.procarton.com\/wp-content\/uploads\/2022\/06\/1.png","articleSection":["National Activities"],"inLanguage":"de"},{"@type":"WebPage","@id":"https:\/\/www.procarton.com\/preisverleihung-carton-austria-award-2021\/","url":"https:\/\/www.procarton.com\/preisverleihung-carton-austria-award-2021\/","name":"Preisverleihung des Carton Austria Award 2021 - Pro Carton","isPartOf":{"@id":"https:\/\/www.procarton.com\/es\/#website"},"primaryImageOfPage":{"@id":"https:\/\/www.procarton.com\/preisverleihung-carton-austria-award-2021\/#primaryimage"},"image":{"@id":"https:\/\/www.procarton.com\/preisverleihung-carton-austria-award-2021\/#primaryimage"},"thumbnailUrl":"https:\/\/www.procarton.com\/wp-content\/uploads\/2022\/06\/1.png","datePublished":"2022-06-28T16:18:51+00:00","dateModified":"2022-06-29T17:03:57+00:00","breadcrumb":{"@id":"https:\/\/www.procarton.com\/preisverleihung-carton-austria-award-2021\/#breadcrumb"},"inLanguage":"de","potentialAction":[{"@type":"ReadAction","target":["https:\/\/www.procarton.com\/preisverleihung-carton-austria-award-2021\/"]}]},{"@type":"ImageObject","inLanguage":"de","@id":"https:\/\/www.procarton.com\/preisverleihung-carton-austria-award-2021\/#primaryimage","url":"https:\/\/www.procarton.com\/wp-content\/uploads\/2022\/06\/1.png","contentUrl":"https:\/\/www.procarton.com\/wp-content\/uploads\/2022\/06\/1.png","width":705,"height":536},{"@type":"BreadcrumbList","@id":"https:\/\/www.procarton.com\/preisverleihung-carton-austria-award-2021\/#breadcrumb","itemListElement":[{"@type":"ListItem","position":1,"name":"Home","item":"https:\/\/www.procarton.com\/"},{"@type":"ListItem","position":2,"name":"Preisverleihung des Carton Austria Award 2021"}]},{"@type":"WebSite","@id":"https:\/\/www.procarton.com\/es\/#website","url":"https:\/\/www.procarton.com\/es\/","name":"Pro Carton","description":"","publisher":{"@id":"https:\/\/www.procarton.com\/es\/#organization"},"potentialAction":[{"@type":"SearchAction","target":{"@type":"EntryPoint","urlTemplate":"https:\/\/www.procarton.com\/es\/?s={search_term_string}"},"query-input":{"@type":"PropertyValueSpecification","valueRequired":true,"valueName":"search_term_string"}}],"inLanguage":"de"},{"@type":"Organization","@id":"https:\/\/www.procarton.com\/es\/#organization","name":"ProCarton","url":"https:\/\/www.procarton.com\/es\/","logo":{"@type":"ImageObject","inLanguage":"de","@id":"https:\/\/www.procarton.com\/es\/#\/schema\/logo\/image\/","url":"https:\/\/www.procarton.com\/wp-content\/uploads\/2022\/06\/logo-mit-slogan.jpg","contentUrl":"https:\/\/www.procarton.com\/wp-content\/uploads\/2022\/06\/logo-mit-slogan.jpg","width":422,"height":519,"caption":"ProCarton"},"image":{"@id":"https:\/\/www.procarton.com\/es\/#\/schema\/logo\/image\/"},"sameAs":["https:\/\/www.facebook.com\/procartondesignaward\/","https:\/\/x.com\/pro_carton"]},{"@type":"Person","@id":"https:\/\/www.procarton.com\/es\/#\/schema\/person\/014a36d75fad19a59d7d127e6af9ad99","name":"helena@procarton.com","sameAs":["https:\/\/x.com\/esterling@admin"],"url":"https:\/\/www.procarton.com\/de\/author\/helenaprocarton-com\/"}]}},"_links":{"self":[{"href":"https:\/\/www.procarton.com\/de\/wp-json\/wp\/v2\/posts\/279552","targetHints":{"allow":["GET"]}}],"collection":[{"href":"https:\/\/www.procarton.com\/de\/wp-json\/wp\/v2\/posts"}],"about":[{"href":"https:\/\/www.procarton.com\/de\/wp-json\/wp\/v2\/types\/post"}],"author":[{"embeddable":true,"href":"https:\/\/www.procarton.com\/de\/wp-json\/wp\/v2\/users\/868"}],"replies":[{"embeddable":true,"href":"https:\/\/www.procarton.com\/de\/wp-json\/wp\/v2\/comments?post=279552"}],"version-history":[{"count":8,"href":"https:\/\/www.procarton.com\/de\/wp-json\/wp\/v2\/posts\/279552\/revisions"}],"predecessor-version":[{"id":279651,"href":"https:\/\/www.procarton.com\/de\/wp-json\/wp\/v2\/posts\/279552\/revisions\/279651"}],"wp:featuredmedia":[{"embeddable":true,"href":"https:\/\/www.procarton.com\/de\/wp-json\/wp\/v2\/media\/279572"}],"wp:attachment":[{"href":"https:\/\/www.procarton.com\/de\/wp-json\/wp\/v2\/media?parent=279552"}],"wp:term":[{"taxonomy":"category","embeddable":true,"href":"https:\/\/www.procarton.com\/de\/wp-json\/wp\/v2\/categories?post=279552"},{"taxonomy":"post_tag","embeddable":true,"href":"https:\/\/www.procarton.com\/de\/wp-json\/wp\/v2\/tags?post=279552"}],"curies":[{"name":"wp","href":"https:\/\/api.w.org\/{rel}","templated":true}]}}