{"id":274955,"date":"2022-02-21T15:55:35","date_gmt":"2022-02-21T15:55:35","guid":{"rendered":"https:\/\/www.procarton.com\/?p=274955"},"modified":"2022-03-08T11:59:32","modified_gmt":"2022-03-08T11:59:32","slug":"fibre-packaging-europe-supports-measures-to-boost-packaging-recycling-across-europe","status":"publish","type":"post","link":"https:\/\/www.procarton.com\/de\/fibre-packaging-europe-supports-measures-to-boost-packaging-recycling-across-europe\/","title":{"rendered":"Fibre Packaging Europe unterst\u00fctzt Ma\u00dfnahmen zur F\u00f6rderung des Verpackungsrecyclings in ganz Europa"},"content":{"rendered":"<div class=\"av-animated-generic top-to-bottom flex_column av_one_full  flex_column_div av-zero-column-padding first  avia-builder-el-0  avia-builder-el-no-sibling\" style='border-radius:0px; '>\n<section class=\"av_textblock_section\"  itemscope=\"itemscope\" itemtype=\"https:\/\/schema.org\/BlogPosting\" itemprop=\"blogPost\" >\n<div class='avia_textblock'   itemprop=\"text\" >\n<h3>\u00dcberarbeitung der Richtlinie \u00fcber Verpackungen und Verpackungsabf\u00e4lle<\/h3>\n<p><strong>Konkrete Ma\u00dfnahmen zur F\u00f6rderung des Verpackungsrecyclings in ganz Europa<\/strong><\/p>\n<p>Fibre Packaging Europe unterst\u00fctzt die Green-Deal-Ambitionen der EU und begr\u00fc\u00dft die anstehende \u00dcberarbeitung der Richtlinie \u00fcber Verpackungen und Verpackungsabf\u00e4lle (PPWD) als eine entscheidende Gelegenheit, die Kreislaufwirtschaft in der EU voranzutreiben. Wir sind bereit, unseren Teil zu diesem Wandel beizutragen und setzen uns daf\u00fcr ein, die Recyclingrate von erneuerbaren Verpackungen aus Holzfasern und recyceltem Papier und Karton, den sogenannten faserbasierten Verpackungen, weiter zu erh\u00f6hen.<\/p>\n<p>Lesen Sie die vollst\u00e4ndige Pressemitteilung, indem Sie auf das unten stehende Bild klicken:<\/p>\n<\/div>\n<\/section>\n<div  class='avia-image-container  av-styling-    avia-builder-el-2  el_after_av_textblock  avia-builder-el-last  avia-align-center'  itemprop=\"image\" itemscope=\"itemscope\" itemtype=\"https:\/\/schema.org\/ImageObject\"  >\n<div class='avia-image-container-inner'>\n<div class='avia-image-overlay-wrap'><a href=\"https:\/\/www.procarton.com\/wp-content\/uploads\/2022\/02\/Fibre-Packaging-Europe-Boosting-packaging-recycling-PPWD-position-paper-1.pdf\" class='avia_image' target=\"_blank\" rel=\"noopener noreferrer\"><img decoding=\"async\" class='wp-image-265569 avia-img-lazy-loading-not-265569 avia_image' src=\"https:\/\/www.procarton.com\/wp-content\/uploads\/2021\/10\/Fibre-Packaging-Europe-Coalition.png\" alt='' title='Faserverpackungen E-urope-Koalition'  itemprop=\"thumbnailUrl\"  \/><\/a><\/div>\n<\/div>\n<\/div>\n<\/div>","protected":false},"excerpt":{"rendered":"<p>Fibre Packaging Europe unterst\u00fctzt Ma\u00dfnahmen zur F\u00f6rderung des Verpackungsrecyclings in ganz Europa<\/p>","protected":false},"author":1286,"featured_media":275243,"comment_status":"closed","ping_status":"open","sticky":false,"template":"","format":"standard","meta":{"inline_featured_image":false,"footnotes":""},"categories":[241,247,242],"tags":[],"class_list":["post-274955","post","type-post","status-publish","format-standard","has-post-thumbnail","hentry","category-legislation","category-members-news","category-procarton"],"yoast_head":"<!-- This site is optimized with the Yoast SEO plugin v27.4 - https:\/\/yoast.com\/product\/yoast-seo-wordpress\/ -->\n<title>Fibre Packaging Europe supports measures to boost packaging recycling across Europe - Pro Carton<\/title>\n<meta name=\"robots\" content=\"index, follow, max-snippet:-1, max-image-preview:large, max-video-preview:-1\" \/>\n<link rel=\"canonical\" href=\"https:\/\/www.procarton.com\/de\/fibre-packaging-europe-supports-measures-to-boost-packaging-recycling-across-europe\/\" \/>\n<meta property=\"og:locale\" content=\"de_DE\" \/>\n<meta property=\"og:type\" content=\"article\" \/>\n<meta property=\"og:title\" content=\"Fibre Packaging Europe supports measures to boost packaging recycling across Europe - Pro Carton\" \/>\n<meta property=\"og:description\" content=\"Fibre Packaging Europe supports measures to boost packaging recycling across Europe\" \/>\n<meta property=\"og:url\" content=\"https:\/\/www.procarton.com\/de\/fibre-packaging-europe-supports-measures-to-boost-packaging-recycling-across-europe\/\" \/>\n<meta property=\"og:site_name\" content=\"Pro Carton\" \/>\n<meta property=\"article:publisher\" content=\"https:\/\/www.facebook.com\/procartondesignaward\/\" \/>\n<meta property=\"article:published_time\" content=\"2022-02-21T15:55:35+00:00\" \/>\n<meta property=\"article:modified_time\" content=\"2022-03-08T11:59:32+00:00\" \/>\n<meta property=\"og:image\" content=\"https:\/\/www.procarton.com\/wp-content\/uploads\/2022\/02\/Fibre-Packaging-Europe-FPE-Logo-feature-image.png\" \/>\n\t<meta property=\"og:image:width\" content=\"972\" \/>\n\t<meta property=\"og:image:height\" content=\"588\" \/>\n\t<meta property=\"og:image:type\" content=\"image\/png\" \/>\n<meta name=\"author\" content=\"ryan@procarton.com\" \/>\n<meta name=\"twitter:card\" content=\"summary_large_image\" \/>\n<meta name=\"twitter:creator\" content=\"@pro_carton\" \/>\n<meta name=\"twitter:site\" content=\"@pro_carton\" \/>\n<meta name=\"twitter:label1\" content=\"Verfasst von\" \/>\n\t<meta name=\"twitter:data1\" content=\"ryan@procarton.com\" \/>\n\t<meta name=\"twitter:label2\" content=\"Gesch\u00e4tzte Lesezeit\" \/>\n\t<meta name=\"twitter:data2\" content=\"2\u00a0Minuten\" \/>\n<script type=\"application\/ld+json\" class=\"yoast-schema-graph\">{\"@context\":\"https:\\\/\\\/schema.org\",\"@graph\":[{\"@type\":\"Article\",\"@id\":\"https:\\\/\\\/www.procarton.com\\\/es\\\/fibre-packaging-europe-supports-measures-to-boost-packaging-recycling-across-europe\\\/#article\",\"isPartOf\":{\"@id\":\"https:\\\/\\\/www.procarton.com\\\/es\\\/fibre-packaging-europe-supports-measures-to-boost-packaging-recycling-across-europe\\\/\"},\"author\":{\"name\":\"ryan@procarton.com\",\"@id\":\"https:\\\/\\\/www.procarton.com\\\/es\\\/#\\\/schema\\\/person\\\/8f52811f36555e3fbe8aa433fda4f5b5\"},\"headline\":\"Fibre Packaging Europe supports measures to boost packaging recycling across Europe\",\"datePublished\":\"2022-02-21T15:55:35+00:00\",\"dateModified\":\"2022-03-08T11:59:32+00:00\",\"mainEntityOfPage\":{\"@id\":\"https:\\\/\\\/www.procarton.com\\\/es\\\/fibre-packaging-europe-supports-measures-to-boost-packaging-recycling-across-europe\\\/\"},\"wordCount\":371,\"publisher\":{\"@id\":\"https:\\\/\\\/www.procarton.com\\\/es\\\/#organization\"},\"image\":{\"@id\":\"https:\\\/\\\/www.procarton.com\\\/es\\\/fibre-packaging-europe-supports-measures-to-boost-packaging-recycling-across-europe\\\/#primaryimage\"},\"thumbnailUrl\":\"https:\\\/\\\/www.procarton.com\\\/wp-content\\\/uploads\\\/2022\\\/02\\\/Fibre-Packaging-Europe-FPE-Logo-feature-image.png\",\"articleSection\":[\"Legislation\",\"Members News\",\"Pro Carton\"],\"inLanguage\":\"de\"},{\"@type\":\"WebPage\",\"@id\":\"https:\\\/\\\/www.procarton.com\\\/es\\\/fibre-packaging-europe-supports-measures-to-boost-packaging-recycling-across-europe\\\/\",\"url\":\"https:\\\/\\\/www.procarton.com\\\/es\\\/fibre-packaging-europe-supports-measures-to-boost-packaging-recycling-across-europe\\\/\",\"name\":\"Fibre Packaging Europe supports measures to boost packaging recycling across Europe - Pro Carton\",\"isPartOf\":{\"@id\":\"https:\\\/\\\/www.procarton.com\\\/es\\\/#website\"},\"primaryImageOfPage\":{\"@id\":\"https:\\\/\\\/www.procarton.com\\\/es\\\/fibre-packaging-europe-supports-measures-to-boost-packaging-recycling-across-europe\\\/#primaryimage\"},\"image\":{\"@id\":\"https:\\\/\\\/www.procarton.com\\\/es\\\/fibre-packaging-europe-supports-measures-to-boost-packaging-recycling-across-europe\\\/#primaryimage\"},\"thumbnailUrl\":\"https:\\\/\\\/www.procarton.com\\\/wp-content\\\/uploads\\\/2022\\\/02\\\/Fibre-Packaging-Europe-FPE-Logo-feature-image.png\",\"datePublished\":\"2022-02-21T15:55:35+00:00\",\"dateModified\":\"2022-03-08T11:59:32+00:00\",\"breadcrumb\":{\"@id\":\"https:\\\/\\\/www.procarton.com\\\/es\\\/fibre-packaging-europe-supports-measures-to-boost-packaging-recycling-across-europe\\\/#breadcrumb\"},\"inLanguage\":\"de\",\"potentialAction\":[{\"@type\":\"ReadAction\",\"target\":[\"https:\\\/\\\/www.procarton.com\\\/es\\\/fibre-packaging-europe-supports-measures-to-boost-packaging-recycling-across-europe\\\/\"]}]},{\"@type\":\"ImageObject\",\"inLanguage\":\"de\",\"@id\":\"https:\\\/\\\/www.procarton.com\\\/es\\\/fibre-packaging-europe-supports-measures-to-boost-packaging-recycling-across-europe\\\/#primaryimage\",\"url\":\"https:\\\/\\\/www.procarton.com\\\/wp-content\\\/uploads\\\/2022\\\/02\\\/Fibre-Packaging-Europe-FPE-Logo-feature-image.png\",\"contentUrl\":\"https:\\\/\\\/www.procarton.com\\\/wp-content\\\/uploads\\\/2022\\\/02\\\/Fibre-Packaging-Europe-FPE-Logo-feature-image.png\",\"width\":972,\"height\":588},{\"@type\":\"BreadcrumbList\",\"@id\":\"https:\\\/\\\/www.procarton.com\\\/es\\\/fibre-packaging-europe-supports-measures-to-boost-packaging-recycling-across-europe\\\/#breadcrumb\",\"itemListElement\":[{\"@type\":\"ListItem\",\"position\":1,\"name\":\"Home\",\"item\":\"https:\\\/\\\/www.procarton.com\\\/\"},{\"@type\":\"ListItem\",\"position\":2,\"name\":\"Fibre Packaging Europe supports measures to boost packaging recycling across Europe\"}]},{\"@type\":\"WebSite\",\"@id\":\"https:\\\/\\\/www.procarton.com\\\/es\\\/#website\",\"url\":\"https:\\\/\\\/www.procarton.com\\\/es\\\/\",\"name\":\"Pro Carton\",\"description\":\"\",\"publisher\":{\"@id\":\"https:\\\/\\\/www.procarton.com\\\/es\\\/#organization\"},\"potentialAction\":[{\"@type\":\"SearchAction\",\"target\":{\"@type\":\"EntryPoint\",\"urlTemplate\":\"https:\\\/\\\/www.procarton.com\\\/es\\\/?s={search_term_string}\"},\"query-input\":{\"@type\":\"PropertyValueSpecification\",\"valueRequired\":true,\"valueName\":\"search_term_string\"}}],\"inLanguage\":\"de\"},{\"@type\":\"Organization\",\"@id\":\"https:\\\/\\\/www.procarton.com\\\/es\\\/#organization\",\"name\":\"ProCarton\",\"url\":\"https:\\\/\\\/www.procarton.com\\\/es\\\/\",\"logo\":{\"@type\":\"ImageObject\",\"inLanguage\":\"de\",\"@id\":\"https:\\\/\\\/www.procarton.com\\\/es\\\/#\\\/schema\\\/logo\\\/image\\\/\",\"url\":\"https:\\\/\\\/www.procarton.com\\\/wp-content\\\/uploads\\\/2022\\\/06\\\/logo-mit-slogan.jpg\",\"contentUrl\":\"https:\\\/\\\/www.procarton.com\\\/wp-content\\\/uploads\\\/2022\\\/06\\\/logo-mit-slogan.jpg\",\"width\":422,\"height\":519,\"caption\":\"ProCarton\"},\"image\":{\"@id\":\"https:\\\/\\\/www.procarton.com\\\/es\\\/#\\\/schema\\\/logo\\\/image\\\/\"},\"sameAs\":[\"https:\\\/\\\/www.facebook.com\\\/procartondesignaward\\\/\",\"https:\\\/\\\/x.com\\\/pro_carton\"]},{\"@type\":\"Person\",\"@id\":\"https:\\\/\\\/www.procarton.com\\\/es\\\/#\\\/schema\\\/person\\\/8f52811f36555e3fbe8aa433fda4f5b5\",\"name\":\"ryan@procarton.com\",\"url\":\"https:\\\/\\\/www.procarton.com\\\/de\\\/author\\\/pro-carton-3\\\/\"}]}<\/script>\n<!-- \/ Yoast SEO plugin. -->","yoast_head_json":{"title":"Fibre Packaging Europe unterst\u00fctzt Ma\u00dfnahmen zur F\u00f6rderung des Verpackungsrecyclings in Europa - Pro Carton","robots":{"index":"index","follow":"follow","max-snippet":"max-snippet:-1","max-image-preview":"max-image-preview:large","max-video-preview":"max-video-preview:-1"},"canonical":"https:\/\/www.procarton.com\/de\/fibre-packaging-europe-supports-measures-to-boost-packaging-recycling-across-europe\/","og_locale":"de_DE","og_type":"article","og_title":"Fibre Packaging Europe supports measures to boost packaging recycling across Europe - Pro Carton","og_description":"Fibre Packaging Europe supports measures to boost packaging recycling across Europe","og_url":"https:\/\/www.procarton.com\/de\/fibre-packaging-europe-supports-measures-to-boost-packaging-recycling-across-europe\/","og_site_name":"Pro Carton","article_publisher":"https:\/\/www.facebook.com\/procartondesignaward\/","article_published_time":"2022-02-21T15:55:35+00:00","article_modified_time":"2022-03-08T11:59:32+00:00","og_image":[{"width":972,"height":588,"url":"https:\/\/www.procarton.com\/wp-content\/uploads\/2022\/02\/Fibre-Packaging-Europe-FPE-Logo-feature-image.png","type":"image\/png"}],"author":"ryan@procarton.com","twitter_card":"summary_large_image","twitter_creator":"@pro_carton","twitter_site":"@pro_carton","twitter_misc":{"Verfasst von":"ryan@procarton.com","Gesch\u00e4tzte Lesezeit":"2\u00a0Minuten"},"schema":{"@context":"https:\/\/schema.org","@graph":[{"@type":"Article","@id":"https:\/\/www.procarton.com\/es\/fibre-packaging-europe-supports-measures-to-boost-packaging-recycling-across-europe\/#article","isPartOf":{"@id":"https:\/\/www.procarton.com\/es\/fibre-packaging-europe-supports-measures-to-boost-packaging-recycling-across-europe\/"},"author":{"name":"ryan@procarton.com","@id":"https:\/\/www.procarton.com\/es\/#\/schema\/person\/8f52811f36555e3fbe8aa433fda4f5b5"},"headline":"Fibre Packaging Europe supports measures to boost packaging recycling across Europe","datePublished":"2022-02-21T15:55:35+00:00","dateModified":"2022-03-08T11:59:32+00:00","mainEntityOfPage":{"@id":"https:\/\/www.procarton.com\/es\/fibre-packaging-europe-supports-measures-to-boost-packaging-recycling-across-europe\/"},"wordCount":371,"publisher":{"@id":"https:\/\/www.procarton.com\/es\/#organization"},"image":{"@id":"https:\/\/www.procarton.com\/es\/fibre-packaging-europe-supports-measures-to-boost-packaging-recycling-across-europe\/#primaryimage"},"thumbnailUrl":"https:\/\/www.procarton.com\/wp-content\/uploads\/2022\/02\/Fibre-Packaging-Europe-FPE-Logo-feature-image.png","articleSection":["Legislation","Members News","Pro Carton"],"inLanguage":"de"},{"@type":"WebPage","@id":"https:\/\/www.procarton.com\/es\/fibre-packaging-europe-supports-measures-to-boost-packaging-recycling-across-europe\/","url":"https:\/\/www.procarton.com\/es\/fibre-packaging-europe-supports-measures-to-boost-packaging-recycling-across-europe\/","name":"Fibre Packaging Europe unterst\u00fctzt Ma\u00dfnahmen zur F\u00f6rderung des Verpackungsrecyclings in Europa - Pro Carton","isPartOf":{"@id":"https:\/\/www.procarton.com\/es\/#website"},"primaryImageOfPage":{"@id":"https:\/\/www.procarton.com\/es\/fibre-packaging-europe-supports-measures-to-boost-packaging-recycling-across-europe\/#primaryimage"},"image":{"@id":"https:\/\/www.procarton.com\/es\/fibre-packaging-europe-supports-measures-to-boost-packaging-recycling-across-europe\/#primaryimage"},"thumbnailUrl":"https:\/\/www.procarton.com\/wp-content\/uploads\/2022\/02\/Fibre-Packaging-Europe-FPE-Logo-feature-image.png","datePublished":"2022-02-21T15:55:35+00:00","dateModified":"2022-03-08T11:59:32+00:00","breadcrumb":{"@id":"https:\/\/www.procarton.com\/es\/fibre-packaging-europe-supports-measures-to-boost-packaging-recycling-across-europe\/#breadcrumb"},"inLanguage":"de","potentialAction":[{"@type":"ReadAction","target":["https:\/\/www.procarton.com\/es\/fibre-packaging-europe-supports-measures-to-boost-packaging-recycling-across-europe\/"]}]},{"@type":"ImageObject","inLanguage":"de","@id":"https:\/\/www.procarton.com\/es\/fibre-packaging-europe-supports-measures-to-boost-packaging-recycling-across-europe\/#primaryimage","url":"https:\/\/www.procarton.com\/wp-content\/uploads\/2022\/02\/Fibre-Packaging-Europe-FPE-Logo-feature-image.png","contentUrl":"https:\/\/www.procarton.com\/wp-content\/uploads\/2022\/02\/Fibre-Packaging-Europe-FPE-Logo-feature-image.png","width":972,"height":588},{"@type":"BreadcrumbList","@id":"https:\/\/www.procarton.com\/es\/fibre-packaging-europe-supports-measures-to-boost-packaging-recycling-across-europe\/#breadcrumb","itemListElement":[{"@type":"ListItem","position":1,"name":"Home","item":"https:\/\/www.procarton.com\/"},{"@type":"ListItem","position":2,"name":"Fibre Packaging Europe supports measures to boost packaging recycling across Europe"}]},{"@type":"WebSite","@id":"https:\/\/www.procarton.com\/es\/#website","url":"https:\/\/www.procarton.com\/es\/","name":"Pro Carton","description":"","publisher":{"@id":"https:\/\/www.procarton.com\/es\/#organization"},"potentialAction":[{"@type":"SearchAction","target":{"@type":"EntryPoint","urlTemplate":"https:\/\/www.procarton.com\/es\/?s={search_term_string}"},"query-input":{"@type":"PropertyValueSpecification","valueRequired":true,"valueName":"search_term_string"}}],"inLanguage":"de"},{"@type":"Organization","@id":"https:\/\/www.procarton.com\/es\/#organization","name":"ProCarton","url":"https:\/\/www.procarton.com\/es\/","logo":{"@type":"ImageObject","inLanguage":"de","@id":"https:\/\/www.procarton.com\/es\/#\/schema\/logo\/image\/","url":"https:\/\/www.procarton.com\/wp-content\/uploads\/2022\/06\/logo-mit-slogan.jpg","contentUrl":"https:\/\/www.procarton.com\/wp-content\/uploads\/2022\/06\/logo-mit-slogan.jpg","width":422,"height":519,"caption":"ProCarton"},"image":{"@id":"https:\/\/www.procarton.com\/es\/#\/schema\/logo\/image\/"},"sameAs":["https:\/\/www.facebook.com\/procartondesignaward\/","https:\/\/x.com\/pro_carton"]},{"@type":"Person","@id":"https:\/\/www.procarton.com\/es\/#\/schema\/person\/8f52811f36555e3fbe8aa433fda4f5b5","name":"ryan@procarton.com","url":"https:\/\/www.procarton.com\/de\/author\/pro-carton-3\/"}]}},"_links":{"self":[{"href":"https:\/\/www.procarton.com\/de\/wp-json\/wp\/v2\/posts\/274955","targetHints":{"allow":["GET"]}}],"collection":[{"href":"https:\/\/www.procarton.com\/de\/wp-json\/wp\/v2\/posts"}],"about":[{"href":"https:\/\/www.procarton.com\/de\/wp-json\/wp\/v2\/types\/post"}],"author":[{"embeddable":true,"href":"https:\/\/www.procarton.com\/de\/wp-json\/wp\/v2\/users\/1286"}],"replies":[{"embeddable":true,"href":"https:\/\/www.procarton.com\/de\/wp-json\/wp\/v2\/comments?post=274955"}],"version-history":[{"count":7,"href":"https:\/\/www.procarton.com\/de\/wp-json\/wp\/v2\/posts\/274955\/revisions"}],"predecessor-version":[{"id":275244,"href":"https:\/\/www.procarton.com\/de\/wp-json\/wp\/v2\/posts\/274955\/revisions\/275244"}],"wp:featuredmedia":[{"embeddable":true,"href":"https:\/\/www.procarton.com\/de\/wp-json\/wp\/v2\/media\/275243"}],"wp:attachment":[{"href":"https:\/\/www.procarton.com\/de\/wp-json\/wp\/v2\/media?parent=274955"}],"wp:term":[{"taxonomy":"category","embeddable":true,"href":"https:\/\/www.procarton.com\/de\/wp-json\/wp\/v2\/categories?post=274955"},{"taxonomy":"post_tag","embeddable":true,"href":"https:\/\/www.procarton.com\/de\/wp-json\/wp\/v2\/tags?post=274955"}],"curies":[{"name":"wp","href":"https:\/\/api.w.org\/{rel}","templated":true}]}}