{"id":273567,"date":"2022-01-20T08:12:37","date_gmt":"2022-01-20T08:12:37","guid":{"rendered":"https:\/\/www.procarton.com\/?p=273567"},"modified":"2022-01-25T09:52:51","modified_gmt":"2022-01-25T09:52:51","slug":"fibre-based-packaging-a-frontrunner-among-sustainable-products","status":"publish","type":"post","link":"https:\/\/www.procarton.com\/de\/fibre-based-packaging-a-frontrunner-among-sustainable-products\/","title":{"rendered":"Verpackungen aus Fasern: Spitzenreiter unter den nachhaltigen Produkten"},"content":{"rendered":"<div class=\"av-animated-generic top-to-bottom flex_column av_two_third  flex_column_div av-zero-column-padding first  avia-builder-el-0  el_before_av_textblock  avia-builder-el-first\" style='border-radius:0px; '>\n<section class=\"av_textblock_section\"  itemscope=\"itemscope\" itemtype=\"https:\/\/schema.org\/BlogPosting\" itemprop=\"blogPost\" >\n<div class='avia_textblock'   itemprop=\"text\" >\n<p>Initiative f\u00fcr nachhaltige Produkte<span class=\"Apple-converted-space\">\u00a0<\/span><\/p>\n<h1>Verpackungen aus Fasern: Spitzenreiter unter den nachhaltigen Produkten<span class=\"Apple-converted-space\">\u00a0<\/span><\/h1>\n<\/div>\n<\/section>\n<\/div>\n<section class=\"av_textblock_section\"  itemscope=\"itemscope\" itemtype=\"https:\/\/schema.org\/BlogPosting\" itemprop=\"blogPost\" >\n<div class='avia_textblock'   itemprop=\"text\" >\n<p>Fibre Packaging Europe begr\u00fc\u00dft die Initiative der Europ\u00e4ischen Kommission f\u00fcr nachhaltige Produkte (SPI). Wir erkennen an, wie wichtig es ist, sicherzustellen, dass nachhaltige Produkte Europas \u00dcbergang zu einer klimaneutralen, ressourceneffizienten und kreislauforientierten Wirtschaft unterst\u00fctzen. Verpackungen aus nachwachsendem Holz, im Allgemeinen als faserbasierte Verpackungen bezeichnet, tragen aktiv zum gr\u00fcnen \u00dcbergang bei, indem sie fossile Materialien und die damit verbundenen Emissionen abl\u00f6sen. Dieser Beitrag kann durch weitere Innovationen bei Faserstoffverpackungen noch gesteigert werden. Bei der Festlegung des SPI-Rechtsrahmens durch die Kommission ist es wichtig, die nachhaltigsten Vorreiter anzuerkennen und die entscheidende Rolle der faserbasierten Verpackungen in der Kreislaufwirtschaft zu ber\u00fccksichtigen. Fibre Packaging Europe begr\u00fc\u00dft die Festlegung von \u00fcbergreifenden Nachhaltigkeitsgrunds\u00e4tzen, die darauf abzielen, die negativen \u00f6kologischen und sozialen Auswirkungen von Produkten und den damit verbundenen Herstellungsprozessen zu minimieren. Diese Grunds\u00e4tze m\u00fcssen auf unterschiedliche Produktkategorien anwendbar sein, weshalb wir vorschlagen, sich auf Ma\u00dfnahmen zu konzentrieren, die:<span class=\"Apple-converted-space\">\u00a0<\/span><\/p>\n<\/div>\n<\/section>\n<section class=\"av_textblock_section\"  itemscope=\"itemscope\" itemtype=\"https:\/\/schema.org\/BlogPosting\" itemprop=\"blogPost\" >\n<div class='avia_textblock'   itemprop=\"text\" >\n<ol>\n<li>Verbesserung der Ressourceneffizienz durch Einf\u00fchrung der Erneuerbarkeit als Nachhaltigkeitsprinzip<\/li>\n<li>Verzicht auf verbindliche Anforderungen an den Rezyklatgehalt auf gut funktionierenden Recyclingm\u00e4rkten<\/li>\n<li>F\u00f6rderung der verantwortungsvollen Beschaffung von Rohstoffen<\/li>\n<li>Anwendung produktspezifischer Ans\u00e4tze zur Vermeidung von \u00dcberschneidungen und doppelten Ma\u00dfnahmen<\/li>\n<li>Sicherstellen, dass Produkte auf Faserbasis weiterhin zur Widerstandsf\u00e4higkeit Europas beitragen k\u00f6nnen<\/li>\n<li>Sicherung gleicher Wettbewerbsbedingungen mit importierten Produkten<span class=\"Apple-converted-space\">\u00a0<\/span><\/li>\n<\/ol>\n<\/div>\n<\/section>\n<div  class='avia-icon-list-container   avia-builder-el-4  el_after_av_textblock  el_before_av_textblock'>\n<ul class='avia-icon-list avia-icon-list-left av-iconlist-big avia_animate_when_almost_visible avia-iconlist-animate'>\n<li>\n<div  class='iconlist_icon  avia-font-entypo-fontello'><span class='iconlist-char' aria-hidden='true' data-av_icon='\ue812' data-av_iconfont='entypo-fontello'><\/span><\/div>\n<article class=\"article-icon-entry\"  itemscope=\"itemscope\" itemtype=\"https:\/\/schema.org\/BlogPosting\" itemprop=\"blogPost\" >\n<div class='iconlist_content_wrap'>\n<header class=\"entry-content-header\">\n<h4 class='av_iconlist_title iconlist_title'  itemprop=\"headline\"  >Verbesserung der Ressourceneffizienz durch Einf\u00fchrung der Erneuerbarkeit als Nachhaltigkeitsprinzip<\/h4>\n<\/header>\n<div class='iconlist_content'  itemprop=\"text\"  >\n<p>Um die Hauptziele des Europ\u00e4ischen Gr\u00fcnen Deals zu erreichen, ist ein systemischer Wandel erforderlich. Dies wird sich darauf auswirken, wie wir leben, was wir essen, was wir anziehen, wie wir gesund bleiben und wie wir reisen. Die Substitution von Materialien, einschlie\u00dflich der Verwendung erneuerbarer holzbasierter Materialien anstelle fossiler Alternativen, wird f\u00fcr diesen Wandel unerl\u00e4sslich sein.1 Die Kommission hat erkannt, dass die Bio\u00f6konomie ein Katalysator f\u00fcr den Systemwandel sein und zur Verwirklichung des gr\u00fcnen \u00dcbergangs beitragen kann.2 Neue Wege der Produktion und des Verbrauchs von Ressourcen bei gleichzeitiger Beachtung der planetarischen Grenzen sollten im Rahmen der Bem\u00fchungen um nachhaltigere Produkte weiter erforscht werden. Recycelbare Materialien aus erneuerbaren Quellen, wie z. B. Verpackungen auf Faserbasis, sollten als Bausteine der neuen Kreislaufwirtschaft anerkannt werden. Folglich sollte die Kommission unterscheiden zwischen<span class=\"Apple-converted-space\">\u00a0<\/span>fossilen Prim\u00e4rrohstoffen und erneuerbaren Rohstoffen. Um bis 2050 Klimaneutralit\u00e4t zu erreichen, m\u00fcssen die fossilen Ressourcen im Boden bleiben und die Emissionen bei der Beschaffung und Herstellung aller Produkte reduziert werden. Daher empfehlen wir, die Erneuerbarkeit als Nachhaltigkeitsprinzip in die Initiative f\u00fcr nachhaltige Produkte aufzunehmen, damit die EU-Politik den schrittweisen Ausstieg aus fossilen Produkten durch den \u00dcbergang zu einer gr\u00fcnen, erneuerbaren Wirtschaft f\u00f6rdert.<span class=\"Apple-converted-space\">\u00a0<\/span><\/p>\n<\/div>\n<\/div>\n<footer class=\"entry-footer\"><\/footer>\n<\/article>\n<div class='iconlist-timeline'><\/div>\n<\/li>\n<li>\n<div  class='iconlist_icon  avia-font-entypo-fontello'><span class='iconlist-char' aria-hidden='true' data-av_icon='\ue812' data-av_iconfont='entypo-fontello'><\/span><\/div>\n<article class=\"article-icon-entry\"  itemscope=\"itemscope\" itemtype=\"https:\/\/schema.org\/BlogPosting\" itemprop=\"blogPost\" >\n<div class='iconlist_content_wrap'>\n<header class=\"entry-content-header\">\n<h4 class='av_iconlist_title iconlist_title'  itemprop=\"headline\"  >Verzicht auf verbindliche Anforderungen an den Rezyklatgehalt auf gut funktionierenden Recyclingm\u00e4rkten<\/h4>\n<\/header>\n<div class='iconlist_content'  itemprop=\"text\"  >\n<p>Der Erhalt des materiellen Wertes bestehender Produkte ist entscheidend f\u00fcr eine verst\u00e4rkte Kreislaufwirtschaft. Im Jahr 2020 wurden in Europa 56,1 Millionen Tonnen Papier und Pappe gesammelt und recycelt, und Papierverpackungen weisen mit 84,2% in der EU die h\u00f6chste Recyclingquote unter den Verpackungsmaterialien auf.3 Der Markt f\u00fcr recyceltes Papier und Pappe als Sekund\u00e4rrohstoff ist in Europa bereits gut entwickelt. Verpackungen aus Wellpappe beispielsweise enthalten im Durchschnitt 89% an recyceltem Inhalt.4 Die bestehende Marktnachfrage erm\u00f6glicht es der Industrie, Papier und Pappe zu recyceln und die Fasern in Industriesegmenten wiederzuverwenden, in denen sie ben\u00f6tigt werden. Faserbasierte Verpackungen ben\u00f6tigen recycelte Fasern und einen kontinuierlichen Fluss von Frischfasern in den Recyclingkreislauf. In diesem Zusammenhang sind wir der festen \u00dcberzeugung, dass die Einf\u00fchrung einer EU-weiten verbindlichen Vorschrift f\u00fcr den Anteil an recycelten Fasern in faserhaltigen Verpackungen eine Herausforderung f\u00fcr eine Industrie darstellen w\u00fcrde, die bereits f\u00fchrend im Recycling ist, da das gesammelte Material k\u00fcnstlich umgeleitet w\u00fcrde, um f\u00fcr bestimmte Produkte und Regionen verwendet zu werden, was zu einem Mangel an Sekund\u00e4rmaterial f\u00fcr andere Produkte oder Regionen f\u00fchren w\u00fcrde. Eine EU-weite verbindliche Vorschrift f\u00fcr faserhaltige Verpackungen w\u00fcrde lediglich die Transportkosten und Emissionen erh\u00f6hen, da Abfallmaterialien quer durch Europa transportiert w\u00fcrden, die andernfalls an ihrem Entstehungsort vollst\u00e4ndig recycelt werden k\u00f6nnten. Letztlich w\u00fcrden verbindliche Anforderungen den Markt unweigerlich einschr\u00e4nken und die Wahlm\u00f6glichkeiten der Verbraucher verringern. Das Recycling von Papier und Pappe w\u00fcrde durch die Weiterentwicklung hochwertiger Systeme zur getrennten Sammlung und Sortierung besser unterst\u00fctzt, um die Recyclingraten weiter zu erh\u00f6hen.<span class=\"Apple-converted-space\">\u00a0<\/span><\/p>\n<\/div>\n<\/div>\n<footer class=\"entry-footer\"><\/footer>\n<\/article>\n<div class='iconlist-timeline'><\/div>\n<\/li>\n<li>\n<div  class='iconlist_icon  avia-font-entypo-fontello'><span class='iconlist-char' aria-hidden='true' data-av_icon='\ue812' data-av_iconfont='entypo-fontello'><\/span><\/div>\n<article class=\"article-icon-entry\"  itemscope=\"itemscope\" itemtype=\"https:\/\/schema.org\/BlogPosting\" itemprop=\"blogPost\" >\n<div class='iconlist_content_wrap'>\n<header class=\"entry-content-header\">\n<h4 class='av_iconlist_title iconlist_title'  itemprop=\"headline\"  >F\u00f6rderung der verantwortungsvollen Beschaffung von Rohstoffen<\/h4>\n<\/header>\n<div class='iconlist_content'  itemprop=\"text\"  >\n<p>Um wirklich nachhaltig zu sein, m\u00fcssen die Produkte nachhaltig beschafft werden. Die EU-Gesetzgebung sollte daher die Verwendung von Rohstoffen aus nachhaltigen Quellen in Produkten, einschlie\u00dflich Verpackungen, f\u00f6rdern. Faserbasierte Verpackungen stammen aus nachhaltig bewirtschafteten W\u00e4ldern, die durch EU- und nationale Forstvorschriften sowie durch marktbasierte Zertifizierungssysteme wie den Forest Stewardship Council (FSC) und das Programme for the Endorsement of Forest Certification (PEFC) geregelt sind. Die nachhaltige Waldbewirtschaftung ist multifunktional und strebt st\u00e4ndig nach einem Gleichgewicht zwischen dem Erhalt der biologischen Vielfalt, dem Klimaschutz und der wirtschaftlichen Leistung. Dank der nachhaltigen Waldbewirtschaftung kann Europa mit Stolz behaupten, dass es heute \u00fcber mehr Waldressourcen verf\u00fcgt als noch vor einem Jahrhundert, denn die Waldfl\u00e4che in Europa ist in den letzten 30 Jahren um 19,3 Millionen Hektar gewachsen.5 Die gesamte Holzernte in der EU liegt unter der j\u00e4hrlichen Wachstumsrate der W\u00e4lder, wodurch der Kohlenstoffbestand unserer W\u00e4lder aktiv erh\u00f6ht und die Artenvielfalt erhalten wird.<span class=\"Apple-converted-space\">\u00a0<\/span><\/p>\n<\/div>\n<\/div>\n<footer class=\"entry-footer\"><\/footer>\n<\/article>\n<div class='iconlist-timeline'><\/div>\n<\/li>\n<li>\n<div  class='iconlist_icon  avia-font-entypo-fontello'><span class='iconlist-char' aria-hidden='true' data-av_icon='\ue812' data-av_iconfont='entypo-fontello'><\/span><\/div>\n<article class=\"article-icon-entry\"  itemscope=\"itemscope\" itemtype=\"https:\/\/schema.org\/BlogPosting\" itemprop=\"blogPost\" >\n<div class='iconlist_content_wrap'>\n<header class=\"entry-content-header\">\n<h4 class='av_iconlist_title iconlist_title'  itemprop=\"headline\"  >Anwendung produktspezifischer Ans\u00e4tze zur Vermeidung von \u00dcberschneidungen und doppelten Ma\u00dfnahmen<\/h4>\n<\/header>\n<div class='iconlist_content'  itemprop=\"text\"  >\n<p>Verschiedene Produkte dienen unterschiedlichen Zwecken und haben unterschiedliche Auswirkungen auf die Nachhaltigkeit. Es ist daher wichtig zu erkennen, dass ein einheitlicher Ansatz nicht ausreicht, um den erforderlichen Systemwandel herbeizuf\u00fchren. Aus diesem Grund sollten weitere produktspezifische Ans\u00e4tze durch spezielle Rechtsrahmen, wie z. B. die Richtlinie \u00fcber Verpackungen und Verpackungsabf\u00e4lle (PPWD) f\u00fcr Verpackungen, geregelt werden. Es sollte darauf geachtet werden, dass \u00dcberschneidungen mit doppelten Rechtsvorschriften vermieden werden.<span class=\"Apple-converted-space\">\u00a0<\/span><\/p>\n<p>Durch die Einbeziehung des SPI in eine PPWD-Revision k\u00f6nnen die Rechtsvorschriften unserer Meinung nach klar, vorhersehbar und so einfach wie m\u00f6glich zu verwalten sein. Dies w\u00fcrde auch eine langfristige Vorhersehbarkeit gew\u00e4hrleisten, die die Industrie ben\u00f6tigt, um neue Anforderungen zu erf\u00fcllen, Investitionen zu t\u00e4tigen und neue Innovationen voranzutreiben.<span class=\"Apple-converted-space\">\u00a0<\/span><\/p>\n<\/div>\n<\/div>\n<footer class=\"entry-footer\"><\/footer>\n<\/article>\n<div class='iconlist-timeline'><\/div>\n<\/li>\n<li>\n<div  class='iconlist_icon  avia-font-entypo-fontello'><span class='iconlist-char' aria-hidden='true' data-av_icon='\ue812' data-av_iconfont='entypo-fontello'><\/span><\/div>\n<article class=\"article-icon-entry\"  itemscope=\"itemscope\" itemtype=\"https:\/\/schema.org\/BlogPosting\" itemprop=\"blogPost\" >\n<div class='iconlist_content_wrap'>\n<header class=\"entry-content-header\">\n<h4 class='av_iconlist_title iconlist_title'  itemprop=\"headline\"  >Sicherstellen, dass Produkte auf Faserbasis weiterhin zur Widerstandsf\u00e4higkeit Europas beitragen k\u00f6nnen<\/h4>\n<\/header>\n<div class='iconlist_content'  itemprop=\"text\"  >\n<p>Um k\u00fcnftige externe St\u00f6rungen zu minimieren, die globale Wettbewerbsf\u00e4higkeit zu sichern und unseren Wohlstand zu sch\u00fctzen, muss die EU wirtschaftlich, sozial und \u00f6kologisch widerstandsf\u00e4hig werden. Die Wirtschaft wird ein wichtiger Partner sein, um dies zu erreichen.<\/p>\n<p>Faserbasierte Verpackungen unterst\u00fctzen die europ\u00e4ische Widerstandsf\u00e4higkeit in mehrfacher Hinsicht. Sie stammen haupts\u00e4chlich aus europ\u00e4ischen W\u00e4ldern und werden in Europa recycelt. Sie werden in allen Teilen des Kontinents hergestellt, was Arbeitspl\u00e4tze und Steuereinnahmen schafft, und sie werden zu einem gro\u00dfen Teil an europ\u00e4ische Verbraucher verkauft.<\/p>\n<p>Verpackungen spielen eine wesentliche Rolle in widerstandsf\u00e4higen und nachhaltigen Lebensmittelsystemen, indem sie die Gesundheit und Sicherheit der Verbraucher gew\u00e4hrleisten, die Haltbarkeit und Sicherheit eines Produkts verl\u00e4ngern und gleichzeitig Lebensmittelverluste und -abf\u00e4lle reduzieren. In Kombination mit ihren \u00f6kologischen Vorteilen zeigen diese Eigenschaften, dass Verpackungen aus Fasern einen wichtigen Beitrag zur wirtschaftlichen und sozialen Widerstandsf\u00e4higkeit Europas leisten. Die politischen Entscheidungstr\u00e4ger sollten diesen Beitrag weiterhin durch einen Rechtsrahmen anerkennen, der die F\u00e4higkeit der Industrie zu Wachstum, Investitionen und Innovation unterst\u00fctzt.<span class=\"Apple-converted-space\">\u00a0<\/span><\/p>\n<\/div>\n<\/div>\n<footer class=\"entry-footer\"><\/footer>\n<\/article>\n<div class='iconlist-timeline'><\/div>\n<\/li>\n<li>\n<div  class='iconlist_icon  avia-font-entypo-fontello'><span class='iconlist-char' aria-hidden='true' data-av_icon='\ue812' data-av_iconfont='entypo-fontello'><\/span><\/div>\n<article class=\"article-icon-entry\"  itemscope=\"itemscope\" itemtype=\"https:\/\/schema.org\/BlogPosting\" itemprop=\"blogPost\" >\n<div class='iconlist_content_wrap'>\n<header class=\"entry-content-header\">\n<h4 class='av_iconlist_title iconlist_title'  itemprop=\"headline\"  >Sicherung gleicher Wettbewerbsbedingungen mit importierten Produkten<\/h4>\n<\/header>\n<div class='iconlist_content'  itemprop=\"text\"  >\n<p>In einer offenen und marktorientierten Wirtschaft stehen europ\u00e4ische Produkte im Wettbewerb mit Produkten aus dem Rest der Welt. Um wirksam zu sein und gleiche Wettbewerbsbedingungen zu gew\u00e4hrleisten, ist es von entscheidender Bedeutung, dass die im Rahmen des SPI festzulegenden \u00fcbergreifenden Nachhaltigkeitsgrunds\u00e4tze sowohl auf in der EU hergestellte als auch auf aus Drittl\u00e4ndern importierte Produkte angewendet werden.<span class=\"Apple-converted-space\">\u00a0<\/span><\/p>\n<\/div>\n<\/div>\n<footer class=\"entry-footer\"><\/footer>\n<\/article>\n<div class='iconlist-timeline'><\/div>\n<\/li>\n<\/ul>\n<\/div>\n<section class=\"av_textblock_section\"  itemscope=\"itemscope\" itemtype=\"https:\/\/schema.org\/BlogPosting\" itemprop=\"blogPost\" >\n<div class='avia_textblock'   itemprop=\"text\" >\n<p>Fibre Packaging Europe freut sich auf die Zusammenarbeit mit den politischen Entscheidungstr\u00e4gern, um sicherzustellen, dass die Bedenken der Interessengruppen und die wissenschaftlichen Erkenntnisse ber\u00fccksichtigt werden, bevor der Gesetzesvorschlag ver\u00f6ffentlicht wird. Wir stehen weiterhin zur Verf\u00fcgung, um zus\u00e4tzliche Informationen, Fachwissen und Daten bereitzustellen, und w\u00fcrden uns \u00fcber die M\u00f6glichkeit freuen, den Dialog mit den politischen Entscheidungstr\u00e4gern zu diesem wichtigen Thema fortzusetzen.<span class=\"Apple-converted-space\">\u00a0<\/span><\/p>\n<\/div>\n<\/section>\n<div  class='avia-button-wrap avia-button-center  avia-builder-el-6  el_after_av_textblock  el_before_av_hr' ><a href='https:\/\/www.procarton.com\/wp-content\/uploads\/2022\/01\/Fibre-Packaging-Europe-Sustainable-Products-Initiative-Position-Paper.pdf'  class='avia-button  avia-color-theme-color   avia-icon_select-yes-left-icon avia-size-small avia-position-center'   ><span class='avia_button_icon avia_button_icon_left' aria-hidden='true' data-av_icon='\ue850' data-av_iconfont='entypo-fontello'><\/span><span class='avia_iconbox_title' >Positionspapier als PDF herunterladen<\/span><\/a><\/div>\n<div   class='hr hr-default   avia-builder-el-7  el_after_av_button  el_before_av_textblock'><span class='hr-inner' ><span class='hr-inner-style'><\/span><\/span><\/div>\n<section class=\"av_textblock_section\"  itemscope=\"itemscope\" itemtype=\"https:\/\/schema.org\/BlogPosting\" itemprop=\"blogPost\" >\n<div class='avia_textblock'   itemprop=\"text\" >\n<p><strong>\u00dcber Fibre Packaging Europe<\/strong><\/p>\n<p>Fibre Packaging Europe ist ein informeller Zusammenschluss von sieben Wirtschaftsverb\u00e4nden, die die Industriezweige Forstwirtschaft, Zellstoff, Papier, Karton und Pappe sowie Recycling aus ganz Europa vertreten. Unser gemeinsames Ziel ist es, den europ\u00e4ischen B\u00fcrgern erneuerbare, kreislauff\u00e4hige und nachhaltige Verpackungsl\u00f6sungen auf Faserbasis anzubieten, um die Ziele des Europ\u00e4ischen Green Deal zu erreichen. Gemeinsam vertreten wir rund 1500 Unternehmen und \u00fcber 2200 Produktionsst\u00e4tten, wir besch\u00e4ftigen mehr als 365.000 Menschen in ganz Europa und unser Jahresumsatz betr\u00e4gt rund 120 Milliarden Euro.<span class=\"Apple-converted-space\">\u00a0<\/span><\/p>\n<\/div>\n<\/section>\n<div  class='avia-image-container  av-styling-    avia-builder-el-9  el_after_av_textblock  avia-builder-el-last  avia-align-center'  itemprop=\"image\" itemscope=\"itemscope\" itemtype=\"https:\/\/schema.org\/ImageObject\"  >\n<div class='avia-image-container-inner'>\n<div class='avia-image-overlay-wrap'><img decoding=\"async\" width=\"1030\" height=\"191\" class='wp-image-273580 avia-img-lazy-loading-not-273580 avia_image' src=\"https:\/\/www.procarton.com\/wp-content\/uploads\/2022\/01\/Bildschirmfoto-2022-01-20-um-09.13.49-1030x191.png\" alt='' title='Fibre Packaging Europe_logos neu'  itemprop=\"thumbnailUrl\" srcset=\"https:\/\/www.procarton.com\/wp-content\/uploads\/2022\/01\/Bildschirmfoto-2022-01-20-um-09.13.49-1030x191.png 1030w, https:\/\/www.procarton.com\/wp-content\/uploads\/2022\/01\/Bildschirmfoto-2022-01-20-um-09.13.49-300x56.png 300w, https:\/\/www.procarton.com\/wp-content\/uploads\/2022\/01\/Bildschirmfoto-2022-01-20-um-09.13.49-768x142.png 768w, https:\/\/www.procarton.com\/wp-content\/uploads\/2022\/01\/Bildschirmfoto-2022-01-20-um-09.13.49-1536x284.png 1536w, https:\/\/www.procarton.com\/wp-content\/uploads\/2022\/01\/Bildschirmfoto-2022-01-20-um-09.13.49-2048x379.png 2048w, https:\/\/www.procarton.com\/wp-content\/uploads\/2022\/01\/Bildschirmfoto-2022-01-20-um-09.13.49-18x3.png 18w, https:\/\/www.procarton.com\/wp-content\/uploads\/2022\/01\/Bildschirmfoto-2022-01-20-um-09.13.49-1500x278.png 1500w, https:\/\/www.procarton.com\/wp-content\/uploads\/2022\/01\/Bildschirmfoto-2022-01-20-um-09.13.49-705x131.png 705w\" sizes=\"(max-width: 1030px) 100vw, 1030px\" \/><\/div>\n<\/div>\n<\/div>","protected":false},"excerpt":{"rendered":"<p>Fibre Packaging Europe begr\u00fc\u00dft die Initiative der Europ\u00e4ischen Kommission f\u00fcr nachhaltige Produkte (SPI).<\/p>","protected":false},"author":868,"featured_media":273675,"comment_status":"closed","ping_status":"open","sticky":false,"template":"","format":"standard","meta":{"inline_featured_image":false,"footnotes":""},"categories":[241,44,52],"tags":[],"class_list":["post-273567","post","type-post","status-publish","format-standard","has-post-thumbnail","hentry","category-legislation","category-marketing-trends","category-sustainability"],"yoast_head":"<!-- This site is optimized with the Yoast SEO plugin v27.5 - https:\/\/yoast.com\/product\/yoast-seo-wordpress\/ -->\n<title>Fibre-based packaging: a frontrunner among sustainable products - Pro Carton<\/title>\n<meta name=\"robots\" content=\"index, follow, max-snippet:-1, max-image-preview:large, max-video-preview:-1\" \/>\n<link rel=\"canonical\" href=\"https:\/\/www.procarton.com\/de\/fibre-based-packaging-a-frontrunner-among-sustainable-products\/\" \/>\n<meta property=\"og:locale\" content=\"de_DE\" \/>\n<meta property=\"og:type\" content=\"article\" \/>\n<meta property=\"og:title\" content=\"Fibre-based packaging: a frontrunner among sustainable products - Pro Carton\" \/>\n<meta property=\"og:description\" content=\"Fibre Packaging Europe welcomes the European Commission\u2019s Sustainable Products Initiative (SPI).\" \/>\n<meta property=\"og:url\" content=\"https:\/\/www.procarton.com\/de\/fibre-based-packaging-a-frontrunner-among-sustainable-products\/\" \/>\n<meta property=\"og:site_name\" content=\"Pro Carton\" \/>\n<meta property=\"article:publisher\" content=\"https:\/\/www.facebook.com\/procartondesignaward\/\" \/>\n<meta property=\"article:published_time\" content=\"2022-01-20T08:12:37+00:00\" \/>\n<meta property=\"article:modified_time\" content=\"2022-01-25T09:52:51+00:00\" \/>\n<meta property=\"og:image\" content=\"https:\/\/www.procarton.com\/wp-content\/uploads\/2022\/01\/2-1.png\" \/>\n\t<meta property=\"og:image:width\" content=\"800\" \/>\n\t<meta property=\"og:image:height\" content=\"615\" \/>\n\t<meta property=\"og:image:type\" content=\"image\/png\" \/>\n<meta name=\"author\" content=\"helena@procarton.com\" \/>\n<meta name=\"twitter:card\" content=\"summary_large_image\" \/>\n<meta name=\"twitter:creator\" content=\"@esterling@admin\" \/>\n<meta name=\"twitter:site\" content=\"@pro_carton\" \/>\n<meta name=\"twitter:label1\" content=\"Verfasst von\" \/>\n\t<meta name=\"twitter:data1\" content=\"helena@procarton.com\" \/>\n\t<meta name=\"twitter:label2\" content=\"Gesch\u00e4tzte Lesezeit\" \/>\n\t<meta name=\"twitter:data2\" content=\"11\u00a0Minuten\" \/>\n<script type=\"application\/ld+json\" class=\"yoast-schema-graph\">{\"@context\":\"https:\\\/\\\/schema.org\",\"@graph\":[{\"@type\":\"Article\",\"@id\":\"https:\\\/\\\/www.procarton.com\\\/es\\\/fibre-based-packaging-a-frontrunner-among-sustainable-products\\\/#article\",\"isPartOf\":{\"@id\":\"https:\\\/\\\/www.procarton.com\\\/es\\\/fibre-based-packaging-a-frontrunner-among-sustainable-products\\\/\"},\"author\":{\"name\":\"helena@procarton.com\",\"@id\":\"https:\\\/\\\/www.procarton.com\\\/es\\\/#\\\/schema\\\/person\\\/014a36d75fad19a59d7d127e6af9ad99\"},\"headline\":\"Fibre-based packaging: a frontrunner among sustainable products\",\"datePublished\":\"2022-01-20T08:12:37+00:00\",\"dateModified\":\"2022-01-25T09:52:51+00:00\",\"mainEntityOfPage\":{\"@id\":\"https:\\\/\\\/www.procarton.com\\\/es\\\/fibre-based-packaging-a-frontrunner-among-sustainable-products\\\/\"},\"wordCount\":2134,\"publisher\":{\"@id\":\"https:\\\/\\\/www.procarton.com\\\/es\\\/#organization\"},\"image\":{\"@id\":\"https:\\\/\\\/www.procarton.com\\\/es\\\/fibre-based-packaging-a-frontrunner-among-sustainable-products\\\/#primaryimage\"},\"thumbnailUrl\":\"https:\\\/\\\/www.procarton.com\\\/wp-content\\\/uploads\\\/2022\\\/01\\\/2-1.png\",\"articleSection\":[\"Legislation\",\"Marketing Trends\",\"Sustainability\"],\"inLanguage\":\"de\"},{\"@type\":\"WebPage\",\"@id\":\"https:\\\/\\\/www.procarton.com\\\/es\\\/fibre-based-packaging-a-frontrunner-among-sustainable-products\\\/\",\"url\":\"https:\\\/\\\/www.procarton.com\\\/es\\\/fibre-based-packaging-a-frontrunner-among-sustainable-products\\\/\",\"name\":\"Fibre-based packaging: a frontrunner among sustainable products - Pro Carton\",\"isPartOf\":{\"@id\":\"https:\\\/\\\/www.procarton.com\\\/es\\\/#website\"},\"primaryImageOfPage\":{\"@id\":\"https:\\\/\\\/www.procarton.com\\\/es\\\/fibre-based-packaging-a-frontrunner-among-sustainable-products\\\/#primaryimage\"},\"image\":{\"@id\":\"https:\\\/\\\/www.procarton.com\\\/es\\\/fibre-based-packaging-a-frontrunner-among-sustainable-products\\\/#primaryimage\"},\"thumbnailUrl\":\"https:\\\/\\\/www.procarton.com\\\/wp-content\\\/uploads\\\/2022\\\/01\\\/2-1.png\",\"datePublished\":\"2022-01-20T08:12:37+00:00\",\"dateModified\":\"2022-01-25T09:52:51+00:00\",\"breadcrumb\":{\"@id\":\"https:\\\/\\\/www.procarton.com\\\/es\\\/fibre-based-packaging-a-frontrunner-among-sustainable-products\\\/#breadcrumb\"},\"inLanguage\":\"de\",\"potentialAction\":[{\"@type\":\"ReadAction\",\"target\":[\"https:\\\/\\\/www.procarton.com\\\/es\\\/fibre-based-packaging-a-frontrunner-among-sustainable-products\\\/\"]}]},{\"@type\":\"ImageObject\",\"inLanguage\":\"de\",\"@id\":\"https:\\\/\\\/www.procarton.com\\\/es\\\/fibre-based-packaging-a-frontrunner-among-sustainable-products\\\/#primaryimage\",\"url\":\"https:\\\/\\\/www.procarton.com\\\/wp-content\\\/uploads\\\/2022\\\/01\\\/2-1.png\",\"contentUrl\":\"https:\\\/\\\/www.procarton.com\\\/wp-content\\\/uploads\\\/2022\\\/01\\\/2-1.png\",\"width\":800,\"height\":615},{\"@type\":\"BreadcrumbList\",\"@id\":\"https:\\\/\\\/www.procarton.com\\\/es\\\/fibre-based-packaging-a-frontrunner-among-sustainable-products\\\/#breadcrumb\",\"itemListElement\":[{\"@type\":\"ListItem\",\"position\":1,\"name\":\"Home\",\"item\":\"https:\\\/\\\/www.procarton.com\\\/\"},{\"@type\":\"ListItem\",\"position\":2,\"name\":\"Fibre-based packaging: a frontrunner among sustainable products\"}]},{\"@type\":\"WebSite\",\"@id\":\"https:\\\/\\\/www.procarton.com\\\/es\\\/#website\",\"url\":\"https:\\\/\\\/www.procarton.com\\\/es\\\/\",\"name\":\"Pro Carton\",\"description\":\"\",\"publisher\":{\"@id\":\"https:\\\/\\\/www.procarton.com\\\/es\\\/#organization\"},\"potentialAction\":[{\"@type\":\"SearchAction\",\"target\":{\"@type\":\"EntryPoint\",\"urlTemplate\":\"https:\\\/\\\/www.procarton.com\\\/es\\\/?s={search_term_string}\"},\"query-input\":{\"@type\":\"PropertyValueSpecification\",\"valueRequired\":true,\"valueName\":\"search_term_string\"}}],\"inLanguage\":\"de\"},{\"@type\":\"Organization\",\"@id\":\"https:\\\/\\\/www.procarton.com\\\/es\\\/#organization\",\"name\":\"ProCarton\",\"url\":\"https:\\\/\\\/www.procarton.com\\\/es\\\/\",\"logo\":{\"@type\":\"ImageObject\",\"inLanguage\":\"de\",\"@id\":\"https:\\\/\\\/www.procarton.com\\\/es\\\/#\\\/schema\\\/logo\\\/image\\\/\",\"url\":\"https:\\\/\\\/www.procarton.com\\\/wp-content\\\/uploads\\\/2022\\\/06\\\/logo-mit-slogan.jpg\",\"contentUrl\":\"https:\\\/\\\/www.procarton.com\\\/wp-content\\\/uploads\\\/2022\\\/06\\\/logo-mit-slogan.jpg\",\"width\":422,\"height\":519,\"caption\":\"ProCarton\"},\"image\":{\"@id\":\"https:\\\/\\\/www.procarton.com\\\/es\\\/#\\\/schema\\\/logo\\\/image\\\/\"},\"sameAs\":[\"https:\\\/\\\/www.facebook.com\\\/procartondesignaward\\\/\",\"https:\\\/\\\/x.com\\\/pro_carton\"]},{\"@type\":\"Person\",\"@id\":\"https:\\\/\\\/www.procarton.com\\\/es\\\/#\\\/schema\\\/person\\\/014a36d75fad19a59d7d127e6af9ad99\",\"name\":\"helena@procarton.com\",\"sameAs\":[\"https:\\\/\\\/x.com\\\/esterling@admin\"],\"url\":\"https:\\\/\\\/www.procarton.com\\\/de\\\/author\\\/helenaprocarton-com\\\/\"}]}<\/script>\n<!-- \/ Yoast SEO plugin. -->","yoast_head_json":{"title":"Faserbasierte Verpackungen: ein Spitzenreiter unter den nachhaltigen Produkten - Pro Carton","robots":{"index":"index","follow":"follow","max-snippet":"max-snippet:-1","max-image-preview":"max-image-preview:large","max-video-preview":"max-video-preview:-1"},"canonical":"https:\/\/www.procarton.com\/de\/fibre-based-packaging-a-frontrunner-among-sustainable-products\/","og_locale":"de_DE","og_type":"article","og_title":"Fibre-based packaging: a frontrunner among sustainable products - Pro Carton","og_description":"Fibre Packaging Europe welcomes the European Commission\u2019s Sustainable Products Initiative (SPI).","og_url":"https:\/\/www.procarton.com\/de\/fibre-based-packaging-a-frontrunner-among-sustainable-products\/","og_site_name":"Pro Carton","article_publisher":"https:\/\/www.facebook.com\/procartondesignaward\/","article_published_time":"2022-01-20T08:12:37+00:00","article_modified_time":"2022-01-25T09:52:51+00:00","og_image":[{"width":800,"height":615,"url":"https:\/\/www.procarton.com\/wp-content\/uploads\/2022\/01\/2-1.png","type":"image\/png"}],"author":"helena@procarton.com","twitter_card":"summary_large_image","twitter_creator":"@esterling@admin","twitter_site":"@pro_carton","twitter_misc":{"Verfasst von":"helena@procarton.com","Gesch\u00e4tzte Lesezeit":"11\u00a0Minuten"},"schema":{"@context":"https:\/\/schema.org","@graph":[{"@type":"Article","@id":"https:\/\/www.procarton.com\/es\/fibre-based-packaging-a-frontrunner-among-sustainable-products\/#article","isPartOf":{"@id":"https:\/\/www.procarton.com\/es\/fibre-based-packaging-a-frontrunner-among-sustainable-products\/"},"author":{"name":"helena@procarton.com","@id":"https:\/\/www.procarton.com\/es\/#\/schema\/person\/014a36d75fad19a59d7d127e6af9ad99"},"headline":"Fibre-based packaging: a frontrunner among sustainable products","datePublished":"2022-01-20T08:12:37+00:00","dateModified":"2022-01-25T09:52:51+00:00","mainEntityOfPage":{"@id":"https:\/\/www.procarton.com\/es\/fibre-based-packaging-a-frontrunner-among-sustainable-products\/"},"wordCount":2134,"publisher":{"@id":"https:\/\/www.procarton.com\/es\/#organization"},"image":{"@id":"https:\/\/www.procarton.com\/es\/fibre-based-packaging-a-frontrunner-among-sustainable-products\/#primaryimage"},"thumbnailUrl":"https:\/\/www.procarton.com\/wp-content\/uploads\/2022\/01\/2-1.png","articleSection":["Legislation","Marketing Trends","Sustainability"],"inLanguage":"de"},{"@type":"WebPage","@id":"https:\/\/www.procarton.com\/es\/fibre-based-packaging-a-frontrunner-among-sustainable-products\/","url":"https:\/\/www.procarton.com\/es\/fibre-based-packaging-a-frontrunner-among-sustainable-products\/","name":"Faserbasierte Verpackungen: ein Spitzenreiter unter den nachhaltigen Produkten - Pro Carton","isPartOf":{"@id":"https:\/\/www.procarton.com\/es\/#website"},"primaryImageOfPage":{"@id":"https:\/\/www.procarton.com\/es\/fibre-based-packaging-a-frontrunner-among-sustainable-products\/#primaryimage"},"image":{"@id":"https:\/\/www.procarton.com\/es\/fibre-based-packaging-a-frontrunner-among-sustainable-products\/#primaryimage"},"thumbnailUrl":"https:\/\/www.procarton.com\/wp-content\/uploads\/2022\/01\/2-1.png","datePublished":"2022-01-20T08:12:37+00:00","dateModified":"2022-01-25T09:52:51+00:00","breadcrumb":{"@id":"https:\/\/www.procarton.com\/es\/fibre-based-packaging-a-frontrunner-among-sustainable-products\/#breadcrumb"},"inLanguage":"de","potentialAction":[{"@type":"ReadAction","target":["https:\/\/www.procarton.com\/es\/fibre-based-packaging-a-frontrunner-among-sustainable-products\/"]}]},{"@type":"ImageObject","inLanguage":"de","@id":"https:\/\/www.procarton.com\/es\/fibre-based-packaging-a-frontrunner-among-sustainable-products\/#primaryimage","url":"https:\/\/www.procarton.com\/wp-content\/uploads\/2022\/01\/2-1.png","contentUrl":"https:\/\/www.procarton.com\/wp-content\/uploads\/2022\/01\/2-1.png","width":800,"height":615},{"@type":"BreadcrumbList","@id":"https:\/\/www.procarton.com\/es\/fibre-based-packaging-a-frontrunner-among-sustainable-products\/#breadcrumb","itemListElement":[{"@type":"ListItem","position":1,"name":"Home","item":"https:\/\/www.procarton.com\/"},{"@type":"ListItem","position":2,"name":"Fibre-based packaging: a frontrunner among sustainable products"}]},{"@type":"WebSite","@id":"https:\/\/www.procarton.com\/es\/#website","url":"https:\/\/www.procarton.com\/es\/","name":"Pro Carton","description":"","publisher":{"@id":"https:\/\/www.procarton.com\/es\/#organization"},"potentialAction":[{"@type":"SearchAction","target":{"@type":"EntryPoint","urlTemplate":"https:\/\/www.procarton.com\/es\/?s={search_term_string}"},"query-input":{"@type":"PropertyValueSpecification","valueRequired":true,"valueName":"search_term_string"}}],"inLanguage":"de"},{"@type":"Organization","@id":"https:\/\/www.procarton.com\/es\/#organization","name":"ProCarton","url":"https:\/\/www.procarton.com\/es\/","logo":{"@type":"ImageObject","inLanguage":"de","@id":"https:\/\/www.procarton.com\/es\/#\/schema\/logo\/image\/","url":"https:\/\/www.procarton.com\/wp-content\/uploads\/2022\/06\/logo-mit-slogan.jpg","contentUrl":"https:\/\/www.procarton.com\/wp-content\/uploads\/2022\/06\/logo-mit-slogan.jpg","width":422,"height":519,"caption":"ProCarton"},"image":{"@id":"https:\/\/www.procarton.com\/es\/#\/schema\/logo\/image\/"},"sameAs":["https:\/\/www.facebook.com\/procartondesignaward\/","https:\/\/x.com\/pro_carton"]},{"@type":"Person","@id":"https:\/\/www.procarton.com\/es\/#\/schema\/person\/014a36d75fad19a59d7d127e6af9ad99","name":"helena@procarton.com","sameAs":["https:\/\/x.com\/esterling@admin"],"url":"https:\/\/www.procarton.com\/de\/author\/helenaprocarton-com\/"}]}},"_links":{"self":[{"href":"https:\/\/www.procarton.com\/de\/wp-json\/wp\/v2\/posts\/273567","targetHints":{"allow":["GET"]}}],"collection":[{"href":"https:\/\/www.procarton.com\/de\/wp-json\/wp\/v2\/posts"}],"about":[{"href":"https:\/\/www.procarton.com\/de\/wp-json\/wp\/v2\/types\/post"}],"author":[{"embeddable":true,"href":"https:\/\/www.procarton.com\/de\/wp-json\/wp\/v2\/users\/868"}],"replies":[{"embeddable":true,"href":"https:\/\/www.procarton.com\/de\/wp-json\/wp\/v2\/comments?post=273567"}],"version-history":[{"count":8,"href":"https:\/\/www.procarton.com\/de\/wp-json\/wp\/v2\/posts\/273567\/revisions"}],"predecessor-version":[{"id":274701,"href":"https:\/\/www.procarton.com\/de\/wp-json\/wp\/v2\/posts\/273567\/revisions\/274701"}],"wp:featuredmedia":[{"embeddable":true,"href":"https:\/\/www.procarton.com\/de\/wp-json\/wp\/v2\/media\/273675"}],"wp:attachment":[{"href":"https:\/\/www.procarton.com\/de\/wp-json\/wp\/v2\/media?parent=273567"}],"wp:term":[{"taxonomy":"category","embeddable":true,"href":"https:\/\/www.procarton.com\/de\/wp-json\/wp\/v2\/categories?post=273567"},{"taxonomy":"post_tag","embeddable":true,"href":"https:\/\/www.procarton.com\/de\/wp-json\/wp\/v2\/tags?post=273567"}],"curies":[{"name":"wp","href":"https:\/\/api.w.org\/{rel}","templated":true}]}}