{"id":273496,"date":"2022-01-18T14:36:31","date_gmt":"2022-01-18T14:36:31","guid":{"rendered":"https:\/\/www.procarton.com\/?p=273496"},"modified":"2023-09-07T19:17:41","modified_gmt":"2023-09-07T18:17:41","slug":"pro-carton-young-designers-award-and-pro-carton-student-video-award-creativity-unleashed","status":"publish","type":"post","link":"https:\/\/www.procarton.com\/de\/pro-carton-young-designers-award-and-pro-carton-student-video-award-creativity-unleashed\/","title":{"rendered":"Pro Carton Young Designers Award und Pro Carton Student Video Award: Entfesselte Kreativit\u00e4t"},"content":{"rendered":"<div class=\"av-animated-generic top-to-bottom flex_column av_two_third  flex_column_div av-zero-column-padding first  avia-builder-el-0  el_before_av_one_third  avia-builder-el-first\" style='border-radius:0px; '>\n<section class=\"av_textblock_section\"  itemscope=\"itemscope\" itemtype=\"https:\/\/schema.org\/BlogPosting\" itemprop=\"blogPost\" >\n<div class='avia_textblock'   itemprop=\"text\" >\n<p><strong>Die beiden Awards sind ein wahres Zeugnis f\u00fcr die Kraft der Zusammenarbeit und der Widerstandsf\u00e4higkeit geworden. Kreativit\u00e4t l\u00e4sst sich eben nicht einsperren! Die neuen Awards 2022 sind bereits in vollem Gange, das Feedback ist \u00fcberw\u00e4ltigend positiv.<\/strong><\/p>\n<p>F\u00fcr die <a href=\"https:\/\/www.procarton.com\/awards\/pro-carton-young-designers-award\/2022\/\">Pro Carton Young Designers Award,<\/a> Sowohl Lehrer als auch Sch\u00fcler arbeiteten hart daran, Innovation und Nachhaltigkeit bei Verpackungen durch die Verwendung von Karton voranzutreiben. Es war unglaublich zu sehen, wie die Zahl der Beitr\u00e4ge und der teilnehmenden Schulen\/Universit\u00e4ten trotz der Umst\u00e4nde, zu denen auch der fehlende Zugang zu Designlabors und der fortgesetzte Heimunterricht im zweiten Jahr der Pandemie geh\u00f6rten, stieg. Unser Ziel ist es, dass unsere Verarbeiter die Beitr\u00e4ge im Hinblick auf ihre Marktf\u00e4higkeit wohlwollend betrachten. Nat\u00fcrlich w\u00fcrden wir uns freuen, wenn einer der Beitr\u00e4ge vermarktet wird.<\/p>\n<p>Ebenso wird in der <a href=\"https:\/\/www.procarton.com\/awards\/pro-carton-student-video-award\/2022\/\">Pro Carton Student Video Award<\/a> Die Studenten hatten erstaunliche Videoideen, die die vielen Vorteile von Karton und Pappe aufzeigen. Die Konzepte waren so \u00fcberzeugend, dass die Jury das Gesamtpreisbudget erh\u00f6hen musste, um nicht weniger als drei Videos auszuzeichnen und zwei weitere jeweils mit \"Highly commended\" bzw. \"Commended\" zu bewerten.<\/p>\n<p>Von diesem Erfolg befl\u00fcgelt, wollte Pro Carton den Startschuss f\u00fcr die Preisverleihung 2022 mit dem Beginn des neuen Studienjahres geben. Wir wollten einfach einen perfekten Start f\u00fcr das Wintersemester mit einem fr\u00fchzeitigen Zugang zu unserer Unterst\u00fctzung garantieren. Wir haben noch nie so viel positives Feedback zu einem so fr\u00fchen Zeitpunkt der Preisverleihung erhalten, was uns hoffen l\u00e4sst, dass sich die Zusammenarbeit mit Designschulen und Universit\u00e4ten in diesem Jahr noch einmal intensivieren wird!<\/p>\n<p>Viele Lehrerinnen und Lehrer freuten sich, dass sie dank der tollen Materialpaten hochwertige Kartonb\u00f6gen f\u00fcr die praktische Gestaltungsarbeit erhielten. <a href=\"https:\/\/www.metsaboard.com\">Mets\u00e4 Board<\/a> und <a href=\"https:\/\/www.mm-boardpaper.com\/\">MM Board &amp; Paper<\/a>. Auch in der n\u00e4chsten Saison werden wir weiterhin Lehrer mit unseren zahlreichen Experten aus der Verpackungsindustrie in ganz Europa zusammenbringen, um eine Pr\u00e4sentation oder einen Workshop abzuhalten.<\/p>\n<p>W\u00e4hrend Sie dies lesen, wird unser Mitglied <a href=\"https:\/\/www.graphicpkg.com\/\">Grafik Verpackung International<\/a> h\u00e4lt einen Workshop f\u00fcr eine Klasse an einer britischen Universit\u00e4t ab, die Ideen f\u00fcr den Wettbewerb Pro Carton Young Designers Award 2022 ausarbeitet. Einer unserer Partner bei <a href=\"https:\/\/www.artigrafiche.it\/\">Artigrafiche Reggiane &amp; Lai<\/a> unterst\u00fctzt einen weiteren Kurs in Italien mit seinem Design-Know-how, und <a href=\"https:\/\/vangenechten.com\/\">Van Genechten Packaging<\/a> arbeitet mit einem Designlehrer in Belgien zusammen. Wenn Sie uns also auch mit Ihrem Unternehmen unterst\u00fctzen m\u00f6chten, nehmen Sie bitte Kontakt mit uns auf. Wissen ist eine Macht, die man leicht teilen kann!<\/p>\n<p>Wir sind sehr dankbar, dass wir so viele begeisterte und unterst\u00fctzende Partner in diesem Prozess der Schaffung von \"Packaging for a Better World\" haben und Universit\u00e4ten und Schulen dabei helfen, die Qualit\u00e4t ihrer Ausbildung im Bereich des nachhaltigen Verpackungsdesigns zu verbessern. F\u00fcr beide Wettbewerbe hat bereits ein Drittel der Schulen und Universit\u00e4ten des letzten Jahres ihre Teilnahme an den Wettbewerben 2022 best\u00e4tigt!<\/p>\n<p>Wir m\u00f6chten eines der Gewinner-Videos mit Ihnen teilen, da es unserer Meinung nach perfekt den Geist einf\u00e4ngt, den wir f\u00fcr 2022 brauchen. Um die EU-Klimaziele zu erreichen und Einzelh\u00e4ndler, Markeninhaber und Kunden dazu zu bringen, sich f\u00fcr Karton zu entscheiden, m\u00fcssen wir neue Dinge wagen und das Unm\u00f6gliche m\u00f6glich machen!<\/p>\n<p><a href=\"https:\/\/www.procarton.com\/awards\/pro-carton-student-video-award\/2021\/winners-and-highly-commended\/#entry1\"><em>VIDEO<\/em><\/a><\/p>\n<p>Bitte geben Sie die Informationen \u00fcber unsere Auszeichnungen auch an Ihre Kontakte weiter!<\/p>\n<\/div>\n<\/section>\n<\/div>\n<div class=\"av-animated-generic top-to-bottom flex_column av_one_third  flex_column_div av-zero-column-padding   avia-builder-el-2  el_after_av_two_third  avia-builder-el-last\" style='border-radius:0px; '>\n<div  class='avia-image-container  av-styling-    avia-builder-el-3  avia-builder-el-no-sibling  avia-align-center'  itemprop=\"image\" itemscope=\"itemscope\" itemtype=\"https:\/\/schema.org\/ImageObject\"  >\n<div class='avia-image-container-inner'>\n<div class='avia-image-overlay-wrap'><img decoding=\"async\" width=\"300\" height=\"200\" class='wp-image-273559 avia-img-lazy-loading-not-273559 avia_image' src=\"https:\/\/www.procarton.com\/wp-content\/uploads\/2022\/01\/Impressions-schools-Young-Designers-Award-1-300x200.png\" alt='' title='Impressionen Schulen, Junge Designer Award 1'  itemprop=\"thumbnailUrl\" srcset=\"https:\/\/www.procarton.com\/wp-content\/uploads\/2022\/01\/Impressions-schools-Young-Designers-Award-1-300x200.png 300w, https:\/\/www.procarton.com\/wp-content\/uploads\/2022\/01\/Impressions-schools-Young-Designers-Award-1-18x12.png 18w, https:\/\/www.procarton.com\/wp-content\/uploads\/2022\/01\/Impressions-schools-Young-Designers-Award-1.png 600w\" sizes=\"(max-width: 300px) 100vw, 300px\" \/><\/div>\n<\/div>\n<\/div>\n<\/div>","protected":false},"excerpt":{"rendered":"<p>Beide Awards sind ein wahres Zeugnis f\u00fcr die Kraft der Zusammenarbeit und der Widerstandsf\u00e4higkeit geworden.<\/p>","protected":false},"author":1,"featured_media":273559,"comment_status":"closed","ping_status":"open","sticky":false,"template":"","format":"standard","meta":{"inline_featured_image":false,"footnotes":""},"categories":[42],"tags":[],"class_list":["post-273496","post","type-post","status-publish","format-standard","has-post-thumbnail","hentry","category-awards"],"yoast_head":"<!-- This site is optimized with the Yoast SEO plugin v27.5 - https:\/\/yoast.com\/product\/yoast-seo-wordpress\/ -->\n<title>Pro Carton Young Designers Award and Pro Carton Student Video Award: Creativity unleashed - Pro Carton<\/title>\n<meta name=\"robots\" content=\"index, follow, max-snippet:-1, max-image-preview:large, max-video-preview:-1\" \/>\n<link rel=\"canonical\" href=\"https:\/\/www.procarton.com\/de\/pro-carton-young-designers-award-and-pro-carton-student-video-award-creativity-unleashed\/\" \/>\n<meta property=\"og:locale\" content=\"de_DE\" \/>\n<meta property=\"og:type\" content=\"article\" \/>\n<meta property=\"og:title\" content=\"Pro Carton Young Designers Award and Pro Carton Student Video Award: Creativity unleashed - Pro Carton\" \/>\n<meta property=\"og:description\" content=\"Both Awards have become a true testimony for the power of cooperation and resilience.\" \/>\n<meta property=\"og:url\" content=\"https:\/\/www.procarton.com\/de\/pro-carton-young-designers-award-and-pro-carton-student-video-award-creativity-unleashed\/\" \/>\n<meta property=\"og:site_name\" content=\"Pro Carton\" \/>\n<meta property=\"article:publisher\" content=\"https:\/\/www.facebook.com\/procartondesignaward\/\" \/>\n<meta property=\"article:published_time\" content=\"2022-01-18T14:36:31+00:00\" \/>\n<meta property=\"article:modified_time\" content=\"2023-09-07T18:17:41+00:00\" \/>\n<meta property=\"og:image\" content=\"https:\/\/www.procarton.com\/wp-content\/uploads\/2022\/01\/Impressions-schools-Young-Designers-Award-1.png\" \/>\n\t<meta property=\"og:image:width\" content=\"600\" \/>\n\t<meta property=\"og:image:height\" content=\"400\" \/>\n\t<meta property=\"og:image:type\" content=\"image\/png\" \/>\n<meta name=\"author\" content=\"esterling@admin\" \/>\n<meta name=\"twitter:card\" content=\"summary_large_image\" \/>\n<meta name=\"twitter:creator\" content=\"@pro_carton\" \/>\n<meta name=\"twitter:site\" content=\"@pro_carton\" \/>\n<meta name=\"twitter:label1\" content=\"Verfasst von\" \/>\n\t<meta name=\"twitter:data1\" content=\"esterling@admin\" \/>\n\t<meta name=\"twitter:label2\" content=\"Gesch\u00e4tzte Lesezeit\" \/>\n\t<meta name=\"twitter:data2\" content=\"3\u00a0Minuten\" \/>\n<script type=\"application\/ld+json\" class=\"yoast-schema-graph\">{\"@context\":\"https:\\\/\\\/schema.org\",\"@graph\":[{\"@type\":\"Article\",\"@id\":\"https:\\\/\\\/www.procarton.com\\\/pro-carton-young-designers-award-and-pro-carton-student-video-award-creativity-unleashed\\\/#article\",\"isPartOf\":{\"@id\":\"https:\\\/\\\/www.procarton.com\\\/pro-carton-young-designers-award-and-pro-carton-student-video-award-creativity-unleashed\\\/\"},\"author\":{\"name\":\"esterling@admin\",\"@id\":\"https:\\\/\\\/www.procarton.com\\\/es\\\/#\\\/schema\\\/person\\\/872a075145d2c38578ff4eed7d481251\"},\"headline\":\"Pro Carton Young Designers Award and Pro Carton Student Video Award: Creativity unleashed\",\"datePublished\":\"2022-01-18T14:36:31+00:00\",\"dateModified\":\"2023-09-07T18:17:41+00:00\",\"mainEntityOfPage\":{\"@id\":\"https:\\\/\\\/www.procarton.com\\\/pro-carton-young-designers-award-and-pro-carton-student-video-award-creativity-unleashed\\\/\"},\"wordCount\":935,\"publisher\":{\"@id\":\"https:\\\/\\\/www.procarton.com\\\/es\\\/#organization\"},\"image\":{\"@id\":\"https:\\\/\\\/www.procarton.com\\\/pro-carton-young-designers-award-and-pro-carton-student-video-award-creativity-unleashed\\\/#primaryimage\"},\"thumbnailUrl\":\"https:\\\/\\\/www.procarton.com\\\/wp-content\\\/uploads\\\/2022\\\/01\\\/Impressions-schools-Young-Designers-Award-1.png\",\"articleSection\":[\"Awards\"],\"inLanguage\":\"de\"},{\"@type\":\"WebPage\",\"@id\":\"https:\\\/\\\/www.procarton.com\\\/pro-carton-young-designers-award-and-pro-carton-student-video-award-creativity-unleashed\\\/\",\"url\":\"https:\\\/\\\/www.procarton.com\\\/pro-carton-young-designers-award-and-pro-carton-student-video-award-creativity-unleashed\\\/\",\"name\":\"Pro Carton Young Designers Award and Pro Carton Student Video Award: Creativity unleashed - Pro Carton\",\"isPartOf\":{\"@id\":\"https:\\\/\\\/www.procarton.com\\\/es\\\/#website\"},\"primaryImageOfPage\":{\"@id\":\"https:\\\/\\\/www.procarton.com\\\/pro-carton-young-designers-award-and-pro-carton-student-video-award-creativity-unleashed\\\/#primaryimage\"},\"image\":{\"@id\":\"https:\\\/\\\/www.procarton.com\\\/pro-carton-young-designers-award-and-pro-carton-student-video-award-creativity-unleashed\\\/#primaryimage\"},\"thumbnailUrl\":\"https:\\\/\\\/www.procarton.com\\\/wp-content\\\/uploads\\\/2022\\\/01\\\/Impressions-schools-Young-Designers-Award-1.png\",\"datePublished\":\"2022-01-18T14:36:31+00:00\",\"dateModified\":\"2023-09-07T18:17:41+00:00\",\"breadcrumb\":{\"@id\":\"https:\\\/\\\/www.procarton.com\\\/pro-carton-young-designers-award-and-pro-carton-student-video-award-creativity-unleashed\\\/#breadcrumb\"},\"inLanguage\":\"de\",\"potentialAction\":[{\"@type\":\"ReadAction\",\"target\":[\"https:\\\/\\\/www.procarton.com\\\/pro-carton-young-designers-award-and-pro-carton-student-video-award-creativity-unleashed\\\/\"]}]},{\"@type\":\"ImageObject\",\"inLanguage\":\"de\",\"@id\":\"https:\\\/\\\/www.procarton.com\\\/pro-carton-young-designers-award-and-pro-carton-student-video-award-creativity-unleashed\\\/#primaryimage\",\"url\":\"https:\\\/\\\/www.procarton.com\\\/wp-content\\\/uploads\\\/2022\\\/01\\\/Impressions-schools-Young-Designers-Award-1.png\",\"contentUrl\":\"https:\\\/\\\/www.procarton.com\\\/wp-content\\\/uploads\\\/2022\\\/01\\\/Impressions-schools-Young-Designers-Award-1.png\",\"width\":600,\"height\":400},{\"@type\":\"BreadcrumbList\",\"@id\":\"https:\\\/\\\/www.procarton.com\\\/pro-carton-young-designers-award-and-pro-carton-student-video-award-creativity-unleashed\\\/#breadcrumb\",\"itemListElement\":[{\"@type\":\"ListItem\",\"position\":1,\"name\":\"Home\",\"item\":\"https:\\\/\\\/www.procarton.com\\\/\"},{\"@type\":\"ListItem\",\"position\":2,\"name\":\"Pro Carton Young Designers Award and Pro Carton Student Video Award: Creativity unleashed\"}]},{\"@type\":\"WebSite\",\"@id\":\"https:\\\/\\\/www.procarton.com\\\/es\\\/#website\",\"url\":\"https:\\\/\\\/www.procarton.com\\\/es\\\/\",\"name\":\"Pro Carton\",\"description\":\"\",\"publisher\":{\"@id\":\"https:\\\/\\\/www.procarton.com\\\/es\\\/#organization\"},\"potentialAction\":[{\"@type\":\"SearchAction\",\"target\":{\"@type\":\"EntryPoint\",\"urlTemplate\":\"https:\\\/\\\/www.procarton.com\\\/es\\\/?s={search_term_string}\"},\"query-input\":{\"@type\":\"PropertyValueSpecification\",\"valueRequired\":true,\"valueName\":\"search_term_string\"}}],\"inLanguage\":\"de\"},{\"@type\":\"Organization\",\"@id\":\"https:\\\/\\\/www.procarton.com\\\/es\\\/#organization\",\"name\":\"ProCarton\",\"url\":\"https:\\\/\\\/www.procarton.com\\\/es\\\/\",\"logo\":{\"@type\":\"ImageObject\",\"inLanguage\":\"de\",\"@id\":\"https:\\\/\\\/www.procarton.com\\\/es\\\/#\\\/schema\\\/logo\\\/image\\\/\",\"url\":\"https:\\\/\\\/www.procarton.com\\\/wp-content\\\/uploads\\\/2022\\\/06\\\/logo-mit-slogan.jpg\",\"contentUrl\":\"https:\\\/\\\/www.procarton.com\\\/wp-content\\\/uploads\\\/2022\\\/06\\\/logo-mit-slogan.jpg\",\"width\":422,\"height\":519,\"caption\":\"ProCarton\"},\"image\":{\"@id\":\"https:\\\/\\\/www.procarton.com\\\/es\\\/#\\\/schema\\\/logo\\\/image\\\/\"},\"sameAs\":[\"https:\\\/\\\/www.facebook.com\\\/procartondesignaward\\\/\",\"https:\\\/\\\/x.com\\\/pro_carton\"]},{\"@type\":\"Person\",\"@id\":\"https:\\\/\\\/www.procarton.com\\\/es\\\/#\\\/schema\\\/person\\\/872a075145d2c38578ff4eed7d481251\",\"name\":\"esterling@admin\",\"sameAs\":[\"https:\\\/\\\/www.procarton.com\"],\"url\":\"https:\\\/\\\/www.procarton.com\\\/de\\\/author\\\/esterlingadmin\\\/\"}]}<\/script>\n<!-- \/ Yoast SEO plugin. -->","yoast_head_json":{"title":"Pro Carton Young Designers Award und Pro Carton Student Video Award: Entfesselte Kreativit\u00e4t - Pro Carton","robots":{"index":"index","follow":"follow","max-snippet":"max-snippet:-1","max-image-preview":"max-image-preview:large","max-video-preview":"max-video-preview:-1"},"canonical":"https:\/\/www.procarton.com\/de\/pro-carton-young-designers-award-and-pro-carton-student-video-award-creativity-unleashed\/","og_locale":"de_DE","og_type":"article","og_title":"Pro Carton Young Designers Award and Pro Carton Student Video Award: Creativity unleashed - Pro Carton","og_description":"Both Awards have become a true testimony for the power of cooperation and resilience.","og_url":"https:\/\/www.procarton.com\/de\/pro-carton-young-designers-award-and-pro-carton-student-video-award-creativity-unleashed\/","og_site_name":"Pro Carton","article_publisher":"https:\/\/www.facebook.com\/procartondesignaward\/","article_published_time":"2022-01-18T14:36:31+00:00","article_modified_time":"2023-09-07T18:17:41+00:00","og_image":[{"width":600,"height":400,"url":"https:\/\/www.procarton.com\/wp-content\/uploads\/2022\/01\/Impressions-schools-Young-Designers-Award-1.png","type":"image\/png"}],"author":"esterling@admin","twitter_card":"summary_large_image","twitter_creator":"@pro_carton","twitter_site":"@pro_carton","twitter_misc":{"Verfasst von":"esterling@admin","Gesch\u00e4tzte Lesezeit":"3\u00a0Minuten"},"schema":{"@context":"https:\/\/schema.org","@graph":[{"@type":"Article","@id":"https:\/\/www.procarton.com\/pro-carton-young-designers-award-and-pro-carton-student-video-award-creativity-unleashed\/#article","isPartOf":{"@id":"https:\/\/www.procarton.com\/pro-carton-young-designers-award-and-pro-carton-student-video-award-creativity-unleashed\/"},"author":{"name":"esterling@admin","@id":"https:\/\/www.procarton.com\/es\/#\/schema\/person\/872a075145d2c38578ff4eed7d481251"},"headline":"Pro Carton Young Designers Award and Pro Carton Student Video Award: Creativity unleashed","datePublished":"2022-01-18T14:36:31+00:00","dateModified":"2023-09-07T18:17:41+00:00","mainEntityOfPage":{"@id":"https:\/\/www.procarton.com\/pro-carton-young-designers-award-and-pro-carton-student-video-award-creativity-unleashed\/"},"wordCount":935,"publisher":{"@id":"https:\/\/www.procarton.com\/es\/#organization"},"image":{"@id":"https:\/\/www.procarton.com\/pro-carton-young-designers-award-and-pro-carton-student-video-award-creativity-unleashed\/#primaryimage"},"thumbnailUrl":"https:\/\/www.procarton.com\/wp-content\/uploads\/2022\/01\/Impressions-schools-Young-Designers-Award-1.png","articleSection":["Awards"],"inLanguage":"de"},{"@type":"WebPage","@id":"https:\/\/www.procarton.com\/pro-carton-young-designers-award-and-pro-carton-student-video-award-creativity-unleashed\/","url":"https:\/\/www.procarton.com\/pro-carton-young-designers-award-and-pro-carton-student-video-award-creativity-unleashed\/","name":"Pro Carton Young Designers Award und Pro Carton Student Video Award: Entfesselte Kreativit\u00e4t - Pro Carton","isPartOf":{"@id":"https:\/\/www.procarton.com\/es\/#website"},"primaryImageOfPage":{"@id":"https:\/\/www.procarton.com\/pro-carton-young-designers-award-and-pro-carton-student-video-award-creativity-unleashed\/#primaryimage"},"image":{"@id":"https:\/\/www.procarton.com\/pro-carton-young-designers-award-and-pro-carton-student-video-award-creativity-unleashed\/#primaryimage"},"thumbnailUrl":"https:\/\/www.procarton.com\/wp-content\/uploads\/2022\/01\/Impressions-schools-Young-Designers-Award-1.png","datePublished":"2022-01-18T14:36:31+00:00","dateModified":"2023-09-07T18:17:41+00:00","breadcrumb":{"@id":"https:\/\/www.procarton.com\/pro-carton-young-designers-award-and-pro-carton-student-video-award-creativity-unleashed\/#breadcrumb"},"inLanguage":"de","potentialAction":[{"@type":"ReadAction","target":["https:\/\/www.procarton.com\/pro-carton-young-designers-award-and-pro-carton-student-video-award-creativity-unleashed\/"]}]},{"@type":"ImageObject","inLanguage":"de","@id":"https:\/\/www.procarton.com\/pro-carton-young-designers-award-and-pro-carton-student-video-award-creativity-unleashed\/#primaryimage","url":"https:\/\/www.procarton.com\/wp-content\/uploads\/2022\/01\/Impressions-schools-Young-Designers-Award-1.png","contentUrl":"https:\/\/www.procarton.com\/wp-content\/uploads\/2022\/01\/Impressions-schools-Young-Designers-Award-1.png","width":600,"height":400},{"@type":"BreadcrumbList","@id":"https:\/\/www.procarton.com\/pro-carton-young-designers-award-and-pro-carton-student-video-award-creativity-unleashed\/#breadcrumb","itemListElement":[{"@type":"ListItem","position":1,"name":"Home","item":"https:\/\/www.procarton.com\/"},{"@type":"ListItem","position":2,"name":"Pro Carton Young Designers Award and Pro Carton Student Video Award: Creativity unleashed"}]},{"@type":"WebSite","@id":"https:\/\/www.procarton.com\/es\/#website","url":"https:\/\/www.procarton.com\/es\/","name":"Pro Carton","description":"","publisher":{"@id":"https:\/\/www.procarton.com\/es\/#organization"},"potentialAction":[{"@type":"SearchAction","target":{"@type":"EntryPoint","urlTemplate":"https:\/\/www.procarton.com\/es\/?s={search_term_string}"},"query-input":{"@type":"PropertyValueSpecification","valueRequired":true,"valueName":"search_term_string"}}],"inLanguage":"de"},{"@type":"Organization","@id":"https:\/\/www.procarton.com\/es\/#organization","name":"ProCarton","url":"https:\/\/www.procarton.com\/es\/","logo":{"@type":"ImageObject","inLanguage":"de","@id":"https:\/\/www.procarton.com\/es\/#\/schema\/logo\/image\/","url":"https:\/\/www.procarton.com\/wp-content\/uploads\/2022\/06\/logo-mit-slogan.jpg","contentUrl":"https:\/\/www.procarton.com\/wp-content\/uploads\/2022\/06\/logo-mit-slogan.jpg","width":422,"height":519,"caption":"ProCarton"},"image":{"@id":"https:\/\/www.procarton.com\/es\/#\/schema\/logo\/image\/"},"sameAs":["https:\/\/www.facebook.com\/procartondesignaward\/","https:\/\/x.com\/pro_carton"]},{"@type":"Person","@id":"https:\/\/www.procarton.com\/es\/#\/schema\/person\/872a075145d2c38578ff4eed7d481251","name":"esterling@admin","sameAs":["https:\/\/www.procarton.com"],"url":"https:\/\/www.procarton.com\/de\/author\/esterlingadmin\/"}]}},"_links":{"self":[{"href":"https:\/\/www.procarton.com\/de\/wp-json\/wp\/v2\/posts\/273496","targetHints":{"allow":["GET"]}}],"collection":[{"href":"https:\/\/www.procarton.com\/de\/wp-json\/wp\/v2\/posts"}],"about":[{"href":"https:\/\/www.procarton.com\/de\/wp-json\/wp\/v2\/types\/post"}],"author":[{"embeddable":true,"href":"https:\/\/www.procarton.com\/de\/wp-json\/wp\/v2\/users\/1"}],"replies":[{"embeddable":true,"href":"https:\/\/www.procarton.com\/de\/wp-json\/wp\/v2\/comments?post=273496"}],"version-history":[{"count":6,"href":"https:\/\/www.procarton.com\/de\/wp-json\/wp\/v2\/posts\/273496\/revisions"}],"predecessor-version":[{"id":291874,"href":"https:\/\/www.procarton.com\/de\/wp-json\/wp\/v2\/posts\/273496\/revisions\/291874"}],"wp:featuredmedia":[{"embeddable":true,"href":"https:\/\/www.procarton.com\/de\/wp-json\/wp\/v2\/media\/273559"}],"wp:attachment":[{"href":"https:\/\/www.procarton.com\/de\/wp-json\/wp\/v2\/media?parent=273496"}],"wp:term":[{"taxonomy":"category","embeddable":true,"href":"https:\/\/www.procarton.com\/de\/wp-json\/wp\/v2\/categories?post=273496"},{"taxonomy":"post_tag","embeddable":true,"href":"https:\/\/www.procarton.com\/de\/wp-json\/wp\/v2\/tags?post=273496"}],"curies":[{"name":"wp","href":"https:\/\/api.w.org\/{rel}","templated":true}]}}