{"id":243509,"date":"2020-11-12T00:00:00","date_gmt":"2020-11-12T00:00:00","guid":{"rendered":"https:\/\/www.procarton.com\/france-celebrates-its-prize-winners\/"},"modified":"2021-11-05T18:02:08","modified_gmt":"2021-11-05T18:02:08","slug":"france-celebrates-its-prize-winners","status":"publish","type":"post","link":"https:\/\/www.procarton.com\/de\/france-celebrates-its-prize-winners\/","title":{"rendered":"Frankreich feiert seine Preistr\u00e4ger"},"content":{"rendered":"<p><strong>In einer gemeinsamen Zeremonie in Frankreich wurden die erfolgreichen Designer des Pro Carton Young Designers Award und des European Carton Excellence Award geehrt.<\/strong><\/p>\n<p>Die Designer Tony Lemonnier mit <a href=\"https:\/\/www.procarton.com\/awards\/carton-excellence-award\/2020\/categories\/gold-award\/#LemoineCottonBuds\">\"Lemoine Wattest\u00e4bchen\"<\/a> und Thibault Palluau mit <a href=\"https:\/\/www.procarton.com\/awards\/carton-excellence-award\/2020\/categories\/gold-award\/#Chtulhu\">\"Chtulhu\"<\/a>, beide von der Groupe Posson Packaging, gewannen zweimal Gold bei der European Carton Excellence Award.<\/p>\n<p>Nationaler Gewinner des Pro Carton Young Designers Award in Frankreich ist Maxime Pag\u00e8s von der L'\u00e9cole de Design Nantes Atlantique mit seinem Entwurf \"Vrac\": \"Vrac ist eine neue Art und Weise, den Wert von Einwegbeh\u00e4ltern aus dem Gro\u00dfhandel zu erh\u00f6hen. Das Ziel dieses Projekts ist es, eine weitere Option zu den derzeitigen Papiert\u00fcten anzubieten, mit einem robusteren und eleganteren Aussehen. Er ist leicht zu \u00f6ffnen, zu verschlie\u00dfen und zu lagern, wodurch er sicherer f\u00fcr Ihre Lebensmittel ist und insgesamt l\u00e4nger h\u00e4lt! Die aufklappbaren Seiten verhindern, dass trockene Zutaten \u00fcberall versch\u00fcttet werden, was die Verwendung insgesamt erleichtert.\"<\/p>","protected":false},"excerpt":{"rendered":"<p>In einer gemeinsamen Zeremonie in Frankreich wurden die erfolgreichen Designer des Pro Carton Young Designers Award und des European Carton Excellence Award geehrt.<\/p>","protected":false},"author":1,"featured_media":243510,"comment_status":"open","ping_status":"open","sticky":false,"template":"","format":"standard","meta":{"inline_featured_image":false,"footnotes":""},"categories":[77,242],"tags":[37],"class_list":["post-243509","post","type-post","status-publish","format-standard","has-post-thumbnail","hentry","category-national-activities","category-procarton","tag-events-fr"],"yoast_head":"<!-- This site is optimized with the Yoast SEO plugin v27.4 - https:\/\/yoast.com\/product\/yoast-seo-wordpress\/ -->\n<title>France celebrates its prize winners - Pro Carton<\/title>\n<meta name=\"robots\" content=\"index, follow, max-snippet:-1, max-image-preview:large, max-video-preview:-1\" \/>\n<link rel=\"canonical\" href=\"https:\/\/www.procarton.com\/de\/france-celebrates-its-prize-winners\/\" \/>\n<meta property=\"og:locale\" content=\"de_DE\" \/>\n<meta property=\"og:type\" content=\"article\" \/>\n<meta property=\"og:title\" content=\"France celebrates its prize winners - Pro Carton\" \/>\n<meta property=\"og:description\" content=\"In a joint ceremony in France, the successful designers of the Pro Carton Young Designers Award and the European Carton Excellence Award were honoured.\" \/>\n<meta property=\"og:url\" content=\"https:\/\/www.procarton.com\/de\/france-celebrates-its-prize-winners\/\" \/>\n<meta property=\"og:site_name\" content=\"Pro Carton\" \/>\n<meta property=\"article:publisher\" content=\"https:\/\/www.facebook.com\/procartondesignaward\/\" \/>\n<meta property=\"article:published_time\" content=\"2020-11-12T00:00:00+00:00\" \/>\n<meta property=\"article:modified_time\" content=\"2021-11-05T18:02:08+00:00\" \/>\n<meta property=\"og:image\" content=\"https:\/\/www.procarton.com\/wp-content\/uploads\/2021\/02\/Vrac-2-600.jpg\" \/>\n\t<meta property=\"og:image:width\" content=\"600\" \/>\n\t<meta property=\"og:image:height\" content=\"400\" \/>\n\t<meta property=\"og:image:type\" content=\"image\/jpeg\" \/>\n<meta name=\"author\" content=\"esterling@admin\" \/>\n<meta name=\"twitter:card\" content=\"summary_large_image\" \/>\n<meta name=\"twitter:creator\" content=\"@pro_carton\" \/>\n<meta name=\"twitter:site\" content=\"@pro_carton\" \/>\n<meta name=\"twitter:label1\" content=\"Verfasst von\" \/>\n\t<meta name=\"twitter:data1\" content=\"esterling@admin\" \/>\n\t<meta name=\"twitter:label2\" content=\"Gesch\u00e4tzte Lesezeit\" \/>\n\t<meta name=\"twitter:data2\" content=\"1\u00a0Minute\" \/>\n<script type=\"application\/ld+json\" class=\"yoast-schema-graph\">{\"@context\":\"https:\\\/\\\/schema.org\",\"@graph\":[{\"@type\":\"Article\",\"@id\":\"https:\\\/\\\/www.procarton.com\\\/es\\\/france-celebrates-its-prize-winners\\\/#article\",\"isPartOf\":{\"@id\":\"https:\\\/\\\/www.procarton.com\\\/es\\\/france-celebrates-its-prize-winners\\\/\"},\"author\":{\"name\":\"esterling@admin\",\"@id\":\"https:\\\/\\\/www.procarton.com\\\/es\\\/#\\\/schema\\\/person\\\/872a075145d2c38578ff4eed7d481251\"},\"headline\":\"France celebrates its prize winners\",\"datePublished\":\"2020-11-12T00:00:00+00:00\",\"dateModified\":\"2021-11-05T18:02:08+00:00\",\"mainEntityOfPage\":{\"@id\":\"https:\\\/\\\/www.procarton.com\\\/es\\\/france-celebrates-its-prize-winners\\\/\"},\"wordCount\":154,\"commentCount\":0,\"publisher\":{\"@id\":\"https:\\\/\\\/www.procarton.com\\\/es\\\/#organization\"},\"image\":{\"@id\":\"https:\\\/\\\/www.procarton.com\\\/es\\\/france-celebrates-its-prize-winners\\\/#primaryimage\"},\"thumbnailUrl\":\"https:\\\/\\\/www.procarton.com\\\/wp-content\\\/uploads\\\/2021\\\/02\\\/Vrac-2-600.jpg\",\"keywords\":[\"Events\"],\"articleSection\":[\"National Activities\",\"Pro Carton\"],\"inLanguage\":\"de\",\"potentialAction\":[{\"@type\":\"CommentAction\",\"name\":\"Comment\",\"target\":[\"https:\\\/\\\/www.procarton.com\\\/es\\\/france-celebrates-its-prize-winners\\\/#respond\"]}]},{\"@type\":\"WebPage\",\"@id\":\"https:\\\/\\\/www.procarton.com\\\/es\\\/france-celebrates-its-prize-winners\\\/\",\"url\":\"https:\\\/\\\/www.procarton.com\\\/es\\\/france-celebrates-its-prize-winners\\\/\",\"name\":\"France celebrates its prize winners - Pro Carton\",\"isPartOf\":{\"@id\":\"https:\\\/\\\/www.procarton.com\\\/es\\\/#website\"},\"primaryImageOfPage\":{\"@id\":\"https:\\\/\\\/www.procarton.com\\\/es\\\/france-celebrates-its-prize-winners\\\/#primaryimage\"},\"image\":{\"@id\":\"https:\\\/\\\/www.procarton.com\\\/es\\\/france-celebrates-its-prize-winners\\\/#primaryimage\"},\"thumbnailUrl\":\"https:\\\/\\\/www.procarton.com\\\/wp-content\\\/uploads\\\/2021\\\/02\\\/Vrac-2-600.jpg\",\"datePublished\":\"2020-11-12T00:00:00+00:00\",\"dateModified\":\"2021-11-05T18:02:08+00:00\",\"breadcrumb\":{\"@id\":\"https:\\\/\\\/www.procarton.com\\\/es\\\/france-celebrates-its-prize-winners\\\/#breadcrumb\"},\"inLanguage\":\"de\",\"potentialAction\":[{\"@type\":\"ReadAction\",\"target\":[\"https:\\\/\\\/www.procarton.com\\\/es\\\/france-celebrates-its-prize-winners\\\/\"]}]},{\"@type\":\"ImageObject\",\"inLanguage\":\"de\",\"@id\":\"https:\\\/\\\/www.procarton.com\\\/es\\\/france-celebrates-its-prize-winners\\\/#primaryimage\",\"url\":\"https:\\\/\\\/www.procarton.com\\\/wp-content\\\/uploads\\\/2021\\\/02\\\/Vrac-2-600.jpg\",\"contentUrl\":\"https:\\\/\\\/www.procarton.com\\\/wp-content\\\/uploads\\\/2021\\\/02\\\/Vrac-2-600.jpg\",\"width\":600,\"height\":400},{\"@type\":\"BreadcrumbList\",\"@id\":\"https:\\\/\\\/www.procarton.com\\\/es\\\/france-celebrates-its-prize-winners\\\/#breadcrumb\",\"itemListElement\":[{\"@type\":\"ListItem\",\"position\":1,\"name\":\"Home\",\"item\":\"https:\\\/\\\/www.procarton.com\\\/\"},{\"@type\":\"ListItem\",\"position\":2,\"name\":\"France celebrates its prize winners\"}]},{\"@type\":\"WebSite\",\"@id\":\"https:\\\/\\\/www.procarton.com\\\/es\\\/#website\",\"url\":\"https:\\\/\\\/www.procarton.com\\\/es\\\/\",\"name\":\"Pro Carton\",\"description\":\"\",\"publisher\":{\"@id\":\"https:\\\/\\\/www.procarton.com\\\/es\\\/#organization\"},\"potentialAction\":[{\"@type\":\"SearchAction\",\"target\":{\"@type\":\"EntryPoint\",\"urlTemplate\":\"https:\\\/\\\/www.procarton.com\\\/es\\\/?s={search_term_string}\"},\"query-input\":{\"@type\":\"PropertyValueSpecification\",\"valueRequired\":true,\"valueName\":\"search_term_string\"}}],\"inLanguage\":\"de\"},{\"@type\":\"Organization\",\"@id\":\"https:\\\/\\\/www.procarton.com\\\/es\\\/#organization\",\"name\":\"ProCarton\",\"url\":\"https:\\\/\\\/www.procarton.com\\\/es\\\/\",\"logo\":{\"@type\":\"ImageObject\",\"inLanguage\":\"de\",\"@id\":\"https:\\\/\\\/www.procarton.com\\\/es\\\/#\\\/schema\\\/logo\\\/image\\\/\",\"url\":\"https:\\\/\\\/www.procarton.com\\\/wp-content\\\/uploads\\\/2022\\\/06\\\/logo-mit-slogan.jpg\",\"contentUrl\":\"https:\\\/\\\/www.procarton.com\\\/wp-content\\\/uploads\\\/2022\\\/06\\\/logo-mit-slogan.jpg\",\"width\":422,\"height\":519,\"caption\":\"ProCarton\"},\"image\":{\"@id\":\"https:\\\/\\\/www.procarton.com\\\/es\\\/#\\\/schema\\\/logo\\\/image\\\/\"},\"sameAs\":[\"https:\\\/\\\/www.facebook.com\\\/procartondesignaward\\\/\",\"https:\\\/\\\/x.com\\\/pro_carton\"]},{\"@type\":\"Person\",\"@id\":\"https:\\\/\\\/www.procarton.com\\\/es\\\/#\\\/schema\\\/person\\\/872a075145d2c38578ff4eed7d481251\",\"name\":\"esterling@admin\",\"sameAs\":[\"https:\\\/\\\/www.procarton.com\"],\"url\":\"https:\\\/\\\/www.procarton.com\\\/de\\\/author\\\/esterlingadmin\\\/\"}]}<\/script>\n<!-- \/ Yoast SEO plugin. -->","yoast_head_json":{"title":"Frankreich feiert seine Preistr\u00e4ger - Pro Carton","robots":{"index":"index","follow":"follow","max-snippet":"max-snippet:-1","max-image-preview":"max-image-preview:large","max-video-preview":"max-video-preview:-1"},"canonical":"https:\/\/www.procarton.com\/de\/france-celebrates-its-prize-winners\/","og_locale":"de_DE","og_type":"article","og_title":"France celebrates its prize winners - Pro Carton","og_description":"In a joint ceremony in France, the successful designers of the Pro Carton Young Designers Award and the European Carton Excellence Award were honoured.","og_url":"https:\/\/www.procarton.com\/de\/france-celebrates-its-prize-winners\/","og_site_name":"Pro Carton","article_publisher":"https:\/\/www.facebook.com\/procartondesignaward\/","article_published_time":"2020-11-12T00:00:00+00:00","article_modified_time":"2021-11-05T18:02:08+00:00","og_image":[{"width":600,"height":400,"url":"https:\/\/www.procarton.com\/wp-content\/uploads\/2021\/02\/Vrac-2-600.jpg","type":"image\/jpeg"}],"author":"esterling@admin","twitter_card":"summary_large_image","twitter_creator":"@pro_carton","twitter_site":"@pro_carton","twitter_misc":{"Verfasst von":"esterling@admin","Gesch\u00e4tzte Lesezeit":"1\u00a0Minute"},"schema":{"@context":"https:\/\/schema.org","@graph":[{"@type":"Article","@id":"https:\/\/www.procarton.com\/es\/france-celebrates-its-prize-winners\/#article","isPartOf":{"@id":"https:\/\/www.procarton.com\/es\/france-celebrates-its-prize-winners\/"},"author":{"name":"esterling@admin","@id":"https:\/\/www.procarton.com\/es\/#\/schema\/person\/872a075145d2c38578ff4eed7d481251"},"headline":"France celebrates its prize winners","datePublished":"2020-11-12T00:00:00+00:00","dateModified":"2021-11-05T18:02:08+00:00","mainEntityOfPage":{"@id":"https:\/\/www.procarton.com\/es\/france-celebrates-its-prize-winners\/"},"wordCount":154,"commentCount":0,"publisher":{"@id":"https:\/\/www.procarton.com\/es\/#organization"},"image":{"@id":"https:\/\/www.procarton.com\/es\/france-celebrates-its-prize-winners\/#primaryimage"},"thumbnailUrl":"https:\/\/www.procarton.com\/wp-content\/uploads\/2021\/02\/Vrac-2-600.jpg","keywords":["Events"],"articleSection":["National Activities","Pro Carton"],"inLanguage":"de","potentialAction":[{"@type":"CommentAction","name":"Comment","target":["https:\/\/www.procarton.com\/es\/france-celebrates-its-prize-winners\/#respond"]}]},{"@type":"WebPage","@id":"https:\/\/www.procarton.com\/es\/france-celebrates-its-prize-winners\/","url":"https:\/\/www.procarton.com\/es\/france-celebrates-its-prize-winners\/","name":"Frankreich feiert seine Preistr\u00e4ger - Pro Carton","isPartOf":{"@id":"https:\/\/www.procarton.com\/es\/#website"},"primaryImageOfPage":{"@id":"https:\/\/www.procarton.com\/es\/france-celebrates-its-prize-winners\/#primaryimage"},"image":{"@id":"https:\/\/www.procarton.com\/es\/france-celebrates-its-prize-winners\/#primaryimage"},"thumbnailUrl":"https:\/\/www.procarton.com\/wp-content\/uploads\/2021\/02\/Vrac-2-600.jpg","datePublished":"2020-11-12T00:00:00+00:00","dateModified":"2021-11-05T18:02:08+00:00","breadcrumb":{"@id":"https:\/\/www.procarton.com\/es\/france-celebrates-its-prize-winners\/#breadcrumb"},"inLanguage":"de","potentialAction":[{"@type":"ReadAction","target":["https:\/\/www.procarton.com\/es\/france-celebrates-its-prize-winners\/"]}]},{"@type":"ImageObject","inLanguage":"de","@id":"https:\/\/www.procarton.com\/es\/france-celebrates-its-prize-winners\/#primaryimage","url":"https:\/\/www.procarton.com\/wp-content\/uploads\/2021\/02\/Vrac-2-600.jpg","contentUrl":"https:\/\/www.procarton.com\/wp-content\/uploads\/2021\/02\/Vrac-2-600.jpg","width":600,"height":400},{"@type":"BreadcrumbList","@id":"https:\/\/www.procarton.com\/es\/france-celebrates-its-prize-winners\/#breadcrumb","itemListElement":[{"@type":"ListItem","position":1,"name":"Home","item":"https:\/\/www.procarton.com\/"},{"@type":"ListItem","position":2,"name":"France celebrates its prize winners"}]},{"@type":"WebSite","@id":"https:\/\/www.procarton.com\/es\/#website","url":"https:\/\/www.procarton.com\/es\/","name":"Pro Carton","description":"","publisher":{"@id":"https:\/\/www.procarton.com\/es\/#organization"},"potentialAction":[{"@type":"SearchAction","target":{"@type":"EntryPoint","urlTemplate":"https:\/\/www.procarton.com\/es\/?s={search_term_string}"},"query-input":{"@type":"PropertyValueSpecification","valueRequired":true,"valueName":"search_term_string"}}],"inLanguage":"de"},{"@type":"Organization","@id":"https:\/\/www.procarton.com\/es\/#organization","name":"ProCarton","url":"https:\/\/www.procarton.com\/es\/","logo":{"@type":"ImageObject","inLanguage":"de","@id":"https:\/\/www.procarton.com\/es\/#\/schema\/logo\/image\/","url":"https:\/\/www.procarton.com\/wp-content\/uploads\/2022\/06\/logo-mit-slogan.jpg","contentUrl":"https:\/\/www.procarton.com\/wp-content\/uploads\/2022\/06\/logo-mit-slogan.jpg","width":422,"height":519,"caption":"ProCarton"},"image":{"@id":"https:\/\/www.procarton.com\/es\/#\/schema\/logo\/image\/"},"sameAs":["https:\/\/www.facebook.com\/procartondesignaward\/","https:\/\/x.com\/pro_carton"]},{"@type":"Person","@id":"https:\/\/www.procarton.com\/es\/#\/schema\/person\/872a075145d2c38578ff4eed7d481251","name":"esterling@admin","sameAs":["https:\/\/www.procarton.com"],"url":"https:\/\/www.procarton.com\/de\/author\/esterlingadmin\/"}]}},"_links":{"self":[{"href":"https:\/\/www.procarton.com\/de\/wp-json\/wp\/v2\/posts\/243509","targetHints":{"allow":["GET"]}}],"collection":[{"href":"https:\/\/www.procarton.com\/de\/wp-json\/wp\/v2\/posts"}],"about":[{"href":"https:\/\/www.procarton.com\/de\/wp-json\/wp\/v2\/types\/post"}],"author":[{"embeddable":true,"href":"https:\/\/www.procarton.com\/de\/wp-json\/wp\/v2\/users\/1"}],"replies":[{"embeddable":true,"href":"https:\/\/www.procarton.com\/de\/wp-json\/wp\/v2\/comments?post=243509"}],"version-history":[{"count":1,"href":"https:\/\/www.procarton.com\/de\/wp-json\/wp\/v2\/posts\/243509\/revisions"}],"predecessor-version":[{"id":265749,"href":"https:\/\/www.procarton.com\/de\/wp-json\/wp\/v2\/posts\/243509\/revisions\/265749"}],"wp:featuredmedia":[{"embeddable":true,"href":"https:\/\/www.procarton.com\/de\/wp-json\/wp\/v2\/media\/243510"}],"wp:attachment":[{"href":"https:\/\/www.procarton.com\/de\/wp-json\/wp\/v2\/media?parent=243509"}],"wp:term":[{"taxonomy":"category","embeddable":true,"href":"https:\/\/www.procarton.com\/de\/wp-json\/wp\/v2\/categories?post=243509"},{"taxonomy":"post_tag","embeddable":true,"href":"https:\/\/www.procarton.com\/de\/wp-json\/wp\/v2\/tags?post=243509"}],"curies":[{"name":"wp","href":"https:\/\/api.w.org\/{rel}","templated":true}]}}