{"id":243475,"date":"2020-10-09T00:00:00","date_gmt":"2020-10-08T23:00:00","guid":{"rendered":"https:\/\/www.procarton.com\/what-an-e-vent\/"},"modified":"2022-09-02T13:25:59","modified_gmt":"2022-09-02T12:25:59","slug":"what-an-e-vent","status":"publish","type":"post","link":"https:\/\/www.procarton.com\/de\/what-an-e-vent\/","title":{"rendered":"Was f\u00fcr ein E-vent!"},"content":{"rendered":"<p><strong>Dieses Jahr hat uns alle gezwungen, uns anzupassen, und nach der Verschiebung des ECMA-Kongresses 2020 haben wir beschlossen, unseren ersten gemeinsamen virtuellen Kongress zu veranstalten.\u00a0<em>E-vent. <\/em>Auch wenn wir uns nicht pers\u00f6nlich treffen konnten, so war es doch ein Vergn\u00fcgen, die Branche wieder einmal zusammenzubringen, um die fantastische Arbeit und die st\u00e4ndigen Innovationen in der Karton- und Faltschachtelindustrie zu feiern. Ein gro\u00dfes Dankesch\u00f6n an alle unsere Sponsoren und Medienpartner.<\/strong><\/p>\n<p>Es war sicherlich anders und insgesamt ein enormer Erfolg mit Hunderten von Zuschauern, die der Verleihung von 29 Preisen und der Unterhaltung durch den ehemaligen Olympioniken Eddie the Eagle beiwohnten!  Herzlichen Gl\u00fcckwunsch an alle Markeninhaber, Verarbeiter, Kartonfabriken und Designer, die teilgenommen haben. Die prestigetr\u00e4chtigste Auszeichnung wurde an folgende Unternehmen verliehen <a href=\"https:\/\/www.vangenechten.com\">Van Genechten Packaging<\/a> und <a href=\"http:\/\/www.storaenso.com\">Stora Enso<\/a>Die Jury kr\u00f6nen ihre <a href=\"https:\/\/www.procarton.com\/awards\/carton-excellence-award\/2020\/categories\/carton-of-the-year\/#RokuGin\">Roku Gin-Verpackung als Carton of the Year.<\/a> \u00a0Der Pro Carton Young Designers Award hatte in diesem Jahr 5 Gewinner, und zwar <a href=\"https:\/\/www.procarton.com\/awards\/carton-excellence-award\/2020\/categories\/public-award\/\">\"Fulfil\" erh\u00e4lt den Publikumspreis Award sowie einen der Preise der Jury.<\/a> \u00a0Und nat\u00fcrlich haben wir in diesem Jahr die <a href=\"https:\/\/www.procarton.com\/awards\/pro-carton-student-video-award\/2020\/winners-and-highly-commended\/\">Pro Carton Student Video Award,<\/a> die die au\u00dfergew\u00f6hnliche Kreativit\u00e4t der jungen europ\u00e4ischen Generation und die Vielseitigkeit des Kartons in einem v\u00f6llig neuen Medium zeigte.<\/p>\n<p>Die <a href=\"https:\/\/www.cartoneventawards.com\/live\/\">E-vent<\/a> wird in K\u00fcrze auf der Website in leicht verst\u00e4ndlichen Segmenten verf\u00fcgbar sein, falls Sie die Live-Pr\u00e4sentation verpasst haben.<\/p>\n<p>Wir bedanken uns bei allen, die online mitgemacht haben, und hoffen, Sie n\u00e4chstes Jahr wiederzusehen.<\/p>\n<p><em><a href=\"mailto:hitchin@procarton.com\">Tony Hitchin,<\/a><\/em><br \/>\n<em>Generaldirektor Pro Carton<\/em><\/p>","protected":false},"excerpt":{"rendered":"<p>Obwohl wir uns nicht pers\u00f6nlich treffen konnten, war es ein Vergn\u00fcgen, die Branche wieder einmal zusammenzubringen, um die fantastische Arbeit und die st\u00e4ndigen Innovationen in der Karton- und Faltschachtelindustrie zu feiern.<\/p>","protected":false},"author":1,"featured_media":243476,"comment_status":"open","ping_status":"open","sticky":false,"template":"","format":"standard","meta":{"inline_featured_image":false,"footnotes":""},"categories":[42],"tags":[37],"class_list":["post-243475","post","type-post","status-publish","format-standard","has-post-thumbnail","hentry","category-awards","tag-events-fr"],"yoast_head":"<!-- This site is optimized with the Yoast SEO plugin v27.4 - https:\/\/yoast.com\/product\/yoast-seo-wordpress\/ -->\n<title>What an E-vent! - Pro Carton<\/title>\n<meta name=\"robots\" content=\"index, follow, max-snippet:-1, max-image-preview:large, max-video-preview:-1\" \/>\n<link rel=\"canonical\" href=\"https:\/\/www.procarton.com\/de\/what-an-e-vent\/\" \/>\n<meta property=\"og:locale\" content=\"de_DE\" \/>\n<meta property=\"og:type\" content=\"article\" \/>\n<meta property=\"og:title\" content=\"What an E-vent! - Pro Carton\" \/>\n<meta property=\"og:description\" content=\"Though we couldn\u2019t meet in person, it really was a pleasure to bring the industry together once again to celebrate the fantastic work and ongoing innovation within the carton and cartonboard industry.\" \/>\n<meta property=\"og:url\" content=\"https:\/\/www.procarton.com\/de\/what-an-e-vent\/\" \/>\n<meta property=\"og:site_name\" content=\"Pro Carton\" \/>\n<meta property=\"article:publisher\" content=\"https:\/\/www.facebook.com\/procartondesignaward\/\" \/>\n<meta property=\"article:published_time\" content=\"2020-10-08T23:00:00+00:00\" \/>\n<meta property=\"article:modified_time\" content=\"2022-09-02T12:25:59+00:00\" \/>\n<meta property=\"og:image\" content=\"https:\/\/www.procarton.com\/wp-content\/uploads\/2021\/02\/ecea-carton-of-the-year-van-genechten-1-600.jpg\" \/>\n\t<meta property=\"og:image:width\" content=\"600\" \/>\n\t<meta property=\"og:image:height\" content=\"400\" \/>\n\t<meta property=\"og:image:type\" content=\"image\/jpeg\" \/>\n<meta name=\"author\" content=\"esterling@admin\" \/>\n<meta name=\"twitter:card\" content=\"summary_large_image\" \/>\n<meta name=\"twitter:creator\" content=\"@pro_carton\" \/>\n<meta name=\"twitter:site\" content=\"@pro_carton\" \/>\n<meta name=\"twitter:label1\" content=\"Verfasst von\" \/>\n\t<meta name=\"twitter:data1\" content=\"esterling@admin\" \/>\n\t<meta name=\"twitter:label2\" content=\"Gesch\u00e4tzte Lesezeit\" \/>\n\t<meta name=\"twitter:data2\" content=\"1\u00a0Minute\" \/>\n<script type=\"application\/ld+json\" class=\"yoast-schema-graph\">{\"@context\":\"https:\\\/\\\/schema.org\",\"@graph\":[{\"@type\":\"Article\",\"@id\":\"https:\\\/\\\/www.procarton.com\\\/what-an-e-vent\\\/#article\",\"isPartOf\":{\"@id\":\"https:\\\/\\\/www.procarton.com\\\/what-an-e-vent\\\/\"},\"author\":{\"name\":\"esterling@admin\",\"@id\":\"https:\\\/\\\/www.procarton.com\\\/es\\\/#\\\/schema\\\/person\\\/872a075145d2c38578ff4eed7d481251\"},\"headline\":\"What an E-vent!\",\"datePublished\":\"2020-10-08T23:00:00+00:00\",\"dateModified\":\"2022-09-02T12:25:59+00:00\",\"mainEntityOfPage\":{\"@id\":\"https:\\\/\\\/www.procarton.com\\\/what-an-e-vent\\\/\"},\"wordCount\":244,\"commentCount\":0,\"publisher\":{\"@id\":\"https:\\\/\\\/www.procarton.com\\\/es\\\/#organization\"},\"image\":{\"@id\":\"https:\\\/\\\/www.procarton.com\\\/what-an-e-vent\\\/#primaryimage\"},\"thumbnailUrl\":\"https:\\\/\\\/www.procarton.com\\\/wp-content\\\/uploads\\\/2021\\\/02\\\/ecea-carton-of-the-year-van-genechten-1-600.jpg\",\"keywords\":[\"Events\"],\"articleSection\":[\"Awards\"],\"inLanguage\":\"de\",\"potentialAction\":[{\"@type\":\"CommentAction\",\"name\":\"Comment\",\"target\":[\"https:\\\/\\\/www.procarton.com\\\/what-an-e-vent\\\/#respond\"]}]},{\"@type\":\"WebPage\",\"@id\":\"https:\\\/\\\/www.procarton.com\\\/what-an-e-vent\\\/\",\"url\":\"https:\\\/\\\/www.procarton.com\\\/what-an-e-vent\\\/\",\"name\":\"What an E-vent! - Pro Carton\",\"isPartOf\":{\"@id\":\"https:\\\/\\\/www.procarton.com\\\/es\\\/#website\"},\"primaryImageOfPage\":{\"@id\":\"https:\\\/\\\/www.procarton.com\\\/what-an-e-vent\\\/#primaryimage\"},\"image\":{\"@id\":\"https:\\\/\\\/www.procarton.com\\\/what-an-e-vent\\\/#primaryimage\"},\"thumbnailUrl\":\"https:\\\/\\\/www.procarton.com\\\/wp-content\\\/uploads\\\/2021\\\/02\\\/ecea-carton-of-the-year-van-genechten-1-600.jpg\",\"datePublished\":\"2020-10-08T23:00:00+00:00\",\"dateModified\":\"2022-09-02T12:25:59+00:00\",\"breadcrumb\":{\"@id\":\"https:\\\/\\\/www.procarton.com\\\/what-an-e-vent\\\/#breadcrumb\"},\"inLanguage\":\"de\",\"potentialAction\":[{\"@type\":\"ReadAction\",\"target\":[\"https:\\\/\\\/www.procarton.com\\\/what-an-e-vent\\\/\"]}]},{\"@type\":\"ImageObject\",\"inLanguage\":\"de\",\"@id\":\"https:\\\/\\\/www.procarton.com\\\/what-an-e-vent\\\/#primaryimage\",\"url\":\"https:\\\/\\\/www.procarton.com\\\/wp-content\\\/uploads\\\/2021\\\/02\\\/ecea-carton-of-the-year-van-genechten-1-600.jpg\",\"contentUrl\":\"https:\\\/\\\/www.procarton.com\\\/wp-content\\\/uploads\\\/2021\\\/02\\\/ecea-carton-of-the-year-van-genechten-1-600.jpg\",\"width\":600,\"height\":400},{\"@type\":\"BreadcrumbList\",\"@id\":\"https:\\\/\\\/www.procarton.com\\\/what-an-e-vent\\\/#breadcrumb\",\"itemListElement\":[{\"@type\":\"ListItem\",\"position\":1,\"name\":\"Home\",\"item\":\"https:\\\/\\\/www.procarton.com\\\/\"},{\"@type\":\"ListItem\",\"position\":2,\"name\":\"What an E-vent!\"}]},{\"@type\":\"WebSite\",\"@id\":\"https:\\\/\\\/www.procarton.com\\\/es\\\/#website\",\"url\":\"https:\\\/\\\/www.procarton.com\\\/es\\\/\",\"name\":\"Pro Carton\",\"description\":\"\",\"publisher\":{\"@id\":\"https:\\\/\\\/www.procarton.com\\\/es\\\/#organization\"},\"potentialAction\":[{\"@type\":\"SearchAction\",\"target\":{\"@type\":\"EntryPoint\",\"urlTemplate\":\"https:\\\/\\\/www.procarton.com\\\/es\\\/?s={search_term_string}\"},\"query-input\":{\"@type\":\"PropertyValueSpecification\",\"valueRequired\":true,\"valueName\":\"search_term_string\"}}],\"inLanguage\":\"de\"},{\"@type\":\"Organization\",\"@id\":\"https:\\\/\\\/www.procarton.com\\\/es\\\/#organization\",\"name\":\"ProCarton\",\"url\":\"https:\\\/\\\/www.procarton.com\\\/es\\\/\",\"logo\":{\"@type\":\"ImageObject\",\"inLanguage\":\"de\",\"@id\":\"https:\\\/\\\/www.procarton.com\\\/es\\\/#\\\/schema\\\/logo\\\/image\\\/\",\"url\":\"https:\\\/\\\/www.procarton.com\\\/wp-content\\\/uploads\\\/2022\\\/06\\\/logo-mit-slogan.jpg\",\"contentUrl\":\"https:\\\/\\\/www.procarton.com\\\/wp-content\\\/uploads\\\/2022\\\/06\\\/logo-mit-slogan.jpg\",\"width\":422,\"height\":519,\"caption\":\"ProCarton\"},\"image\":{\"@id\":\"https:\\\/\\\/www.procarton.com\\\/es\\\/#\\\/schema\\\/logo\\\/image\\\/\"},\"sameAs\":[\"https:\\\/\\\/www.facebook.com\\\/procartondesignaward\\\/\",\"https:\\\/\\\/x.com\\\/pro_carton\"]},{\"@type\":\"Person\",\"@id\":\"https:\\\/\\\/www.procarton.com\\\/es\\\/#\\\/schema\\\/person\\\/872a075145d2c38578ff4eed7d481251\",\"name\":\"esterling@admin\",\"sameAs\":[\"https:\\\/\\\/www.procarton.com\"],\"url\":\"https:\\\/\\\/www.procarton.com\\\/de\\\/author\\\/esterlingadmin\\\/\"}]}<\/script>\n<!-- \/ Yoast SEO plugin. -->","yoast_head_json":{"title":"Was f\u00fcr ein E-vent! - Profi-Karton","robots":{"index":"index","follow":"follow","max-snippet":"max-snippet:-1","max-image-preview":"max-image-preview:large","max-video-preview":"max-video-preview:-1"},"canonical":"https:\/\/www.procarton.com\/de\/what-an-e-vent\/","og_locale":"de_DE","og_type":"article","og_title":"What an E-vent! - Pro Carton","og_description":"Though we couldn\u2019t meet in person, it really was a pleasure to bring the industry together once again to celebrate the fantastic work and ongoing innovation within the carton and cartonboard industry.","og_url":"https:\/\/www.procarton.com\/de\/what-an-e-vent\/","og_site_name":"Pro Carton","article_publisher":"https:\/\/www.facebook.com\/procartondesignaward\/","article_published_time":"2020-10-08T23:00:00+00:00","article_modified_time":"2022-09-02T12:25:59+00:00","og_image":[{"width":600,"height":400,"url":"https:\/\/www.procarton.com\/wp-content\/uploads\/2021\/02\/ecea-carton-of-the-year-van-genechten-1-600.jpg","type":"image\/jpeg"}],"author":"esterling@admin","twitter_card":"summary_large_image","twitter_creator":"@pro_carton","twitter_site":"@pro_carton","twitter_misc":{"Verfasst von":"esterling@admin","Gesch\u00e4tzte Lesezeit":"1\u00a0Minute"},"schema":{"@context":"https:\/\/schema.org","@graph":[{"@type":"Article","@id":"https:\/\/www.procarton.com\/what-an-e-vent\/#article","isPartOf":{"@id":"https:\/\/www.procarton.com\/what-an-e-vent\/"},"author":{"name":"esterling@admin","@id":"https:\/\/www.procarton.com\/es\/#\/schema\/person\/872a075145d2c38578ff4eed7d481251"},"headline":"What an E-vent!","datePublished":"2020-10-08T23:00:00+00:00","dateModified":"2022-09-02T12:25:59+00:00","mainEntityOfPage":{"@id":"https:\/\/www.procarton.com\/what-an-e-vent\/"},"wordCount":244,"commentCount":0,"publisher":{"@id":"https:\/\/www.procarton.com\/es\/#organization"},"image":{"@id":"https:\/\/www.procarton.com\/what-an-e-vent\/#primaryimage"},"thumbnailUrl":"https:\/\/www.procarton.com\/wp-content\/uploads\/2021\/02\/ecea-carton-of-the-year-van-genechten-1-600.jpg","keywords":["Events"],"articleSection":["Awards"],"inLanguage":"de","potentialAction":[{"@type":"CommentAction","name":"Comment","target":["https:\/\/www.procarton.com\/what-an-e-vent\/#respond"]}]},{"@type":"WebPage","@id":"https:\/\/www.procarton.com\/what-an-e-vent\/","url":"https:\/\/www.procarton.com\/what-an-e-vent\/","name":"Was f\u00fcr ein E-vent! - Profi-Karton","isPartOf":{"@id":"https:\/\/www.procarton.com\/es\/#website"},"primaryImageOfPage":{"@id":"https:\/\/www.procarton.com\/what-an-e-vent\/#primaryimage"},"image":{"@id":"https:\/\/www.procarton.com\/what-an-e-vent\/#primaryimage"},"thumbnailUrl":"https:\/\/www.procarton.com\/wp-content\/uploads\/2021\/02\/ecea-carton-of-the-year-van-genechten-1-600.jpg","datePublished":"2020-10-08T23:00:00+00:00","dateModified":"2022-09-02T12:25:59+00:00","breadcrumb":{"@id":"https:\/\/www.procarton.com\/what-an-e-vent\/#breadcrumb"},"inLanguage":"de","potentialAction":[{"@type":"ReadAction","target":["https:\/\/www.procarton.com\/what-an-e-vent\/"]}]},{"@type":"ImageObject","inLanguage":"de","@id":"https:\/\/www.procarton.com\/what-an-e-vent\/#primaryimage","url":"https:\/\/www.procarton.com\/wp-content\/uploads\/2021\/02\/ecea-carton-of-the-year-van-genechten-1-600.jpg","contentUrl":"https:\/\/www.procarton.com\/wp-content\/uploads\/2021\/02\/ecea-carton-of-the-year-van-genechten-1-600.jpg","width":600,"height":400},{"@type":"BreadcrumbList","@id":"https:\/\/www.procarton.com\/what-an-e-vent\/#breadcrumb","itemListElement":[{"@type":"ListItem","position":1,"name":"Home","item":"https:\/\/www.procarton.com\/"},{"@type":"ListItem","position":2,"name":"What an E-vent!"}]},{"@type":"WebSite","@id":"https:\/\/www.procarton.com\/es\/#website","url":"https:\/\/www.procarton.com\/es\/","name":"Pro Carton","description":"","publisher":{"@id":"https:\/\/www.procarton.com\/es\/#organization"},"potentialAction":[{"@type":"SearchAction","target":{"@type":"EntryPoint","urlTemplate":"https:\/\/www.procarton.com\/es\/?s={search_term_string}"},"query-input":{"@type":"PropertyValueSpecification","valueRequired":true,"valueName":"search_term_string"}}],"inLanguage":"de"},{"@type":"Organization","@id":"https:\/\/www.procarton.com\/es\/#organization","name":"ProCarton","url":"https:\/\/www.procarton.com\/es\/","logo":{"@type":"ImageObject","inLanguage":"de","@id":"https:\/\/www.procarton.com\/es\/#\/schema\/logo\/image\/","url":"https:\/\/www.procarton.com\/wp-content\/uploads\/2022\/06\/logo-mit-slogan.jpg","contentUrl":"https:\/\/www.procarton.com\/wp-content\/uploads\/2022\/06\/logo-mit-slogan.jpg","width":422,"height":519,"caption":"ProCarton"},"image":{"@id":"https:\/\/www.procarton.com\/es\/#\/schema\/logo\/image\/"},"sameAs":["https:\/\/www.facebook.com\/procartondesignaward\/","https:\/\/x.com\/pro_carton"]},{"@type":"Person","@id":"https:\/\/www.procarton.com\/es\/#\/schema\/person\/872a075145d2c38578ff4eed7d481251","name":"esterling@admin","sameAs":["https:\/\/www.procarton.com"],"url":"https:\/\/www.procarton.com\/de\/author\/esterlingadmin\/"}]}},"_links":{"self":[{"href":"https:\/\/www.procarton.com\/de\/wp-json\/wp\/v2\/posts\/243475","targetHints":{"allow":["GET"]}}],"collection":[{"href":"https:\/\/www.procarton.com\/de\/wp-json\/wp\/v2\/posts"}],"about":[{"href":"https:\/\/www.procarton.com\/de\/wp-json\/wp\/v2\/types\/post"}],"author":[{"embeddable":true,"href":"https:\/\/www.procarton.com\/de\/wp-json\/wp\/v2\/users\/1"}],"replies":[{"embeddable":true,"href":"https:\/\/www.procarton.com\/de\/wp-json\/wp\/v2\/comments?post=243475"}],"version-history":[{"count":2,"href":"https:\/\/www.procarton.com\/de\/wp-json\/wp\/v2\/posts\/243475\/revisions"}],"predecessor-version":[{"id":281178,"href":"https:\/\/www.procarton.com\/de\/wp-json\/wp\/v2\/posts\/243475\/revisions\/281178"}],"wp:featuredmedia":[{"embeddable":true,"href":"https:\/\/www.procarton.com\/de\/wp-json\/wp\/v2\/media\/243476"}],"wp:attachment":[{"href":"https:\/\/www.procarton.com\/de\/wp-json\/wp\/v2\/media?parent=243475"}],"wp:term":[{"taxonomy":"category","embeddable":true,"href":"https:\/\/www.procarton.com\/de\/wp-json\/wp\/v2\/categories?post=243475"},{"taxonomy":"post_tag","embeddable":true,"href":"https:\/\/www.procarton.com\/de\/wp-json\/wp\/v2\/tags?post=243475"}],"curies":[{"name":"wp","href":"https:\/\/api.w.org\/{rel}","templated":true}]}}