{"id":242689,"date":"2019-10-10T00:00:00","date_gmt":"2019-10-09T23:00:00","guid":{"rendered":"https:\/\/www.procarton.com\/le-tout-premier-prix-national-pro-carton-young-designers-award-france-felicitations\/"},"modified":"2021-11-05T18:04:10","modified_gmt":"2021-11-05T18:04:10","slug":"le-tout-premier-prix-national-pro-carton-young-designers-award-france-felicitations","status":"publish","type":"post","link":"https:\/\/www.procarton.com\/de\/le-tout-premier-prix-national-pro-carton-young-designers-award-france-felicitations\/","title":{"rendered":"Le tout premier prix national Pro Carton Young Designers Award France. Herzlichen Gl\u00fcckwunsch!"},"content":{"rendered":"<p><strong>Der allererste nationale Preis Pro Carton Young Designers Award France wurde von Sarah Tamisier gewonnen. Sarah ist Studentin an der Hochschule f\u00fcr Verpackung in Cognac. Das Zertifikat und die Troph\u00e4e wurden ihr am 2. Oktober 2019 \u00fcberreicht. Herzlichen Gl\u00fcckwunsch!<\/strong><\/p>\n<p>Sarah Tamisier hat ihr \"Pack of P\u00e2ques\" mit dem Ziel entwickelt, die von den B\u00e4ckern \u00fcblicherweise verwendete Plastikverpackung zu ersetzen. Es handelt sich um eine Verpackung aus einem einzigen St\u00fcck in einem lustigen Design, das die Kinder f\u00fcr ihr Essen verwenden k\u00f6nnen. Dieses Emballage kann in Verbindung mit dem P\u00e2ques-Fest in verschiedenen anderen Motiven wiedergegeben werden.<\/p>\n<p>Sarah Tamisier: \"Ich freue mich, dass ich mit meiner Arbeit die Ausbildung von FS Pack ehren kann und danke Posson Packaging und insbesondere Maxime PICCO und Sylvie CASENAVE-PERE f\u00fcr ihren freundlichen Empfang. \"<\/p>\n<p>Sylvie Casenave P\u00e9r\u00e9 - CEO Posson: \" Comme l'a dit Henri Bergson, 'Agir en Homme (Femme!) de pens\u00e9e et penser en Homme (Femme) d'action ...' C'est ce qu'a superbement fait Sarah Tamisier en d\u00e9veloppement son produit tout en travaillant pour financer ses \u00e9tudes. \"<\/p>","protected":false},"excerpt":{"rendered":"<p>Der erste nationale Preis Pro Carton Young Designers Award France wurde von Sarah Tamisier gewonnen.<\/p>","protected":false},"author":1,"featured_media":242690,"comment_status":"open","ping_status":"open","sticky":false,"template":"","format":"standard","meta":{"inline_featured_image":false,"footnotes":""},"categories":[77,242],"tags":[],"class_list":["post-242689","post","type-post","status-publish","format-standard","has-post-thumbnail","hentry","category-national-activities","category-procarton"],"yoast_head":"<!-- This site is optimized with the Yoast SEO plugin v27.4 - https:\/\/yoast.com\/product\/yoast-seo-wordpress\/ -->\n<title>Le tout premier prix national Pro Carton Young Designers Award France. F\u00e9licitations ! - Pro Carton<\/title>\n<meta name=\"robots\" content=\"index, follow, max-snippet:-1, max-image-preview:large, max-video-preview:-1\" \/>\n<link rel=\"canonical\" href=\"https:\/\/www.procarton.com\/de\/le-tout-premier-prix-national-pro-carton-young-designers-award-france-felicitations\/\" \/>\n<meta property=\"og:locale\" content=\"de_DE\" \/>\n<meta property=\"og:type\" content=\"article\" \/>\n<meta property=\"og:title\" content=\"Le tout premier prix national Pro Carton Young Designers Award France. F\u00e9licitations ! - Pro Carton\" \/>\n<meta property=\"og:description\" content=\"Le tout premier prix national Pro Carton Young Designers Award France a \u00e9t\u00e9 remport\u00e9 par Sarah Tamisier.\" \/>\n<meta property=\"og:url\" content=\"https:\/\/www.procarton.com\/de\/le-tout-premier-prix-national-pro-carton-young-designers-award-france-felicitations\/\" \/>\n<meta property=\"og:site_name\" content=\"Pro Carton\" \/>\n<meta property=\"article:publisher\" content=\"https:\/\/www.facebook.com\/procartondesignaward\/\" \/>\n<meta property=\"article:published_time\" content=\"2019-10-09T23:00:00+00:00\" \/>\n<meta property=\"article:modified_time\" content=\"2021-11-05T18:04:10+00:00\" \/>\n<meta property=\"og:image\" content=\"https:\/\/www.procarton.com\/wp-content\/uploads\/2021\/02\/20191002_112022_800.jpg\" \/>\n\t<meta property=\"og:image:width\" content=\"800\" \/>\n\t<meta property=\"og:image:height\" content=\"548\" \/>\n\t<meta property=\"og:image:type\" content=\"image\/jpeg\" \/>\n<meta name=\"author\" content=\"esterling@admin\" \/>\n<meta name=\"twitter:card\" content=\"summary_large_image\" \/>\n<meta name=\"twitter:creator\" content=\"@pro_carton\" \/>\n<meta name=\"twitter:site\" content=\"@pro_carton\" \/>\n<meta name=\"twitter:label1\" content=\"Verfasst von\" \/>\n\t<meta name=\"twitter:data1\" content=\"esterling@admin\" \/>\n\t<meta name=\"twitter:label2\" content=\"Gesch\u00e4tzte Lesezeit\" \/>\n\t<meta name=\"twitter:data2\" content=\"1\u00a0Minute\" \/>\n<script type=\"application\/ld+json\" class=\"yoast-schema-graph\">{\"@context\":\"https:\\\/\\\/schema.org\",\"@graph\":[{\"@type\":\"Article\",\"@id\":\"https:\\\/\\\/www.procarton.com\\\/es\\\/le-tout-premier-prix-national-pro-carton-young-designers-award-france-felicitations\\\/#article\",\"isPartOf\":{\"@id\":\"https:\\\/\\\/www.procarton.com\\\/es\\\/le-tout-premier-prix-national-pro-carton-young-designers-award-france-felicitations\\\/\"},\"author\":{\"name\":\"esterling@admin\",\"@id\":\"https:\\\/\\\/www.procarton.com\\\/es\\\/#\\\/schema\\\/person\\\/872a075145d2c38578ff4eed7d481251\"},\"headline\":\"Le tout premier prix national Pro Carton Young Designers Award France. F\u00e9licitations !\",\"datePublished\":\"2019-10-09T23:00:00+00:00\",\"dateModified\":\"2021-11-05T18:04:10+00:00\",\"mainEntityOfPage\":{\"@id\":\"https:\\\/\\\/www.procarton.com\\\/es\\\/le-tout-premier-prix-national-pro-carton-young-designers-award-france-felicitations\\\/\"},\"wordCount\":198,\"commentCount\":0,\"publisher\":{\"@id\":\"https:\\\/\\\/www.procarton.com\\\/es\\\/#organization\"},\"image\":{\"@id\":\"https:\\\/\\\/www.procarton.com\\\/es\\\/le-tout-premier-prix-national-pro-carton-young-designers-award-france-felicitations\\\/#primaryimage\"},\"thumbnailUrl\":\"https:\\\/\\\/www.procarton.com\\\/wp-content\\\/uploads\\\/2021\\\/02\\\/20191002_112022_800.jpg\",\"articleSection\":[\"National Activities\",\"Pro Carton\"],\"inLanguage\":\"de\",\"potentialAction\":[{\"@type\":\"CommentAction\",\"name\":\"Comment\",\"target\":[\"https:\\\/\\\/www.procarton.com\\\/es\\\/le-tout-premier-prix-national-pro-carton-young-designers-award-france-felicitations\\\/#respond\"]}]},{\"@type\":\"WebPage\",\"@id\":\"https:\\\/\\\/www.procarton.com\\\/es\\\/le-tout-premier-prix-national-pro-carton-young-designers-award-france-felicitations\\\/\",\"url\":\"https:\\\/\\\/www.procarton.com\\\/es\\\/le-tout-premier-prix-national-pro-carton-young-designers-award-france-felicitations\\\/\",\"name\":\"Le tout premier prix national Pro Carton Young Designers Award France. F\u00e9licitations ! - Pro Carton\",\"isPartOf\":{\"@id\":\"https:\\\/\\\/www.procarton.com\\\/es\\\/#website\"},\"primaryImageOfPage\":{\"@id\":\"https:\\\/\\\/www.procarton.com\\\/es\\\/le-tout-premier-prix-national-pro-carton-young-designers-award-france-felicitations\\\/#primaryimage\"},\"image\":{\"@id\":\"https:\\\/\\\/www.procarton.com\\\/es\\\/le-tout-premier-prix-national-pro-carton-young-designers-award-france-felicitations\\\/#primaryimage\"},\"thumbnailUrl\":\"https:\\\/\\\/www.procarton.com\\\/wp-content\\\/uploads\\\/2021\\\/02\\\/20191002_112022_800.jpg\",\"datePublished\":\"2019-10-09T23:00:00+00:00\",\"dateModified\":\"2021-11-05T18:04:10+00:00\",\"breadcrumb\":{\"@id\":\"https:\\\/\\\/www.procarton.com\\\/es\\\/le-tout-premier-prix-national-pro-carton-young-designers-award-france-felicitations\\\/#breadcrumb\"},\"inLanguage\":\"de\",\"potentialAction\":[{\"@type\":\"ReadAction\",\"target\":[\"https:\\\/\\\/www.procarton.com\\\/es\\\/le-tout-premier-prix-national-pro-carton-young-designers-award-france-felicitations\\\/\"]}]},{\"@type\":\"ImageObject\",\"inLanguage\":\"de\",\"@id\":\"https:\\\/\\\/www.procarton.com\\\/es\\\/le-tout-premier-prix-national-pro-carton-young-designers-award-france-felicitations\\\/#primaryimage\",\"url\":\"https:\\\/\\\/www.procarton.com\\\/wp-content\\\/uploads\\\/2021\\\/02\\\/20191002_112022_800.jpg\",\"contentUrl\":\"https:\\\/\\\/www.procarton.com\\\/wp-content\\\/uploads\\\/2021\\\/02\\\/20191002_112022_800.jpg\",\"width\":800,\"height\":548},{\"@type\":\"BreadcrumbList\",\"@id\":\"https:\\\/\\\/www.procarton.com\\\/es\\\/le-tout-premier-prix-national-pro-carton-young-designers-award-france-felicitations\\\/#breadcrumb\",\"itemListElement\":[{\"@type\":\"ListItem\",\"position\":1,\"name\":\"Home\",\"item\":\"https:\\\/\\\/www.procarton.com\\\/\"},{\"@type\":\"ListItem\",\"position\":2,\"name\":\"Le tout premier prix national Pro Carton Young Designers Award France. F\u00e9licitations !\"}]},{\"@type\":\"WebSite\",\"@id\":\"https:\\\/\\\/www.procarton.com\\\/es\\\/#website\",\"url\":\"https:\\\/\\\/www.procarton.com\\\/es\\\/\",\"name\":\"Pro Carton\",\"description\":\"\",\"publisher\":{\"@id\":\"https:\\\/\\\/www.procarton.com\\\/es\\\/#organization\"},\"potentialAction\":[{\"@type\":\"SearchAction\",\"target\":{\"@type\":\"EntryPoint\",\"urlTemplate\":\"https:\\\/\\\/www.procarton.com\\\/es\\\/?s={search_term_string}\"},\"query-input\":{\"@type\":\"PropertyValueSpecification\",\"valueRequired\":true,\"valueName\":\"search_term_string\"}}],\"inLanguage\":\"de\"},{\"@type\":\"Organization\",\"@id\":\"https:\\\/\\\/www.procarton.com\\\/es\\\/#organization\",\"name\":\"ProCarton\",\"url\":\"https:\\\/\\\/www.procarton.com\\\/es\\\/\",\"logo\":{\"@type\":\"ImageObject\",\"inLanguage\":\"de\",\"@id\":\"https:\\\/\\\/www.procarton.com\\\/es\\\/#\\\/schema\\\/logo\\\/image\\\/\",\"url\":\"https:\\\/\\\/www.procarton.com\\\/wp-content\\\/uploads\\\/2022\\\/06\\\/logo-mit-slogan.jpg\",\"contentUrl\":\"https:\\\/\\\/www.procarton.com\\\/wp-content\\\/uploads\\\/2022\\\/06\\\/logo-mit-slogan.jpg\",\"width\":422,\"height\":519,\"caption\":\"ProCarton\"},\"image\":{\"@id\":\"https:\\\/\\\/www.procarton.com\\\/es\\\/#\\\/schema\\\/logo\\\/image\\\/\"},\"sameAs\":[\"https:\\\/\\\/www.facebook.com\\\/procartondesignaward\\\/\",\"https:\\\/\\\/x.com\\\/pro_carton\"]},{\"@type\":\"Person\",\"@id\":\"https:\\\/\\\/www.procarton.com\\\/es\\\/#\\\/schema\\\/person\\\/872a075145d2c38578ff4eed7d481251\",\"name\":\"esterling@admin\",\"sameAs\":[\"https:\\\/\\\/www.procarton.com\"],\"url\":\"https:\\\/\\\/www.procarton.com\\\/de\\\/author\\\/esterlingadmin\\\/\"}]}<\/script>\n<!-- \/ Yoast SEO plugin. -->","yoast_head_json":{"title":"Le tout premier prix national Pro Carton Young Designers Award France. Herzlichen Gl\u00fcckwunsch! - Pro Carton","robots":{"index":"index","follow":"follow","max-snippet":"max-snippet:-1","max-image-preview":"max-image-preview:large","max-video-preview":"max-video-preview:-1"},"canonical":"https:\/\/www.procarton.com\/de\/le-tout-premier-prix-national-pro-carton-young-designers-award-france-felicitations\/","og_locale":"de_DE","og_type":"article","og_title":"Le tout premier prix national Pro Carton Young Designers Award France. F\u00e9licitations ! - Pro Carton","og_description":"Le tout premier prix national Pro Carton Young Designers Award France a \u00e9t\u00e9 remport\u00e9 par Sarah Tamisier.","og_url":"https:\/\/www.procarton.com\/de\/le-tout-premier-prix-national-pro-carton-young-designers-award-france-felicitations\/","og_site_name":"Pro Carton","article_publisher":"https:\/\/www.facebook.com\/procartondesignaward\/","article_published_time":"2019-10-09T23:00:00+00:00","article_modified_time":"2021-11-05T18:04:10+00:00","og_image":[{"width":800,"height":548,"url":"https:\/\/www.procarton.com\/wp-content\/uploads\/2021\/02\/20191002_112022_800.jpg","type":"image\/jpeg"}],"author":"esterling@admin","twitter_card":"summary_large_image","twitter_creator":"@pro_carton","twitter_site":"@pro_carton","twitter_misc":{"Verfasst von":"esterling@admin","Gesch\u00e4tzte Lesezeit":"1\u00a0Minute"},"schema":{"@context":"https:\/\/schema.org","@graph":[{"@type":"Article","@id":"https:\/\/www.procarton.com\/es\/le-tout-premier-prix-national-pro-carton-young-designers-award-france-felicitations\/#article","isPartOf":{"@id":"https:\/\/www.procarton.com\/es\/le-tout-premier-prix-national-pro-carton-young-designers-award-france-felicitations\/"},"author":{"name":"esterling@admin","@id":"https:\/\/www.procarton.com\/es\/#\/schema\/person\/872a075145d2c38578ff4eed7d481251"},"headline":"Le tout premier prix national Pro Carton Young Designers Award France. F\u00e9licitations !","datePublished":"2019-10-09T23:00:00+00:00","dateModified":"2021-11-05T18:04:10+00:00","mainEntityOfPage":{"@id":"https:\/\/www.procarton.com\/es\/le-tout-premier-prix-national-pro-carton-young-designers-award-france-felicitations\/"},"wordCount":198,"commentCount":0,"publisher":{"@id":"https:\/\/www.procarton.com\/es\/#organization"},"image":{"@id":"https:\/\/www.procarton.com\/es\/le-tout-premier-prix-national-pro-carton-young-designers-award-france-felicitations\/#primaryimage"},"thumbnailUrl":"https:\/\/www.procarton.com\/wp-content\/uploads\/2021\/02\/20191002_112022_800.jpg","articleSection":["National Activities","Pro Carton"],"inLanguage":"de","potentialAction":[{"@type":"CommentAction","name":"Comment","target":["https:\/\/www.procarton.com\/es\/le-tout-premier-prix-national-pro-carton-young-designers-award-france-felicitations\/#respond"]}]},{"@type":"WebPage","@id":"https:\/\/www.procarton.com\/es\/le-tout-premier-prix-national-pro-carton-young-designers-award-france-felicitations\/","url":"https:\/\/www.procarton.com\/es\/le-tout-premier-prix-national-pro-carton-young-designers-award-france-felicitations\/","name":"Le tout premier prix national Pro Carton Young Designers Award France. Herzlichen Gl\u00fcckwunsch! - Pro Carton","isPartOf":{"@id":"https:\/\/www.procarton.com\/es\/#website"},"primaryImageOfPage":{"@id":"https:\/\/www.procarton.com\/es\/le-tout-premier-prix-national-pro-carton-young-designers-award-france-felicitations\/#primaryimage"},"image":{"@id":"https:\/\/www.procarton.com\/es\/le-tout-premier-prix-national-pro-carton-young-designers-award-france-felicitations\/#primaryimage"},"thumbnailUrl":"https:\/\/www.procarton.com\/wp-content\/uploads\/2021\/02\/20191002_112022_800.jpg","datePublished":"2019-10-09T23:00:00+00:00","dateModified":"2021-11-05T18:04:10+00:00","breadcrumb":{"@id":"https:\/\/www.procarton.com\/es\/le-tout-premier-prix-national-pro-carton-young-designers-award-france-felicitations\/#breadcrumb"},"inLanguage":"de","potentialAction":[{"@type":"ReadAction","target":["https:\/\/www.procarton.com\/es\/le-tout-premier-prix-national-pro-carton-young-designers-award-france-felicitations\/"]}]},{"@type":"ImageObject","inLanguage":"de","@id":"https:\/\/www.procarton.com\/es\/le-tout-premier-prix-national-pro-carton-young-designers-award-france-felicitations\/#primaryimage","url":"https:\/\/www.procarton.com\/wp-content\/uploads\/2021\/02\/20191002_112022_800.jpg","contentUrl":"https:\/\/www.procarton.com\/wp-content\/uploads\/2021\/02\/20191002_112022_800.jpg","width":800,"height":548},{"@type":"BreadcrumbList","@id":"https:\/\/www.procarton.com\/es\/le-tout-premier-prix-national-pro-carton-young-designers-award-france-felicitations\/#breadcrumb","itemListElement":[{"@type":"ListItem","position":1,"name":"Home","item":"https:\/\/www.procarton.com\/"},{"@type":"ListItem","position":2,"name":"Le tout premier prix national Pro Carton Young Designers Award France. F\u00e9licitations !"}]},{"@type":"WebSite","@id":"https:\/\/www.procarton.com\/es\/#website","url":"https:\/\/www.procarton.com\/es\/","name":"Pro Carton","description":"","publisher":{"@id":"https:\/\/www.procarton.com\/es\/#organization"},"potentialAction":[{"@type":"SearchAction","target":{"@type":"EntryPoint","urlTemplate":"https:\/\/www.procarton.com\/es\/?s={search_term_string}"},"query-input":{"@type":"PropertyValueSpecification","valueRequired":true,"valueName":"search_term_string"}}],"inLanguage":"de"},{"@type":"Organization","@id":"https:\/\/www.procarton.com\/es\/#organization","name":"ProCarton","url":"https:\/\/www.procarton.com\/es\/","logo":{"@type":"ImageObject","inLanguage":"de","@id":"https:\/\/www.procarton.com\/es\/#\/schema\/logo\/image\/","url":"https:\/\/www.procarton.com\/wp-content\/uploads\/2022\/06\/logo-mit-slogan.jpg","contentUrl":"https:\/\/www.procarton.com\/wp-content\/uploads\/2022\/06\/logo-mit-slogan.jpg","width":422,"height":519,"caption":"ProCarton"},"image":{"@id":"https:\/\/www.procarton.com\/es\/#\/schema\/logo\/image\/"},"sameAs":["https:\/\/www.facebook.com\/procartondesignaward\/","https:\/\/x.com\/pro_carton"]},{"@type":"Person","@id":"https:\/\/www.procarton.com\/es\/#\/schema\/person\/872a075145d2c38578ff4eed7d481251","name":"esterling@admin","sameAs":["https:\/\/www.procarton.com"],"url":"https:\/\/www.procarton.com\/de\/author\/esterlingadmin\/"}]}},"_links":{"self":[{"href":"https:\/\/www.procarton.com\/de\/wp-json\/wp\/v2\/posts\/242689","targetHints":{"allow":["GET"]}}],"collection":[{"href":"https:\/\/www.procarton.com\/de\/wp-json\/wp\/v2\/posts"}],"about":[{"href":"https:\/\/www.procarton.com\/de\/wp-json\/wp\/v2\/types\/post"}],"author":[{"embeddable":true,"href":"https:\/\/www.procarton.com\/de\/wp-json\/wp\/v2\/users\/1"}],"replies":[{"embeddable":true,"href":"https:\/\/www.procarton.com\/de\/wp-json\/wp\/v2\/comments?post=242689"}],"version-history":[{"count":1,"href":"https:\/\/www.procarton.com\/de\/wp-json\/wp\/v2\/posts\/242689\/revisions"}],"predecessor-version":[{"id":265836,"href":"https:\/\/www.procarton.com\/de\/wp-json\/wp\/v2\/posts\/242689\/revisions\/265836"}],"wp:featuredmedia":[{"embeddable":true,"href":"https:\/\/www.procarton.com\/de\/wp-json\/wp\/v2\/media\/242690"}],"wp:attachment":[{"href":"https:\/\/www.procarton.com\/de\/wp-json\/wp\/v2\/media?parent=242689"}],"wp:term":[{"taxonomy":"category","embeddable":true,"href":"https:\/\/www.procarton.com\/de\/wp-json\/wp\/v2\/categories?post=242689"},{"taxonomy":"post_tag","embeddable":true,"href":"https:\/\/www.procarton.com\/de\/wp-json\/wp\/v2\/tags?post=242689"}],"curies":[{"name":"wp","href":"https:\/\/api.w.org\/{rel}","templated":true}]}}