{"id":242454,"date":"2018-10-17T00:00:00","date_gmt":"2018-10-16T23:00:00","guid":{"rendered":"https:\/\/www.procarton.com\/grandiose-premiere-des-carton-austria-award\/"},"modified":"2021-11-05T18:05:46","modified_gmt":"2021-11-05T18:05:46","slug":"grandiose-premiere-des-carton-austria-award","status":"publish","type":"post","link":"https:\/\/www.procarton.com\/de\/grandiose-premiere-des-carton-austria-award\/","title":{"rendered":"Grandiose Premiere des Carton Austria Award!"},"content":{"rendered":"<p><strong>Endlich gibt es wieder einen Award f\u00fcr \u00f6sterreichisches Faltschachteldesign: Erstmals schlossen sich Pro Carton, PROPAK Austria und das Handelsmagazin CASH zusammen, um einen solchen Wettbewerb auszuschreiben. Gewonnen hat Mayr-Melnhof Packaging Austria mit einem Karton von MM Board &amp; Paper!<\/strong><\/p>\n<p>Gesucht wurden die besten Faltschachtel-Verpackungsl\u00f6sungen des Landes. Die Kriterien: Wirkung am POS (optisch, haptisch und informativ), bei Online-Lieferungen der Moment of Amazement, das Auspack-Erlebnis und selbstverst\u00e4ndlich die Nachhaltigkeit. Jetzt steht der Gewinner fest.<\/p>\n<p>\"Burgerista\" von Mayr-Melnhof Packaging Austria aus Karton von MM Board &amp; Paper \u00e4hnelt einem kleinen Basket, aus dem die extragro\u00dfen Steak Pommes verlockend hervorschauen. Beim Aufmachen faltet sich die Box wie eine Blume auf, sodass der Konsument seine Pommes mit oder ohne Dips genie\u00dfen kann. Die Pommes liegen frei wie auf einem Teller aus Karton, was mit der Burgerista In-Shop-Esskultur \u00fcbereinstimmt. Das Structural Design ist m\u00f6glichst einfach gehalten: Die Verpackung wird schnell aufgestellt, eine Klebung ist nicht n\u00f6tig, leichte Stapelung ist gegeben.<\/p>\n<p>Die Preisverleihung fand am 17. Oktober 2018 im Rahmen des Pro Carton PROPAK Austria Marketing Events im Wiener Hotel Marriott statt. Sowohl aus dem Online-Voting wie auch aus dem Jury-Voting ging \"Burgerista\" von Mayr-Melnhof Packaging Austria als Sieger hervor. Die Begr\u00fcndung der Fachjury: \"Gute optische Wirkung ohne Schnickschnack, verbunden mit einer perfekten funktionalen Umsetzung - und umweltfreundlich noch dazu.\" Die Preise wurden \u00fcbergeben vom stellvertretenden Chefredakteur des Handelsmagazins CASH, Willy Zwerger, sowie von Hannes Schleich, Sprecher von PROPAK \u00d6sterreich\/Faltschachtelindustrie, und Horst Bittermann, Pr\u00e4sident von Pro Carton.<\/p>\n<p>&nbsp;<\/p>\n<h3>Karriere eines jungen Talents<\/h3>\n<p>Horst Bittermann war besonders von der Karriere der Preistr\u00e4gerin angetan. \"Kalina Hristova ist ein Beispiel daf\u00fcr, wie der Pro Carton Young Designers Award ein junges Talent heranreifen l\u00e4sst. Sie war zwei Mal Finalistin des internationalen Pro Carton Young Designers Award und hat den \u00f6sterreichischen Award gewonnen. Mittlerweile ist sie eine tragende S\u00e4ule im Team von Mayr-Melnhof Packaging Austria in der Entwicklung von ganz tollen neuen Verpackungen. Ein wunderbares Beispiel, wie eine junge Designerin die Chance n\u00fctzt, beim Young Designers Award mitzumachen und dann ihren Weg in ein gro\u00dfes Unternehmen findet und dort so hervorragend arbeitet, dass sie auch diesen Preis gewinnt.\"<\/p>\n<p>Die Preistr\u00e4gerin bedankte sich bei Pro Carton, PROPAK Austria, beim Handelsmagazin Cash und vor allem auch beim Publikum. \"Im Design geht es immer darum, dass man dem roten Faden folgt - ein klares Design kann auch einfach sein. Burgerista ist ein gutes Beispiel daf\u00fcr, es ist keine Schmuckverpackung, sondern es geht darum, die Pommes warm zu halten. Zudem bildet die Verpackung nach dem \u00d6ffnen einen Teller f\u00fcr den Inhalt, auf dem man das Ganze noch mit So\u00dfen garnieren kann.\"<\/p>\n<p>&nbsp;<\/p>\n<h3>Auch im n\u00e4chsten Jahr<\/h3>\n<p>Hannes Schleich konnte die Fortsetzung des erfolgreichen Awards verk\u00fcnden: \"Unsere Faltschachtelentwicklungen sind in den letzten Jahren wesentlich besser geworden. Doch es hat in unserer Industrie keinen Verpackungspreis gegeben. Deshalb war es uns ein gro\u00dfes Anliegen, einen neuen Award f\u00fcr \u00f6sterreichische Verpackungen ins Leben zu rufen. Mit der neuen Plattform, vor allem durch die Zusammenarbeit von Pro Carton und PROPAK Austria mit dem Handelsmagazin CASH, ist uns das gut gelungen. Das zeigen auch die vielen Einreichungen. Ich kann jetzt schon sagen, dass es den Preis n\u00e4chstes Jahr wieder geben wird, und ich bedanke mich bei Willy Zwerger und CASH, das uns wieder unterst\u00fctzen wird.\"<\/p>\n<p>Willy Zwerger vom Handelsmagazin CASH zog Bilanz: \"\u00dcber die Bedeutung der Verpackung im Marketingmix sowohl f\u00fcr die Produzenten als auch f\u00fcr den Handel brauche ich Ihnen ohnehin nichts zu erz\u00e4hlen. In diesem Sinne gratuliere ich nicht nur dem Sieger und all den anderen \u00fcberaus kreativen Einreichern, sondern auch Pro Carton Austria und PROPAK Austria f\u00fcr diesen beispielgebenden Schritt, ganz gezielt \u00f6sterreichische Verpackungskreativit\u00e4t vor den Vorhang zu holen und ihr endlich jenen Stellenwert zu geben, den sie auch im internationalen Umfeld verdient. Deshalb freuen wir von CASH uns schon sehr auf den 2. Carton Austria Award im n\u00e4chsten Jahr.\"<\/p>\n<p><em>Weitere Informationen:<\/em><br \/>\n<em>Suzanne E. McEwen, Pro Carton Marketing-Beraterin<\/em><br \/>\n<a href=\"mailto:mcewen@mcewen.at\"><em>mcewen@mcewen.at<\/em><\/a><\/p>\n<p><em><a href=\"http:\/\/www.cash.at\">www.cash.at<\/a> <\/em><br \/>\n<em><a href=\"http:\/\/www.propak.at\">www.propak.at<\/a> <\/em><br \/>\n<a href=\"http:\/\/www.procarton.com\"><em>www.procarton.com<\/em><\/a><\/p>","protected":false},"excerpt":{"rendered":"<p>Endlich gibt es wieder einen Award f\u00fcr \u00f6sterreichisches Faltschachteldesign: Erstmals schlossen sich Pro Carton, PROPAK Austria und das Handelsmagazin CASH zusammen, um einen solchen Wettbewerb auszuschreiben.<\/p>","protected":false},"author":1,"featured_media":242455,"comment_status":"open","ping_status":"open","sticky":false,"template":"","format":"standard","meta":{"inline_featured_image":false,"footnotes":""},"categories":[77,242],"tags":[],"class_list":["post-242454","post","type-post","status-publish","format-standard","has-post-thumbnail","hentry","category-national-activities","category-procarton"],"yoast_head":"<!-- This site is optimized with the Yoast SEO plugin v27.4 - https:\/\/yoast.com\/product\/yoast-seo-wordpress\/ -->\n<title>Grandiose Premiere des Carton Austria Award! - Pro Carton<\/title>\n<meta name=\"robots\" content=\"index, follow, max-snippet:-1, max-image-preview:large, max-video-preview:-1\" \/>\n<link rel=\"canonical\" href=\"https:\/\/www.procarton.com\/de\/grandiose-premiere-des-carton-austria-award\/\" \/>\n<meta property=\"og:locale\" content=\"de_DE\" \/>\n<meta property=\"og:type\" content=\"article\" \/>\n<meta property=\"og:title\" content=\"Grandiose Premiere des Carton Austria Award! - Pro Carton\" \/>\n<meta property=\"og:description\" content=\"Endlich gibt es wieder einen Award f\u00fcr \u00f6sterreichisches Faltschachteldesign: Erstmals schlossen sich Pro Carton, PROPAK Austria und das Handelsmagazin CASH zusammen, um einen solchen Wettbewerb auszuschreiben.\" \/>\n<meta property=\"og:url\" content=\"https:\/\/www.procarton.com\/de\/grandiose-premiere-des-carton-austria-award\/\" \/>\n<meta property=\"og:site_name\" content=\"Pro Carton\" \/>\n<meta property=\"article:publisher\" content=\"https:\/\/www.facebook.com\/procartondesignaward\/\" \/>\n<meta property=\"article:published_time\" content=\"2018-10-16T23:00:00+00:00\" \/>\n<meta property=\"article:modified_time\" content=\"2021-11-05T18:05:46+00:00\" \/>\n<meta property=\"og:image\" content=\"https:\/\/www.procarton.com\/wp-content\/uploads\/2021\/02\/08-043-Preisverleihung-home.jpg\" \/>\n\t<meta property=\"og:image:width\" content=\"600\" \/>\n\t<meta property=\"og:image:height\" content=\"400\" \/>\n\t<meta property=\"og:image:type\" content=\"image\/jpeg\" \/>\n<meta name=\"author\" content=\"esterling@admin\" \/>\n<meta name=\"twitter:card\" content=\"summary_large_image\" \/>\n<meta name=\"twitter:creator\" content=\"@pro_carton\" \/>\n<meta name=\"twitter:site\" content=\"@pro_carton\" \/>\n<meta name=\"twitter:label1\" content=\"Verfasst von\" \/>\n\t<meta name=\"twitter:data1\" content=\"esterling@admin\" \/>\n\t<meta name=\"twitter:label2\" content=\"Gesch\u00e4tzte Lesezeit\" \/>\n\t<meta name=\"twitter:data2\" content=\"3\u00a0Minuten\" \/>\n<script type=\"application\/ld+json\" class=\"yoast-schema-graph\">{\"@context\":\"https:\\\/\\\/schema.org\",\"@graph\":[{\"@type\":\"Article\",\"@id\":\"https:\\\/\\\/www.procarton.com\\\/es\\\/grandiose-premiere-des-carton-austria-award\\\/#article\",\"isPartOf\":{\"@id\":\"https:\\\/\\\/www.procarton.com\\\/es\\\/grandiose-premiere-des-carton-austria-award\\\/\"},\"author\":{\"name\":\"esterling@admin\",\"@id\":\"https:\\\/\\\/www.procarton.com\\\/es\\\/#\\\/schema\\\/person\\\/872a075145d2c38578ff4eed7d481251\"},\"headline\":\"Grandiose Premiere des Carton Austria Award!\",\"datePublished\":\"2018-10-16T23:00:00+00:00\",\"dateModified\":\"2021-11-05T18:05:46+00:00\",\"mainEntityOfPage\":{\"@id\":\"https:\\\/\\\/www.procarton.com\\\/es\\\/grandiose-premiere-des-carton-austria-award\\\/\"},\"wordCount\":682,\"commentCount\":0,\"publisher\":{\"@id\":\"https:\\\/\\\/www.procarton.com\\\/es\\\/#organization\"},\"image\":{\"@id\":\"https:\\\/\\\/www.procarton.com\\\/es\\\/grandiose-premiere-des-carton-austria-award\\\/#primaryimage\"},\"thumbnailUrl\":\"https:\\\/\\\/www.procarton.com\\\/wp-content\\\/uploads\\\/2021\\\/02\\\/08-043-Preisverleihung-home.jpg\",\"articleSection\":[\"National Activities\",\"Pro Carton\"],\"inLanguage\":\"de\",\"potentialAction\":[{\"@type\":\"CommentAction\",\"name\":\"Comment\",\"target\":[\"https:\\\/\\\/www.procarton.com\\\/es\\\/grandiose-premiere-des-carton-austria-award\\\/#respond\"]}]},{\"@type\":\"WebPage\",\"@id\":\"https:\\\/\\\/www.procarton.com\\\/es\\\/grandiose-premiere-des-carton-austria-award\\\/\",\"url\":\"https:\\\/\\\/www.procarton.com\\\/es\\\/grandiose-premiere-des-carton-austria-award\\\/\",\"name\":\"Grandiose Premiere des Carton Austria Award! - Pro Carton\",\"isPartOf\":{\"@id\":\"https:\\\/\\\/www.procarton.com\\\/es\\\/#website\"},\"primaryImageOfPage\":{\"@id\":\"https:\\\/\\\/www.procarton.com\\\/es\\\/grandiose-premiere-des-carton-austria-award\\\/#primaryimage\"},\"image\":{\"@id\":\"https:\\\/\\\/www.procarton.com\\\/es\\\/grandiose-premiere-des-carton-austria-award\\\/#primaryimage\"},\"thumbnailUrl\":\"https:\\\/\\\/www.procarton.com\\\/wp-content\\\/uploads\\\/2021\\\/02\\\/08-043-Preisverleihung-home.jpg\",\"datePublished\":\"2018-10-16T23:00:00+00:00\",\"dateModified\":\"2021-11-05T18:05:46+00:00\",\"breadcrumb\":{\"@id\":\"https:\\\/\\\/www.procarton.com\\\/es\\\/grandiose-premiere-des-carton-austria-award\\\/#breadcrumb\"},\"inLanguage\":\"de\",\"potentialAction\":[{\"@type\":\"ReadAction\",\"target\":[\"https:\\\/\\\/www.procarton.com\\\/es\\\/grandiose-premiere-des-carton-austria-award\\\/\"]}]},{\"@type\":\"ImageObject\",\"inLanguage\":\"de\",\"@id\":\"https:\\\/\\\/www.procarton.com\\\/es\\\/grandiose-premiere-des-carton-austria-award\\\/#primaryimage\",\"url\":\"https:\\\/\\\/www.procarton.com\\\/wp-content\\\/uploads\\\/2021\\\/02\\\/08-043-Preisverleihung-home.jpg\",\"contentUrl\":\"https:\\\/\\\/www.procarton.com\\\/wp-content\\\/uploads\\\/2021\\\/02\\\/08-043-Preisverleihung-home.jpg\",\"width\":600,\"height\":400,\"caption\":\"Pro Carton - Nat\u00fcrlich erfolgreich, Marketing Event im Hotel Marriott am 17.10.2018\"},{\"@type\":\"BreadcrumbList\",\"@id\":\"https:\\\/\\\/www.procarton.com\\\/es\\\/grandiose-premiere-des-carton-austria-award\\\/#breadcrumb\",\"itemListElement\":[{\"@type\":\"ListItem\",\"position\":1,\"name\":\"Home\",\"item\":\"https:\\\/\\\/www.procarton.com\\\/\"},{\"@type\":\"ListItem\",\"position\":2,\"name\":\"Grandiose Premiere des Carton Austria Award!\"}]},{\"@type\":\"WebSite\",\"@id\":\"https:\\\/\\\/www.procarton.com\\\/es\\\/#website\",\"url\":\"https:\\\/\\\/www.procarton.com\\\/es\\\/\",\"name\":\"Pro Carton\",\"description\":\"\",\"publisher\":{\"@id\":\"https:\\\/\\\/www.procarton.com\\\/es\\\/#organization\"},\"potentialAction\":[{\"@type\":\"SearchAction\",\"target\":{\"@type\":\"EntryPoint\",\"urlTemplate\":\"https:\\\/\\\/www.procarton.com\\\/es\\\/?s={search_term_string}\"},\"query-input\":{\"@type\":\"PropertyValueSpecification\",\"valueRequired\":true,\"valueName\":\"search_term_string\"}}],\"inLanguage\":\"de\"},{\"@type\":\"Organization\",\"@id\":\"https:\\\/\\\/www.procarton.com\\\/es\\\/#organization\",\"name\":\"ProCarton\",\"url\":\"https:\\\/\\\/www.procarton.com\\\/es\\\/\",\"logo\":{\"@type\":\"ImageObject\",\"inLanguage\":\"de\",\"@id\":\"https:\\\/\\\/www.procarton.com\\\/es\\\/#\\\/schema\\\/logo\\\/image\\\/\",\"url\":\"https:\\\/\\\/www.procarton.com\\\/wp-content\\\/uploads\\\/2022\\\/06\\\/logo-mit-slogan.jpg\",\"contentUrl\":\"https:\\\/\\\/www.procarton.com\\\/wp-content\\\/uploads\\\/2022\\\/06\\\/logo-mit-slogan.jpg\",\"width\":422,\"height\":519,\"caption\":\"ProCarton\"},\"image\":{\"@id\":\"https:\\\/\\\/www.procarton.com\\\/es\\\/#\\\/schema\\\/logo\\\/image\\\/\"},\"sameAs\":[\"https:\\\/\\\/www.facebook.com\\\/procartondesignaward\\\/\",\"https:\\\/\\\/x.com\\\/pro_carton\"]},{\"@type\":\"Person\",\"@id\":\"https:\\\/\\\/www.procarton.com\\\/es\\\/#\\\/schema\\\/person\\\/872a075145d2c38578ff4eed7d481251\",\"name\":\"esterling@admin\",\"sameAs\":[\"https:\\\/\\\/www.procarton.com\"],\"url\":\"https:\\\/\\\/www.procarton.com\\\/de\\\/author\\\/esterlingadmin\\\/\"}]}<\/script>\n<!-- \/ Yoast SEO plugin. -->","yoast_head_json":{"title":"Grandiose Premiere des Carton Austria Award! - Pro Karton","robots":{"index":"index","follow":"follow","max-snippet":"max-snippet:-1","max-image-preview":"max-image-preview:large","max-video-preview":"max-video-preview:-1"},"canonical":"https:\/\/www.procarton.com\/de\/grandiose-premiere-des-carton-austria-award\/","og_locale":"de_DE","og_type":"article","og_title":"Grandiose Premiere des Carton Austria Award! - Pro Carton","og_description":"Endlich gibt es wieder einen Award f\u00fcr \u00f6sterreichisches Faltschachteldesign: Erstmals schlossen sich Pro Carton, PROPAK Austria und das Handelsmagazin CASH zusammen, um einen solchen Wettbewerb auszuschreiben.","og_url":"https:\/\/www.procarton.com\/de\/grandiose-premiere-des-carton-austria-award\/","og_site_name":"Pro Carton","article_publisher":"https:\/\/www.facebook.com\/procartondesignaward\/","article_published_time":"2018-10-16T23:00:00+00:00","article_modified_time":"2021-11-05T18:05:46+00:00","og_image":[{"width":600,"height":400,"url":"https:\/\/www.procarton.com\/wp-content\/uploads\/2021\/02\/08-043-Preisverleihung-home.jpg","type":"image\/jpeg"}],"author":"esterling@admin","twitter_card":"summary_large_image","twitter_creator":"@pro_carton","twitter_site":"@pro_carton","twitter_misc":{"Verfasst von":"esterling@admin","Gesch\u00e4tzte Lesezeit":"3\u00a0Minuten"},"schema":{"@context":"https:\/\/schema.org","@graph":[{"@type":"Article","@id":"https:\/\/www.procarton.com\/es\/grandiose-premiere-des-carton-austria-award\/#article","isPartOf":{"@id":"https:\/\/www.procarton.com\/es\/grandiose-premiere-des-carton-austria-award\/"},"author":{"name":"esterling@admin","@id":"https:\/\/www.procarton.com\/es\/#\/schema\/person\/872a075145d2c38578ff4eed7d481251"},"headline":"Grandiose Premiere des Carton Austria Award!","datePublished":"2018-10-16T23:00:00+00:00","dateModified":"2021-11-05T18:05:46+00:00","mainEntityOfPage":{"@id":"https:\/\/www.procarton.com\/es\/grandiose-premiere-des-carton-austria-award\/"},"wordCount":682,"commentCount":0,"publisher":{"@id":"https:\/\/www.procarton.com\/es\/#organization"},"image":{"@id":"https:\/\/www.procarton.com\/es\/grandiose-premiere-des-carton-austria-award\/#primaryimage"},"thumbnailUrl":"https:\/\/www.procarton.com\/wp-content\/uploads\/2021\/02\/08-043-Preisverleihung-home.jpg","articleSection":["National Activities","Pro Carton"],"inLanguage":"de","potentialAction":[{"@type":"CommentAction","name":"Comment","target":["https:\/\/www.procarton.com\/es\/grandiose-premiere-des-carton-austria-award\/#respond"]}]},{"@type":"WebPage","@id":"https:\/\/www.procarton.com\/es\/grandiose-premiere-des-carton-austria-award\/","url":"https:\/\/www.procarton.com\/es\/grandiose-premiere-des-carton-austria-award\/","name":"Grandiose Premiere des Carton Austria Award! - Pro Karton","isPartOf":{"@id":"https:\/\/www.procarton.com\/es\/#website"},"primaryImageOfPage":{"@id":"https:\/\/www.procarton.com\/es\/grandiose-premiere-des-carton-austria-award\/#primaryimage"},"image":{"@id":"https:\/\/www.procarton.com\/es\/grandiose-premiere-des-carton-austria-award\/#primaryimage"},"thumbnailUrl":"https:\/\/www.procarton.com\/wp-content\/uploads\/2021\/02\/08-043-Preisverleihung-home.jpg","datePublished":"2018-10-16T23:00:00+00:00","dateModified":"2021-11-05T18:05:46+00:00","breadcrumb":{"@id":"https:\/\/www.procarton.com\/es\/grandiose-premiere-des-carton-austria-award\/#breadcrumb"},"inLanguage":"de","potentialAction":[{"@type":"ReadAction","target":["https:\/\/www.procarton.com\/es\/grandiose-premiere-des-carton-austria-award\/"]}]},{"@type":"ImageObject","inLanguage":"de","@id":"https:\/\/www.procarton.com\/es\/grandiose-premiere-des-carton-austria-award\/#primaryimage","url":"https:\/\/www.procarton.com\/wp-content\/uploads\/2021\/02\/08-043-Preisverleihung-home.jpg","contentUrl":"https:\/\/www.procarton.com\/wp-content\/uploads\/2021\/02\/08-043-Preisverleihung-home.jpg","width":600,"height":400,"caption":"Pro Carton - Nat\u00fcrlich erfolgreich, Marketing Event im Hotel Marriott am 17.10.2018"},{"@type":"BreadcrumbList","@id":"https:\/\/www.procarton.com\/es\/grandiose-premiere-des-carton-austria-award\/#breadcrumb","itemListElement":[{"@type":"ListItem","position":1,"name":"Home","item":"https:\/\/www.procarton.com\/"},{"@type":"ListItem","position":2,"name":"Grandiose Premiere des Carton Austria Award!"}]},{"@type":"WebSite","@id":"https:\/\/www.procarton.com\/es\/#website","url":"https:\/\/www.procarton.com\/es\/","name":"Pro Carton","description":"","publisher":{"@id":"https:\/\/www.procarton.com\/es\/#organization"},"potentialAction":[{"@type":"SearchAction","target":{"@type":"EntryPoint","urlTemplate":"https:\/\/www.procarton.com\/es\/?s={search_term_string}"},"query-input":{"@type":"PropertyValueSpecification","valueRequired":true,"valueName":"search_term_string"}}],"inLanguage":"de"},{"@type":"Organization","@id":"https:\/\/www.procarton.com\/es\/#organization","name":"ProCarton","url":"https:\/\/www.procarton.com\/es\/","logo":{"@type":"ImageObject","inLanguage":"de","@id":"https:\/\/www.procarton.com\/es\/#\/schema\/logo\/image\/","url":"https:\/\/www.procarton.com\/wp-content\/uploads\/2022\/06\/logo-mit-slogan.jpg","contentUrl":"https:\/\/www.procarton.com\/wp-content\/uploads\/2022\/06\/logo-mit-slogan.jpg","width":422,"height":519,"caption":"ProCarton"},"image":{"@id":"https:\/\/www.procarton.com\/es\/#\/schema\/logo\/image\/"},"sameAs":["https:\/\/www.facebook.com\/procartondesignaward\/","https:\/\/x.com\/pro_carton"]},{"@type":"Person","@id":"https:\/\/www.procarton.com\/es\/#\/schema\/person\/872a075145d2c38578ff4eed7d481251","name":"esterling@admin","sameAs":["https:\/\/www.procarton.com"],"url":"https:\/\/www.procarton.com\/de\/author\/esterlingadmin\/"}]}},"_links":{"self":[{"href":"https:\/\/www.procarton.com\/de\/wp-json\/wp\/v2\/posts\/242454","targetHints":{"allow":["GET"]}}],"collection":[{"href":"https:\/\/www.procarton.com\/de\/wp-json\/wp\/v2\/posts"}],"about":[{"href":"https:\/\/www.procarton.com\/de\/wp-json\/wp\/v2\/types\/post"}],"author":[{"embeddable":true,"href":"https:\/\/www.procarton.com\/de\/wp-json\/wp\/v2\/users\/1"}],"replies":[{"embeddable":true,"href":"https:\/\/www.procarton.com\/de\/wp-json\/wp\/v2\/comments?post=242454"}],"version-history":[{"count":1,"href":"https:\/\/www.procarton.com\/de\/wp-json\/wp\/v2\/posts\/242454\/revisions"}],"predecessor-version":[{"id":265847,"href":"https:\/\/www.procarton.com\/de\/wp-json\/wp\/v2\/posts\/242454\/revisions\/265847"}],"wp:featuredmedia":[{"embeddable":true,"href":"https:\/\/www.procarton.com\/de\/wp-json\/wp\/v2\/media\/242455"}],"wp:attachment":[{"href":"https:\/\/www.procarton.com\/de\/wp-json\/wp\/v2\/media?parent=242454"}],"wp:term":[{"taxonomy":"category","embeddable":true,"href":"https:\/\/www.procarton.com\/de\/wp-json\/wp\/v2\/categories?post=242454"},{"taxonomy":"post_tag","embeddable":true,"href":"https:\/\/www.procarton.com\/de\/wp-json\/wp\/v2\/tags?post=242454"}],"curies":[{"name":"wp","href":"https:\/\/api.w.org\/{rel}","templated":true}]}}