{"id":242361,"date":"2018-09-23T00:00:00","date_gmt":"2018-09-22T23:00:00","guid":{"rendered":"https:\/\/www.procarton.com\/pro-carton-young-designers-award-the-new-design-stars\/"},"modified":"2023-10-10T13:19:44","modified_gmt":"2023-10-10T12:19:44","slug":"pro-carton-young-designers-award-the-new-design-stars","status":"publish","type":"post","link":"https:\/\/www.procarton.com\/de\/pro-carton-young-designers-award-the-new-design-stars\/","title":{"rendered":"Pro Carton Young Designers Award: die neuen Designstars"},"content":{"rendered":"<p><strong>Die Gewinner und Finalisten stehen fest: Junge Studierende aus Deutschland, \u00d6sterreich, Polen und Schweden wurden zusammen mit ihren Dozenten am 20. September 2018 vor der gesamten Karton- und Faltschachtelindustrie f\u00fcr ihre brillanten Ideen geehrt. Alle zehn Finalisten erlebten in der wundersch\u00f6nen Altstadt von Riga an der Ostsee einen Moment gro\u00dfer Emotionen.<\/strong><\/p>\n<p>\u00dcber 400 Beitr\u00e4ge und die Teilnahme von 50 Designschulen aus 21 L\u00e4ndern unterstreichen die Bedeutung des Pro Carton Young Designers Award f\u00fcr die europ\u00e4ische Designausbildung.<\/p>\n<p>Der Hauptpreis f\u00fcr die vier Kategoriensieger ist ein Besuch in der Mets\u00e4 Board Mill in Finnland sowie ein Praktikum beim internationalen Kartonhersteller Mayr-Melnhof Packaging in \u00d6sterreich. Dar\u00fcber hinaus kamen alle Finalisten und Tutoren in den Genuss einer Reise in die lettische Hauptstadt mit zwei \u00dcbernachtungen und einem Galadinner beim ECMA-Kongress.<\/p>\n<p>Die Preistr\u00e4ger und Finalisten erhalten eine breite \u00d6ffentlichkeitswirkung, da sie in den Fach- und Spezialmedien beworben und auf Messen in ganz Europa vorgestellt werden.<\/p>\n<p>Auch die Beteiligung der \u00d6ffentlichkeit am \u00f6ffentlichen Voting war sehr hoch und die Studierenden und ihre Fans sorgten f\u00fcr einen regen Austausch auf den verschiedenen Social-Media-Plattformen.  Dieses Jahr wurde der <a href=\"https:\/\/www.procarton.com\/awards\/pro-carton-young-designers-award\/2018\/categories\/\">Das \u00f6ffentliche Award ging an Stefan Pfister mit \"disctwist\".<\/a><\/p>\n<p>&nbsp;<\/p>\n<p><strong>Preistr\u00e4ger und Finalisten und was sie \u00fcber ihren Erfolg zu sagen haben:<\/strong><\/p>\n<p><strong>Gewinner Kreative Kartonverpackung Lebensmittel &amp; Getr\u00e4nke<br \/>\n<\/strong><strong>Bj\u00f6rk\u00f6 Duo Tasche<br \/>\n<\/strong><strong>Designer: Desir\u00e9 Persson, Alva Nystr\u00f6m, Erika Svensson<\/strong><\/p>\n<p><em>\"Unser Konzept war es, gegen die Normen der klassischen Verpackung von Premium-Wodka zu versto\u00dfen und dem Verbraucher ein unvergessliches Unboxing-Erlebnis zu bieten. Die gr\u00f6\u00dfte Herausforderung bestand darin, das richtige Material f\u00fcr die richtigen Teile der Konstruktion zu verwenden.<br \/>\n<\/em><em>Das Pro Carton Young Designers Award hat uns als junge Verpackungsdesigner einen enormen Vertrauensvorschuss gegeben und uns die M\u00f6glichkeit gegeben, zu zeigen, was wir k\u00f6nnen.\"<\/em><\/p>\n<p>Die Jury sagte: Dies ist definitiv eines dieser Konzepte, die man so noch nicht gesehen hat\". Eine echte Meisterleistung der Kartonstrukturtechnik, die, wenn sie vermarktet w\u00fcrde, eine der eindrucksvollsten im Laden w\u00e4re.<\/p>\n<p>&nbsp;<\/p>\n<p><strong>Gewinner Kreative Kartonverpackungen Alle - au\u00dfer Lebensmittel und Getr\u00e4nke<br \/>\n<\/strong><strong>Speichern Sie die Reise<br \/>\n<\/strong><strong>Designer: Marie Falk<\/strong><\/p>\n<p><em>\"Ich wollte eine umweltfreundliche Verpackung mit einem bestimmten Zweck schaffen. Ich suchte nach einem Bedarf und einer L\u00f6sung, wobei der Schwerpunkt auf der Nachhaltigkeit lag. Au\u00dferdem wollte ich, dass die Verpackung praktisch ist und sich optimal verteilen l\u00e4sst. Ich habe ein Konzept entwickelt, das eine der heutigen Gewohnheiten in Frage stellt - Kindern auf Reisen ungesundes Essen zu geben. Das Hauptaugenmerk lag darauf, eine ansprechende Verpackung zu entwerfen, die nicht nur nachhaltig ist, sondern Kinder auch im Auto oder im Zug besch\u00e4ftigt und ihnen gutes Essen bietet.<br \/>\n<\/em><em>Ich kann nicht glauben, dass ich das Gl\u00fcck hatte, zum zweiten Mal zu gewinnen. Ich wei\u00df, welche Auswirkungen dieser Preis hat und was er f\u00fcr alle Finalisten bedeuten kann. Ich habe bereits viele neue Kontakte gekn\u00fcpft und habe nun eine gr\u00f6\u00dfere Chance, noch innovativere Pakete zu entwickeln.<\/em><\/p>\n<p>Die Jury sagte: Dieses Konzept ist in vielerlei Hinsicht ansprechend: gut durchdacht und mit hervorragender grafischer Kommunikation untermauert. Problem gefunden - Problem gel\u00f6st.<\/p>\n<p>&nbsp;<\/p>\n<p><strong>Gewinner Save the Planet<br \/>\n<\/strong><strong>SD Burst<br \/>\n<\/strong><strong>Designer: Alexander B\u00f6hringer<\/strong><\/p>\n<p><em>\"Ich habe mich \u00fcber die Blisterverpackung der SD-Card ge\u00e4rgert, die ich online bestellt habe. Sie war viel zu gro\u00df f\u00fcr ihren Inhalt und schwer zu \u00f6ffnen. Deshalb suchte ich nach einer recycelbaren L\u00f6sung. Die gr\u00f6\u00dfte Herausforderung bestand darin, alles auf einer so kleinen Vorlage unterzubringen.<br \/>\n<\/em><em>Als junger Designer ist es wirklich wichtig, die Branche kennen zu lernen. Ich bin froh, dass ich die Chance habe, einen Blick auf internationale Beziehungen zu werfen. Die Einladung zum Award wird mir hoffentlich die T\u00fcren f\u00fcr zuk\u00fcnftige Projekte oder Praktika \u00f6ffnen.\"<\/em><\/p>\n<p>Die Jury sagte: Eine gut durchdachte, sorgf\u00e4ltig konstruierte und dennoch einfache Idee. Es handelte sich in der Tat um eine Gesamtpr\u00e4sentation mit erg\u00e4nzenden Grafiken, die das Gesamtkonzept unterst\u00fctzen.<\/p>\n<p>&nbsp;<\/p>\n<p><strong>Gewinner Kreative Ideen aus Karton<br \/>\n<\/strong><strong>Hochsteckfrisur - Haar-Accessoire<br \/>\n<\/strong><strong>Designer: Christina Leurer<\/strong><\/p>\n<p><em>\"Jedes Mal, wenn ich in eine Modezeitschrift schaue, sehe ich Haarschmuck aus Kunststoff. Die Idee war, einfachen Haarschmuck aus Karton anstelle von Plastik zu kreieren, der einfach zu handhaben ist. Die Herausforderung bestand darin, einen Haarschmuck aus Karton zu kreieren, der wirklich alle Arten von Frisuren (kurz, lang, lockig, gerade, usw.) fixiert, ohne dass der Karton bricht. Mit jeder einzelnen Idee, eine Verpackung aus Karton und ohne Plastik zu schaffen, k\u00f6nnen wir eine bessere Zukunft erreichen.<br \/>\n<\/em><em>Der Gewinn des Award ist eines der besten Komplimente, die einem jemand machen kann, und man wei\u00df, dass es die richtige Entscheidung war, Design zu studieren. Ich m\u00f6chte mich bei meinen Lehrern f\u00fcr ihre Unterst\u00fctzung bedanken.<\/em><\/p>\n<p>Die Jury sagte: Dies ist in der Tat eine neue und kreative, aber auch eine kosteng\u00fcnstige L\u00f6sung f\u00fcr den t\u00e4glichen Gebrauch. Wenn man dann noch den Eindruck hat, ein solches Produkt in der Ausstellung zu sehen, dann hat man ein tolles Angebot.<\/p>\n<p>&nbsp;<\/p>\n<p><strong>Finalisten<\/strong><\/p>\n<p><strong>Reinkommen<br \/>\n<\/strong><strong>Designer: Tamara Bijelic, Anna Roschker<\/strong><\/p>\n<p><em>\"Wir entwickelten die Idee aus dem einfachen Gedanken an die weibliche Sexualit\u00e4t und wie sie pr\u00e4sentiert wird. Da viele Frauen ein leichtes Gef\u00fchl der Verlegenheit versp\u00fcren, wenn es um den Kauf von Sexspielzeug geht, haben wir versucht, uns eine Verpackung auszudenken, die sie stolz auf sich selbst sein l\u00e4sst. Au\u00dferdem sind klassische Verpackungen f\u00fcr Sexspielzeug in der Regel sehr einfach und wenig kreativ. Einer der schwierigsten Prozesse war es, die richtige Form f\u00fcr die Verpackung zu finden. Es hat viel Entwicklungszeit in Anspruch genommen, um herauszufinden, wie diese unverwechselbare Form funktionieren k\u00f6nnte.\"<\/em><\/p>\n<p>&nbsp;<\/p>\n<p><strong>Nutsss<br \/>\n<\/strong><strong>Designer: Martin Wunner<\/strong><\/p>\n<p><em>\"Der Hauptteil der Entwicklung bestand darin, neue \u00d6ffnungsmechanismen auszuprobieren und mich von Designs leiten zu lassen, die nicht unbedingt durch einen Zweck eingeschr\u00e4nkt waren. Sie sollten einfach neu sein, interessant und es sollte Spa\u00df machen, damit zu interagieren. Danach assoziierte ich das Aussehen des Prototyps wegen der spitzen Klappen mit einer Schlange und optimierte ihn in diesem Sinne. Die gr\u00f6\u00dfte Herausforderung bestand darin, die Proportionen und das allgemeine Gef\u00fchl der Verpackung richtig hinzubekommen. Die Faltschachtel sollte handlich sein, aber auch auf den ersten Blick mit einer Schlange assoziiert werden.\"<\/em><\/p>\n<p>&nbsp;<\/p>\n<p><strong>Papp ein L\u00e4cheln<br \/>\n<\/strong><strong>Designer: Helena Spindler<\/strong><\/p>\n<p><em>\"Meine Idee ist von meiner Liebe zur Fotografie beeinflusst. Es ist immer schwierig, die Kleinen dazu zu bringen, in die Kamera zu schauen. Wenn man hinter der Kamera steht, kann man die Kinder nicht so leicht unterhalten, damit sie in deine Richtung schauen. Meine Idee l\u00f6st das Problem kosteng\u00fcnstig und auf unterhaltsame Weise. Und Karton ist f\u00fcr mich ein gro\u00dfartiges Material, weil es interaktiv ist - man kann darauf zeichnen und schreiben, die Form l\u00e4sst sich leicht durch Falten oder Schneiden ver\u00e4ndern. <\/em><\/p>\n<p><em>Die Entscheidung von Pro Carton, mich als Finalistin auszuw\u00e4hlen, gibt mir Vertrauen in meine F\u00e4higkeiten. Der Preis ist nicht nur eine sch\u00f6ne Reise (was wirklich toll ist), sondern er ist von Dauer, was Selbstwertgef\u00fchl, Ansehen, Vernetzung und Erfahrung angeht.<\/em><\/p>\n<p>&nbsp;<\/p>\n<p><strong>Pop-up-Paket-Projekt und Branding von Gwiezdne Mleczko<br \/>\n<\/strong><strong>Designer: Karolina Jakubowska<\/strong><\/p>\n<p><em>\"Das grundlegende Ziel meines Entwurfs war es, eine Pop-up-Box zu schaffen. Die gesamte Pop-up-Struktur basiert auf zwei V-Falten, die die Fl\u00fcgel nach innen bewegen. Der Kunde ist nach dem \u00d6ffnen der Faltschachtel \u00fcberrascht, dass die Fl\u00fcgel den Inhalt der Faltschachtel zeigen. Diese Art von Produkten wird in der Regel schon nach einmaliger Betrachtung gekauft, so dass ein guter erster Eindruck entscheidend ist. Diese originelle Pop-up-Box enth\u00e4lt bewegliche Teile, die ein einzigartiges Erlebnis bieten. Au\u00dferdem ist sie eine gro\u00dfartige Basis f\u00fcr den Aufbau origineller Marketinginhalte und sozialer Medien.\"<\/em><\/p>\n<p>&nbsp;<\/p>\n<p><strong>Sophia Essence Hexagon Verpackungsdesign<br \/>\n<\/strong><strong>Designer: Matthias Mayr, Christoph Hofer<\/strong><\/p>\n<p><em>\"Die Hauptidee war, ein Verpackungsdesign zu schaffen, das empfindliche Produkte auf effiziente, elegante und einfache Weise sch\u00fctzt. Von Anfang an lautete unser Motto \"Weniger ist mehr\". Daher haben wir zun\u00e4chst \u00fcber einfache geometrische Formen nachgedacht, die sich ideal f\u00fcr den Schutz des Produkts eignen w\u00fcrden. Die Form des Sechsecks erschien uns ungew\u00f6hnlich und unterschied sich von den allt\u00e4glichen Verpackungsdesigns. Am Anfang haben wir viele L\u00f6sungen ausprobiert, die aber zu kompliziert zu montieren waren. Durch Ausprobieren haben wir dann eine L\u00f6sung gefunden, die nur aus einem einzigen Blatt besteht.<\/em><\/p>\n<p>&nbsp;<\/p>\n<p><strong>T\u00fcta Frutta<br \/>\n<\/strong><strong>Designer: Sarah Filipov\u00e1<\/strong><\/p>\n<p><em>\"Der Supermarkt ist einer der Orte, an denen die Verwendung von Plastik ge\u00e4ndert werden muss. Vor allem bei den nat\u00fcrlichsten Waren (wie Obst und Gem\u00fcse) m\u00f6chte man nicht, dass sie in Plastik eingewickelt sind. Sie m\u00fcssen wertgesch\u00e4tzt und mit Respekt behandelt werden. Die gr\u00f6\u00dfte Herausforderung bestand darin, eine Bahn zu entwickeln, die robust genug ist, um Fr\u00fcchte zu halten, und gleichzeitig den Eigenschaften des Materials Karton treu zu bleiben und eine Bahn mit einem neuen und attraktiven Design zu kombinieren. Dabei geht es nicht nur um Karton, sondern darum, neue L\u00f6sungen f\u00fcr allt\u00e4gliche Probleme zu finden.\" <\/em><\/p>","protected":false},"excerpt":{"rendered":"<p>Die Gewinner und Finalisten stehen fest: Junge Studierende aus Deutschland, \u00d6sterreich, Polen und Schweden wurden zusammen mit ihren Dozenten f\u00fcr ihre brillanten Ideen ausgezeichnet.<\/p>","protected":false},"author":1,"featured_media":242362,"comment_status":"open","ping_status":"open","sticky":false,"template":"","format":"standard","meta":{"inline_featured_image":false,"footnotes":""},"categories":[42],"tags":[],"class_list":["post-242361","post","type-post","status-publish","format-standard","has-post-thumbnail","hentry","category-awards"],"yoast_head":"<!-- This site is optimized with the Yoast SEO plugin v27.4 - https:\/\/yoast.com\/product\/yoast-seo-wordpress\/ -->\n<title>Pro Carton Young Designers Award: the new design stars - Pro Carton<\/title>\n<meta name=\"robots\" content=\"index, follow, max-snippet:-1, max-image-preview:large, max-video-preview:-1\" \/>\n<link rel=\"canonical\" href=\"https:\/\/www.procarton.com\/de\/pro-carton-young-designers-award-the-new-design-stars\/\" \/>\n<meta property=\"og:locale\" content=\"de_DE\" \/>\n<meta property=\"og:type\" content=\"article\" \/>\n<meta property=\"og:title\" content=\"Pro Carton Young Designers Award: the new design stars - Pro Carton\" \/>\n<meta property=\"og:description\" content=\"The winners and finalists have been chosen:\u00a0young students from Germany, Austria, Poland and Sweden, along with their lecturers, were honoured for their brilliant ideas.\" \/>\n<meta property=\"og:url\" content=\"https:\/\/www.procarton.com\/de\/pro-carton-young-designers-award-the-new-design-stars\/\" \/>\n<meta property=\"og:site_name\" content=\"Pro Carton\" \/>\n<meta property=\"article:publisher\" content=\"https:\/\/www.facebook.com\/procartondesignaward\/\" \/>\n<meta property=\"article:published_time\" content=\"2018-09-22T23:00:00+00:00\" \/>\n<meta property=\"article:modified_time\" content=\"2023-10-10T12:19:44+00:00\" \/>\n<meta property=\"og:image\" content=\"https:\/\/www.procarton.com\/wp-content\/uploads\/2021\/02\/Carton-Awards-20180920-1-112-tv-1.jpg\" \/>\n\t<meta property=\"og:image:width\" content=\"600\" \/>\n\t<meta property=\"og:image:height\" content=\"400\" \/>\n\t<meta property=\"og:image:type\" content=\"image\/jpeg\" \/>\n<meta name=\"author\" content=\"esterling@admin\" \/>\n<meta name=\"twitter:card\" content=\"summary_large_image\" \/>\n<meta name=\"twitter:creator\" content=\"@pro_carton\" \/>\n<meta name=\"twitter:site\" content=\"@pro_carton\" \/>\n<meta name=\"twitter:label1\" content=\"Verfasst von\" \/>\n\t<meta name=\"twitter:data1\" content=\"esterling@admin\" \/>\n\t<meta name=\"twitter:label2\" content=\"Gesch\u00e4tzte Lesezeit\" \/>\n\t<meta name=\"twitter:data2\" content=\"7\u00a0Minuten\" \/>\n<script type=\"application\/ld+json\" class=\"yoast-schema-graph\">{\"@context\":\"https:\\\/\\\/schema.org\",\"@graph\":[{\"@type\":\"Article\",\"@id\":\"https:\\\/\\\/www.procarton.com\\\/pro-carton-young-designers-award-the-new-design-stars\\\/#article\",\"isPartOf\":{\"@id\":\"https:\\\/\\\/www.procarton.com\\\/pro-carton-young-designers-award-the-new-design-stars\\\/\"},\"author\":{\"name\":\"esterling@admin\",\"@id\":\"https:\\\/\\\/www.procarton.com\\\/es\\\/#\\\/schema\\\/person\\\/872a075145d2c38578ff4eed7d481251\"},\"headline\":\"Pro Carton Young Designers Award: the new design stars\",\"datePublished\":\"2018-09-22T23:00:00+00:00\",\"dateModified\":\"2023-10-10T12:19:44+00:00\",\"mainEntityOfPage\":{\"@id\":\"https:\\\/\\\/www.procarton.com\\\/pro-carton-young-designers-award-the-new-design-stars\\\/\"},\"wordCount\":1469,\"commentCount\":0,\"publisher\":{\"@id\":\"https:\\\/\\\/www.procarton.com\\\/es\\\/#organization\"},\"image\":{\"@id\":\"https:\\\/\\\/www.procarton.com\\\/pro-carton-young-designers-award-the-new-design-stars\\\/#primaryimage\"},\"thumbnailUrl\":\"https:\\\/\\\/www.procarton.com\\\/wp-content\\\/uploads\\\/2021\\\/02\\\/Carton-Awards-20180920-1-112-tv-1.jpg\",\"articleSection\":[\"Awards\"],\"inLanguage\":\"de\",\"potentialAction\":[{\"@type\":\"CommentAction\",\"name\":\"Comment\",\"target\":[\"https:\\\/\\\/www.procarton.com\\\/pro-carton-young-designers-award-the-new-design-stars\\\/#respond\"]}]},{\"@type\":\"WebPage\",\"@id\":\"https:\\\/\\\/www.procarton.com\\\/pro-carton-young-designers-award-the-new-design-stars\\\/\",\"url\":\"https:\\\/\\\/www.procarton.com\\\/pro-carton-young-designers-award-the-new-design-stars\\\/\",\"name\":\"Pro Carton Young Designers Award: the new design stars - Pro Carton\",\"isPartOf\":{\"@id\":\"https:\\\/\\\/www.procarton.com\\\/es\\\/#website\"},\"primaryImageOfPage\":{\"@id\":\"https:\\\/\\\/www.procarton.com\\\/pro-carton-young-designers-award-the-new-design-stars\\\/#primaryimage\"},\"image\":{\"@id\":\"https:\\\/\\\/www.procarton.com\\\/pro-carton-young-designers-award-the-new-design-stars\\\/#primaryimage\"},\"thumbnailUrl\":\"https:\\\/\\\/www.procarton.com\\\/wp-content\\\/uploads\\\/2021\\\/02\\\/Carton-Awards-20180920-1-112-tv-1.jpg\",\"datePublished\":\"2018-09-22T23:00:00+00:00\",\"dateModified\":\"2023-10-10T12:19:44+00:00\",\"breadcrumb\":{\"@id\":\"https:\\\/\\\/www.procarton.com\\\/pro-carton-young-designers-award-the-new-design-stars\\\/#breadcrumb\"},\"inLanguage\":\"de\",\"potentialAction\":[{\"@type\":\"ReadAction\",\"target\":[\"https:\\\/\\\/www.procarton.com\\\/pro-carton-young-designers-award-the-new-design-stars\\\/\"]}]},{\"@type\":\"ImageObject\",\"inLanguage\":\"de\",\"@id\":\"https:\\\/\\\/www.procarton.com\\\/pro-carton-young-designers-award-the-new-design-stars\\\/#primaryimage\",\"url\":\"https:\\\/\\\/www.procarton.com\\\/wp-content\\\/uploads\\\/2021\\\/02\\\/Carton-Awards-20180920-1-112-tv-1.jpg\",\"contentUrl\":\"https:\\\/\\\/www.procarton.com\\\/wp-content\\\/uploads\\\/2021\\\/02\\\/Carton-Awards-20180920-1-112-tv-1.jpg\",\"width\":600,\"height\":400,\"caption\":\"20180920 Riga. European Carton Excellence Award and Pro Carton Young Designers Award event. Photo \\\/ Ilmars Znotins\"},{\"@type\":\"BreadcrumbList\",\"@id\":\"https:\\\/\\\/www.procarton.com\\\/pro-carton-young-designers-award-the-new-design-stars\\\/#breadcrumb\",\"itemListElement\":[{\"@type\":\"ListItem\",\"position\":1,\"name\":\"Home\",\"item\":\"https:\\\/\\\/www.procarton.com\\\/\"},{\"@type\":\"ListItem\",\"position\":2,\"name\":\"Pro Carton Young Designers Award: the new design stars\"}]},{\"@type\":\"WebSite\",\"@id\":\"https:\\\/\\\/www.procarton.com\\\/es\\\/#website\",\"url\":\"https:\\\/\\\/www.procarton.com\\\/es\\\/\",\"name\":\"Pro Carton\",\"description\":\"\",\"publisher\":{\"@id\":\"https:\\\/\\\/www.procarton.com\\\/es\\\/#organization\"},\"potentialAction\":[{\"@type\":\"SearchAction\",\"target\":{\"@type\":\"EntryPoint\",\"urlTemplate\":\"https:\\\/\\\/www.procarton.com\\\/es\\\/?s={search_term_string}\"},\"query-input\":{\"@type\":\"PropertyValueSpecification\",\"valueRequired\":true,\"valueName\":\"search_term_string\"}}],\"inLanguage\":\"de\"},{\"@type\":\"Organization\",\"@id\":\"https:\\\/\\\/www.procarton.com\\\/es\\\/#organization\",\"name\":\"ProCarton\",\"url\":\"https:\\\/\\\/www.procarton.com\\\/es\\\/\",\"logo\":{\"@type\":\"ImageObject\",\"inLanguage\":\"de\",\"@id\":\"https:\\\/\\\/www.procarton.com\\\/es\\\/#\\\/schema\\\/logo\\\/image\\\/\",\"url\":\"https:\\\/\\\/www.procarton.com\\\/wp-content\\\/uploads\\\/2022\\\/06\\\/logo-mit-slogan.jpg\",\"contentUrl\":\"https:\\\/\\\/www.procarton.com\\\/wp-content\\\/uploads\\\/2022\\\/06\\\/logo-mit-slogan.jpg\",\"width\":422,\"height\":519,\"caption\":\"ProCarton\"},\"image\":{\"@id\":\"https:\\\/\\\/www.procarton.com\\\/es\\\/#\\\/schema\\\/logo\\\/image\\\/\"},\"sameAs\":[\"https:\\\/\\\/www.facebook.com\\\/procartondesignaward\\\/\",\"https:\\\/\\\/x.com\\\/pro_carton\"]},{\"@type\":\"Person\",\"@id\":\"https:\\\/\\\/www.procarton.com\\\/es\\\/#\\\/schema\\\/person\\\/872a075145d2c38578ff4eed7d481251\",\"name\":\"esterling@admin\",\"sameAs\":[\"https:\\\/\\\/www.procarton.com\"],\"url\":\"https:\\\/\\\/www.procarton.com\\\/de\\\/author\\\/esterlingadmin\\\/\"}]}<\/script>\n<!-- \/ Yoast SEO plugin. -->","yoast_head_json":{"title":"Pro Carton Young Designers Award: die neuen Designstars - Pro Carton","robots":{"index":"index","follow":"follow","max-snippet":"max-snippet:-1","max-image-preview":"max-image-preview:large","max-video-preview":"max-video-preview:-1"},"canonical":"https:\/\/www.procarton.com\/de\/pro-carton-young-designers-award-the-new-design-stars\/","og_locale":"de_DE","og_type":"article","og_title":"Pro Carton Young Designers Award: the new design stars - Pro Carton","og_description":"The winners and finalists have been chosen:\u00a0young students from Germany, Austria, Poland and Sweden, along with their lecturers, were honoured for their brilliant ideas.","og_url":"https:\/\/www.procarton.com\/de\/pro-carton-young-designers-award-the-new-design-stars\/","og_site_name":"Pro Carton","article_publisher":"https:\/\/www.facebook.com\/procartondesignaward\/","article_published_time":"2018-09-22T23:00:00+00:00","article_modified_time":"2023-10-10T12:19:44+00:00","og_image":[{"width":600,"height":400,"url":"https:\/\/www.procarton.com\/wp-content\/uploads\/2021\/02\/Carton-Awards-20180920-1-112-tv-1.jpg","type":"image\/jpeg"}],"author":"esterling@admin","twitter_card":"summary_large_image","twitter_creator":"@pro_carton","twitter_site":"@pro_carton","twitter_misc":{"Verfasst von":"esterling@admin","Gesch\u00e4tzte Lesezeit":"7\u00a0Minuten"},"schema":{"@context":"https:\/\/schema.org","@graph":[{"@type":"Article","@id":"https:\/\/www.procarton.com\/pro-carton-young-designers-award-the-new-design-stars\/#article","isPartOf":{"@id":"https:\/\/www.procarton.com\/pro-carton-young-designers-award-the-new-design-stars\/"},"author":{"name":"esterling@admin","@id":"https:\/\/www.procarton.com\/es\/#\/schema\/person\/872a075145d2c38578ff4eed7d481251"},"headline":"Pro Carton Young Designers Award: the new design stars","datePublished":"2018-09-22T23:00:00+00:00","dateModified":"2023-10-10T12:19:44+00:00","mainEntityOfPage":{"@id":"https:\/\/www.procarton.com\/pro-carton-young-designers-award-the-new-design-stars\/"},"wordCount":1469,"commentCount":0,"publisher":{"@id":"https:\/\/www.procarton.com\/es\/#organization"},"image":{"@id":"https:\/\/www.procarton.com\/pro-carton-young-designers-award-the-new-design-stars\/#primaryimage"},"thumbnailUrl":"https:\/\/www.procarton.com\/wp-content\/uploads\/2021\/02\/Carton-Awards-20180920-1-112-tv-1.jpg","articleSection":["Awards"],"inLanguage":"de","potentialAction":[{"@type":"CommentAction","name":"Comment","target":["https:\/\/www.procarton.com\/pro-carton-young-designers-award-the-new-design-stars\/#respond"]}]},{"@type":"WebPage","@id":"https:\/\/www.procarton.com\/pro-carton-young-designers-award-the-new-design-stars\/","url":"https:\/\/www.procarton.com\/pro-carton-young-designers-award-the-new-design-stars\/","name":"Pro Carton Young Designers Award: die neuen Designstars - Pro Carton","isPartOf":{"@id":"https:\/\/www.procarton.com\/es\/#website"},"primaryImageOfPage":{"@id":"https:\/\/www.procarton.com\/pro-carton-young-designers-award-the-new-design-stars\/#primaryimage"},"image":{"@id":"https:\/\/www.procarton.com\/pro-carton-young-designers-award-the-new-design-stars\/#primaryimage"},"thumbnailUrl":"https:\/\/www.procarton.com\/wp-content\/uploads\/2021\/02\/Carton-Awards-20180920-1-112-tv-1.jpg","datePublished":"2018-09-22T23:00:00+00:00","dateModified":"2023-10-10T12:19:44+00:00","breadcrumb":{"@id":"https:\/\/www.procarton.com\/pro-carton-young-designers-award-the-new-design-stars\/#breadcrumb"},"inLanguage":"de","potentialAction":[{"@type":"ReadAction","target":["https:\/\/www.procarton.com\/pro-carton-young-designers-award-the-new-design-stars\/"]}]},{"@type":"ImageObject","inLanguage":"de","@id":"https:\/\/www.procarton.com\/pro-carton-young-designers-award-the-new-design-stars\/#primaryimage","url":"https:\/\/www.procarton.com\/wp-content\/uploads\/2021\/02\/Carton-Awards-20180920-1-112-tv-1.jpg","contentUrl":"https:\/\/www.procarton.com\/wp-content\/uploads\/2021\/02\/Carton-Awards-20180920-1-112-tv-1.jpg","width":600,"height":400,"caption":"20180920 Riga. European Carton Excellence Award and Pro Carton Young Designers Award event. Photo \/ Ilmars Znotins"},{"@type":"BreadcrumbList","@id":"https:\/\/www.procarton.com\/pro-carton-young-designers-award-the-new-design-stars\/#breadcrumb","itemListElement":[{"@type":"ListItem","position":1,"name":"Home","item":"https:\/\/www.procarton.com\/"},{"@type":"ListItem","position":2,"name":"Pro Carton Young Designers Award: the new design stars"}]},{"@type":"WebSite","@id":"https:\/\/www.procarton.com\/es\/#website","url":"https:\/\/www.procarton.com\/es\/","name":"Pro Carton","description":"","publisher":{"@id":"https:\/\/www.procarton.com\/es\/#organization"},"potentialAction":[{"@type":"SearchAction","target":{"@type":"EntryPoint","urlTemplate":"https:\/\/www.procarton.com\/es\/?s={search_term_string}"},"query-input":{"@type":"PropertyValueSpecification","valueRequired":true,"valueName":"search_term_string"}}],"inLanguage":"de"},{"@type":"Organization","@id":"https:\/\/www.procarton.com\/es\/#organization","name":"ProCarton","url":"https:\/\/www.procarton.com\/es\/","logo":{"@type":"ImageObject","inLanguage":"de","@id":"https:\/\/www.procarton.com\/es\/#\/schema\/logo\/image\/","url":"https:\/\/www.procarton.com\/wp-content\/uploads\/2022\/06\/logo-mit-slogan.jpg","contentUrl":"https:\/\/www.procarton.com\/wp-content\/uploads\/2022\/06\/logo-mit-slogan.jpg","width":422,"height":519,"caption":"ProCarton"},"image":{"@id":"https:\/\/www.procarton.com\/es\/#\/schema\/logo\/image\/"},"sameAs":["https:\/\/www.facebook.com\/procartondesignaward\/","https:\/\/x.com\/pro_carton"]},{"@type":"Person","@id":"https:\/\/www.procarton.com\/es\/#\/schema\/person\/872a075145d2c38578ff4eed7d481251","name":"esterling@admin","sameAs":["https:\/\/www.procarton.com"],"url":"https:\/\/www.procarton.com\/de\/author\/esterlingadmin\/"}]}},"_links":{"self":[{"href":"https:\/\/www.procarton.com\/de\/wp-json\/wp\/v2\/posts\/242361","targetHints":{"allow":["GET"]}}],"collection":[{"href":"https:\/\/www.procarton.com\/de\/wp-json\/wp\/v2\/posts"}],"about":[{"href":"https:\/\/www.procarton.com\/de\/wp-json\/wp\/v2\/types\/post"}],"author":[{"embeddable":true,"href":"https:\/\/www.procarton.com\/de\/wp-json\/wp\/v2\/users\/1"}],"replies":[{"embeddable":true,"href":"https:\/\/www.procarton.com\/de\/wp-json\/wp\/v2\/comments?post=242361"}],"version-history":[{"count":2,"href":"https:\/\/www.procarton.com\/de\/wp-json\/wp\/v2\/posts\/242361\/revisions"}],"predecessor-version":[{"id":292338,"href":"https:\/\/www.procarton.com\/de\/wp-json\/wp\/v2\/posts\/242361\/revisions\/292338"}],"wp:featuredmedia":[{"embeddable":true,"href":"https:\/\/www.procarton.com\/de\/wp-json\/wp\/v2\/media\/242362"}],"wp:attachment":[{"href":"https:\/\/www.procarton.com\/de\/wp-json\/wp\/v2\/media?parent=242361"}],"wp:term":[{"taxonomy":"category","embeddable":true,"href":"https:\/\/www.procarton.com\/de\/wp-json\/wp\/v2\/categories?post=242361"},{"taxonomy":"post_tag","embeddable":true,"href":"https:\/\/www.procarton.com\/de\/wp-json\/wp\/v2\/tags?post=242361"}],"curies":[{"name":"wp","href":"https:\/\/api.w.org\/{rel}","templated":true}]}}