{"id":242172,"date":"2016-05-04T00:00:00","date_gmt":"2016-05-03T23:00:00","guid":{"rendered":"https:\/\/www.procarton.com\/the-stars-of-packaging-design-enter-now\/"},"modified":"2021-11-05T18:31:50","modified_gmt":"2021-11-05T18:31:50","slug":"the-stars-of-packaging-design-enter-now","status":"publish","type":"post","link":"https:\/\/www.procarton.com\/de\/the-stars-of-packaging-design-enter-now\/","title":{"rendered":"Die Stars des Verpackungsdesigns: Jetzt mitmachen!"},"content":{"rendered":"<p><strong>Jahrein, jahraus wird die <a href=\"https:\/\/www.procarton.com\/awards\/pro-carton-ecma-award\/2016\/?lang=en\">Profi-Karton ECMA Award<\/a>\u00a0f\u00fcr Kartonverpackungen bringt frischen Wind in die Branche: mit beeindruckenden Innovationen und hervorragendem, nachhaltigem Design. Der erste paneurop\u00e4ische Verpackungswettbewerb f\u00fcr Kartonagen wurde im Sommer 1997 ausgeschrieben. Und seit 2004 wird der <a href=\"https:\/\/www.procarton.com\/awards\/pro-carton-young-designers-award\/2016\/?lang=en\">Pro Carton Young Designers Award<\/a>\u00a0hat unter jungen Designtalenten f\u00fcr Aufsehen gesorgt. Einsendeschluss f\u00fcr diese beiden Preise ist der 19. Mai 2016.<\/strong><\/p>\n<p>Seit die Pro Carton ECMA Awards vor 20 Jahren gegr\u00fcndet wurde, hat die Verpackung eine Revolution erlebt. Sie ist das Marketinginstrument Nummer eins geworden. W\u00e4hrend des Kauferlebnisses repr\u00e4sentiert sie das Produkt und seine Botschaft in allen Vertriebskan\u00e4len. Der Point of Sale befindet sich heute praktisch \u00fcberall, wo es ein mobiles Ger\u00e4t gibt. Der Eindruck, den die Verpackung im Regal, aber vor allem auf dem Bildschirm (\"Screen Impact\") erzeugt, hat oft den entscheidenden Einfluss auf die Kaufbereitschaft.<\/p>\n<p><strong>Die Stars von heute: die Galerie des Erfolgs<\/strong><br \/>\nDie Pro Carton ECMA Award steht seit 20 Jahren an der Spitze der Entwicklung und ist dabei auch sehr erfolgreich. Sie k\u00f6nnen die Entwicklung auf den Award-Seiten von <a href=\"https:\/\/www.procarton.com\/awards\/?lang=en\">www.procarton.com<\/a>\u00a0- eine fantastische Galerie erfolgreicher Verpackungen! Der Erfolg des Award ist auch das Ergebnis einer umfassenden <a href=\"https:\/\/www.procarton.com\/awards\/pro-carton-ecma-award\/2016\/marketing-2\/?lang=en\">PR- und Marketingpaket<\/a> die dem Award beiliegt.<\/p>\n<p>Die Mittel zur Herstellung guter Verpackungen haben sich seitdem vervielfacht. Die Technologie hat sich in den letzten Jahrzehnten sprunghaft weiterentwickelt. Die technischen, haptischen und grafischen M\u00f6glichkeiten f\u00fcr Verpackungen haben jedes Jahr drastisch zugenommen. Das Award unterst\u00fctzt die Verpackungsindustrie bei der Erweiterung des Know-hows. Es zeigt deutlich, dass Karton viel mehr kann als fr\u00fcher.<\/p>\n<p><strong>Die Stars von morgen: Soziale Medien und Wahlen<\/strong><br \/>\nUm den Stars von morgen eine Pr\u00e4sentationsplattform zu bieten, hat Pro Carton 2003\/2004 ein weiteres Award geschaffen: das <a href=\"https:\/\/www.procarton.com\/awards\/pro-carton-young-designers-award\/2016\/?lang=en\">Pro Carton Young Designers Award<\/a>\u00a0f\u00fcr junge, frische und noch nicht produzierte Konzepte. Hier k\u00f6nnen Studierende ihrer Fantasie freien Lauf lassen. Die ungew\u00f6hnlichen und oft \u00fcberraschenden L\u00f6sungen, die unter den Designern hei\u00df diskutiert werden, sind alle auf <a href=\"https:\/\/www.procarton.com\/awards\/?lang=en\">www.procarton.com<\/a>.<\/p>\n<p>Um der Ideendiskussion noch mehr Schwung zu verleihen, wird die Pro Carton Young Designers Award 2016 erstmals von einer <a href=\"https:\/\/www.procarton.com\/awards\/pro-carton-young-designers-award\/2016\/pro-carton-goes-social\/?lang=en\">Kampagne f\u00fcr soziale Medien<\/a>\u00a0auf allen wichtigen Kan\u00e4len: auf <a href=\"https:\/\/www.facebook.com\/procartondesignaward\" target=\"_blank\" rel=\"noopener\">Facebook, <\/a><a href=\"https:\/\/twitter.com\/Pro_Carton\" target=\"_blank\" rel=\"noopener\">Twitter, <\/a><a href=\"https:\/\/www.instagram.com\/pro_carton\/\" target=\"_blank\" rel=\"noopener\">Instagram <\/a>und <a href=\"https:\/\/www.pinterest.com\/procarton\/\" target=\"_blank\" rel=\"noopener\">Pinterest<\/a>. Pro Carton wird interessante Entw\u00fcrfe aus den vergangenen Jahren hochladen, um Diskussionen anzuregen und Informationen \u00fcber den aktuellen Wettbewerb zu liefern.<\/p>\n<p>Nach Ablauf der Einreichungsfrist beginnt das \u00f6ffentliche Voting: Neben der Entscheidung der Jury wird auch ein vom Publikum gew\u00e4hlter Gewinner auf www.procarton.com bekannt gegeben. Der Gewinner erh\u00e4lt ein iPad und eine Siegerurkunde. Ein iPad wird auch unter allen Teilnehmern verlost, die auf <a href=\"https:\/\/www.procarton.com\/awards\/pro-carton-young-designers-award\/2016\/pro-carton-goes-social\/?lang=en\">www.procarton.com<\/a>.<\/p>","protected":false},"excerpt":{"rendered":"<p>Jahr f\u00fcr Jahr bringt die Pro Carton ECMA Award f\u00fcr Kartonverpackungen frischen Wind in die Branche. Und seit 2004 sorgt der Pro Carton Young Designers Award bei jungen Designtalenten f\u00fcr Aufsehen.<\/p>","protected":false},"author":1,"featured_media":242173,"comment_status":"open","ping_status":"open","sticky":false,"template":"","format":"standard","meta":{"inline_featured_image":false,"footnotes":""},"categories":[42],"tags":[37],"class_list":["post-242172","post","type-post","status-publish","format-standard","has-post-thumbnail","hentry","category-awards","tag-events-fr"],"yoast_head":"<!-- This site is optimized with the Yoast SEO plugin v27.4 - https:\/\/yoast.com\/product\/yoast-seo-wordpress\/ -->\n<title>The stars of packaging design: enter now! - Pro Carton<\/title>\n<meta name=\"robots\" content=\"index, follow, max-snippet:-1, max-image-preview:large, max-video-preview:-1\" \/>\n<link rel=\"canonical\" href=\"http:\/\/www.procarton.com\/de\/the-stars-of-packaging-design-enter-now\/\" \/>\n<meta property=\"og:locale\" content=\"de_DE\" \/>\n<meta property=\"og:type\" content=\"article\" \/>\n<meta property=\"og:title\" content=\"The stars of packaging design: enter now! - Pro Carton\" \/>\n<meta property=\"og:description\" content=\"Year in, year out, the Pro Carton ECMA Award for carton packaging brings a fresh breeze to the industry. And since 2004, the Pro Carton Young Designers Award has caused quite a stir among young design talents.\" \/>\n<meta property=\"og:url\" content=\"http:\/\/www.procarton.com\/de\/the-stars-of-packaging-design-enter-now\/\" \/>\n<meta property=\"og:site_name\" content=\"Pro Carton\" \/>\n<meta property=\"article:publisher\" content=\"https:\/\/www.facebook.com\/procartondesignaward\/\" \/>\n<meta property=\"article:published_time\" content=\"2016-05-03T23:00:00+00:00\" \/>\n<meta property=\"article:modified_time\" content=\"2021-11-05T18:31:50+00:00\" \/>\n<meta property=\"og:image\" content=\"https:\/\/www.procarton.com\/wp-content\/uploads\/2021\/02\/award_logos_home.jpg\" \/>\n\t<meta property=\"og:image:width\" content=\"600\" \/>\n\t<meta property=\"og:image:height\" content=\"400\" \/>\n\t<meta property=\"og:image:type\" content=\"image\/jpeg\" \/>\n<meta name=\"author\" content=\"esterling@admin\" \/>\n<meta name=\"twitter:card\" content=\"summary_large_image\" \/>\n<meta name=\"twitter:creator\" content=\"@pro_carton\" \/>\n<meta name=\"twitter:site\" content=\"@pro_carton\" \/>\n<meta name=\"twitter:label1\" content=\"Verfasst von\" \/>\n\t<meta name=\"twitter:data1\" content=\"esterling@admin\" \/>\n\t<meta name=\"twitter:label2\" content=\"Gesch\u00e4tzte Lesezeit\" \/>\n\t<meta name=\"twitter:data2\" content=\"2\u00a0Minuten\" \/>\n<script type=\"application\/ld+json\" class=\"yoast-schema-graph\">{\"@context\":\"https:\\\/\\\/schema.org\",\"@graph\":[{\"@type\":\"Article\",\"@id\":\"http:\\\/\\\/www.procarton.com\\\/es\\\/the-stars-of-packaging-design-enter-now\\\/#article\",\"isPartOf\":{\"@id\":\"http:\\\/\\\/www.procarton.com\\\/es\\\/the-stars-of-packaging-design-enter-now\\\/\"},\"author\":{\"name\":\"esterling@admin\",\"@id\":\"https:\\\/\\\/www.procarton.com\\\/es\\\/#\\\/schema\\\/person\\\/872a075145d2c38578ff4eed7d481251\"},\"headline\":\"The stars of packaging design: enter now!\",\"datePublished\":\"2016-05-03T23:00:00+00:00\",\"dateModified\":\"2021-11-05T18:31:50+00:00\",\"mainEntityOfPage\":{\"@id\":\"http:\\\/\\\/www.procarton.com\\\/es\\\/the-stars-of-packaging-design-enter-now\\\/\"},\"wordCount\":464,\"commentCount\":0,\"publisher\":{\"@id\":\"https:\\\/\\\/www.procarton.com\\\/es\\\/#organization\"},\"image\":{\"@id\":\"http:\\\/\\\/www.procarton.com\\\/es\\\/the-stars-of-packaging-design-enter-now\\\/#primaryimage\"},\"thumbnailUrl\":\"https:\\\/\\\/www.procarton.com\\\/wp-content\\\/uploads\\\/2021\\\/02\\\/award_logos_home.jpg\",\"keywords\":[\"Events\"],\"articleSection\":[\"Awards\"],\"inLanguage\":\"de\",\"potentialAction\":[{\"@type\":\"CommentAction\",\"name\":\"Comment\",\"target\":[\"http:\\\/\\\/www.procarton.com\\\/es\\\/the-stars-of-packaging-design-enter-now\\\/#respond\"]}]},{\"@type\":\"WebPage\",\"@id\":\"http:\\\/\\\/www.procarton.com\\\/es\\\/the-stars-of-packaging-design-enter-now\\\/\",\"url\":\"http:\\\/\\\/www.procarton.com\\\/es\\\/the-stars-of-packaging-design-enter-now\\\/\",\"name\":\"The stars of packaging design: enter now! - Pro Carton\",\"isPartOf\":{\"@id\":\"https:\\\/\\\/www.procarton.com\\\/es\\\/#website\"},\"primaryImageOfPage\":{\"@id\":\"http:\\\/\\\/www.procarton.com\\\/es\\\/the-stars-of-packaging-design-enter-now\\\/#primaryimage\"},\"image\":{\"@id\":\"http:\\\/\\\/www.procarton.com\\\/es\\\/the-stars-of-packaging-design-enter-now\\\/#primaryimage\"},\"thumbnailUrl\":\"https:\\\/\\\/www.procarton.com\\\/wp-content\\\/uploads\\\/2021\\\/02\\\/award_logos_home.jpg\",\"datePublished\":\"2016-05-03T23:00:00+00:00\",\"dateModified\":\"2021-11-05T18:31:50+00:00\",\"breadcrumb\":{\"@id\":\"http:\\\/\\\/www.procarton.com\\\/es\\\/the-stars-of-packaging-design-enter-now\\\/#breadcrumb\"},\"inLanguage\":\"de\",\"potentialAction\":[{\"@type\":\"ReadAction\",\"target\":[\"http:\\\/\\\/www.procarton.com\\\/es\\\/the-stars-of-packaging-design-enter-now\\\/\"]}]},{\"@type\":\"ImageObject\",\"inLanguage\":\"de\",\"@id\":\"http:\\\/\\\/www.procarton.com\\\/es\\\/the-stars-of-packaging-design-enter-now\\\/#primaryimage\",\"url\":\"https:\\\/\\\/www.procarton.com\\\/wp-content\\\/uploads\\\/2021\\\/02\\\/award_logos_home.jpg\",\"contentUrl\":\"https:\\\/\\\/www.procarton.com\\\/wp-content\\\/uploads\\\/2021\\\/02\\\/award_logos_home.jpg\",\"width\":600,\"height\":400},{\"@type\":\"BreadcrumbList\",\"@id\":\"http:\\\/\\\/www.procarton.com\\\/es\\\/the-stars-of-packaging-design-enter-now\\\/#breadcrumb\",\"itemListElement\":[{\"@type\":\"ListItem\",\"position\":1,\"name\":\"Home\",\"item\":\"https:\\\/\\\/www.procarton.com\\\/\"},{\"@type\":\"ListItem\",\"position\":2,\"name\":\"The stars of packaging design: enter now!\"}]},{\"@type\":\"WebSite\",\"@id\":\"https:\\\/\\\/www.procarton.com\\\/es\\\/#website\",\"url\":\"https:\\\/\\\/www.procarton.com\\\/es\\\/\",\"name\":\"Pro Carton\",\"description\":\"\",\"publisher\":{\"@id\":\"https:\\\/\\\/www.procarton.com\\\/es\\\/#organization\"},\"potentialAction\":[{\"@type\":\"SearchAction\",\"target\":{\"@type\":\"EntryPoint\",\"urlTemplate\":\"https:\\\/\\\/www.procarton.com\\\/es\\\/?s={search_term_string}\"},\"query-input\":{\"@type\":\"PropertyValueSpecification\",\"valueRequired\":true,\"valueName\":\"search_term_string\"}}],\"inLanguage\":\"de\"},{\"@type\":\"Organization\",\"@id\":\"https:\\\/\\\/www.procarton.com\\\/es\\\/#organization\",\"name\":\"ProCarton\",\"url\":\"https:\\\/\\\/www.procarton.com\\\/es\\\/\",\"logo\":{\"@type\":\"ImageObject\",\"inLanguage\":\"de\",\"@id\":\"https:\\\/\\\/www.procarton.com\\\/es\\\/#\\\/schema\\\/logo\\\/image\\\/\",\"url\":\"https:\\\/\\\/www.procarton.com\\\/wp-content\\\/uploads\\\/2022\\\/06\\\/logo-mit-slogan.jpg\",\"contentUrl\":\"https:\\\/\\\/www.procarton.com\\\/wp-content\\\/uploads\\\/2022\\\/06\\\/logo-mit-slogan.jpg\",\"width\":422,\"height\":519,\"caption\":\"ProCarton\"},\"image\":{\"@id\":\"https:\\\/\\\/www.procarton.com\\\/es\\\/#\\\/schema\\\/logo\\\/image\\\/\"},\"sameAs\":[\"https:\\\/\\\/www.facebook.com\\\/procartondesignaward\\\/\",\"https:\\\/\\\/x.com\\\/pro_carton\"]},{\"@type\":\"Person\",\"@id\":\"https:\\\/\\\/www.procarton.com\\\/es\\\/#\\\/schema\\\/person\\\/872a075145d2c38578ff4eed7d481251\",\"name\":\"esterling@admin\",\"sameAs\":[\"https:\\\/\\\/www.procarton.com\"],\"url\":\"https:\\\/\\\/www.procarton.com\\\/de\\\/author\\\/esterlingadmin\\\/\"}]}<\/script>\n<!-- \/ Yoast SEO plugin. -->","yoast_head_json":{"title":"Die Stars des Verpackungsdesigns: Jetzt mitmachen! - Pro Karton","robots":{"index":"index","follow":"follow","max-snippet":"max-snippet:-1","max-image-preview":"max-image-preview:large","max-video-preview":"max-video-preview:-1"},"canonical":"http:\/\/www.procarton.com\/de\/the-stars-of-packaging-design-enter-now\/","og_locale":"de_DE","og_type":"article","og_title":"The stars of packaging design: enter now! - Pro Carton","og_description":"Year in, year out, the Pro Carton ECMA Award for carton packaging brings a fresh breeze to the industry. And since 2004, the Pro Carton Young Designers Award has caused quite a stir among young design talents.","og_url":"http:\/\/www.procarton.com\/de\/the-stars-of-packaging-design-enter-now\/","og_site_name":"Pro Carton","article_publisher":"https:\/\/www.facebook.com\/procartondesignaward\/","article_published_time":"2016-05-03T23:00:00+00:00","article_modified_time":"2021-11-05T18:31:50+00:00","og_image":[{"width":600,"height":400,"url":"https:\/\/www.procarton.com\/wp-content\/uploads\/2021\/02\/award_logos_home.jpg","type":"image\/jpeg"}],"author":"esterling@admin","twitter_card":"summary_large_image","twitter_creator":"@pro_carton","twitter_site":"@pro_carton","twitter_misc":{"Verfasst von":"esterling@admin","Gesch\u00e4tzte Lesezeit":"2\u00a0Minuten"},"schema":{"@context":"https:\/\/schema.org","@graph":[{"@type":"Article","@id":"http:\/\/www.procarton.com\/es\/the-stars-of-packaging-design-enter-now\/#article","isPartOf":{"@id":"http:\/\/www.procarton.com\/es\/the-stars-of-packaging-design-enter-now\/"},"author":{"name":"esterling@admin","@id":"https:\/\/www.procarton.com\/es\/#\/schema\/person\/872a075145d2c38578ff4eed7d481251"},"headline":"The stars of packaging design: enter now!","datePublished":"2016-05-03T23:00:00+00:00","dateModified":"2021-11-05T18:31:50+00:00","mainEntityOfPage":{"@id":"http:\/\/www.procarton.com\/es\/the-stars-of-packaging-design-enter-now\/"},"wordCount":464,"commentCount":0,"publisher":{"@id":"https:\/\/www.procarton.com\/es\/#organization"},"image":{"@id":"http:\/\/www.procarton.com\/es\/the-stars-of-packaging-design-enter-now\/#primaryimage"},"thumbnailUrl":"https:\/\/www.procarton.com\/wp-content\/uploads\/2021\/02\/award_logos_home.jpg","keywords":["Events"],"articleSection":["Awards"],"inLanguage":"de","potentialAction":[{"@type":"CommentAction","name":"Comment","target":["http:\/\/www.procarton.com\/es\/the-stars-of-packaging-design-enter-now\/#respond"]}]},{"@type":"WebPage","@id":"http:\/\/www.procarton.com\/es\/the-stars-of-packaging-design-enter-now\/","url":"http:\/\/www.procarton.com\/es\/the-stars-of-packaging-design-enter-now\/","name":"Die Stars des Verpackungsdesigns: Jetzt mitmachen! - Pro Karton","isPartOf":{"@id":"https:\/\/www.procarton.com\/es\/#website"},"primaryImageOfPage":{"@id":"http:\/\/www.procarton.com\/es\/the-stars-of-packaging-design-enter-now\/#primaryimage"},"image":{"@id":"http:\/\/www.procarton.com\/es\/the-stars-of-packaging-design-enter-now\/#primaryimage"},"thumbnailUrl":"https:\/\/www.procarton.com\/wp-content\/uploads\/2021\/02\/award_logos_home.jpg","datePublished":"2016-05-03T23:00:00+00:00","dateModified":"2021-11-05T18:31:50+00:00","breadcrumb":{"@id":"http:\/\/www.procarton.com\/es\/the-stars-of-packaging-design-enter-now\/#breadcrumb"},"inLanguage":"de","potentialAction":[{"@type":"ReadAction","target":["http:\/\/www.procarton.com\/es\/the-stars-of-packaging-design-enter-now\/"]}]},{"@type":"ImageObject","inLanguage":"de","@id":"http:\/\/www.procarton.com\/es\/the-stars-of-packaging-design-enter-now\/#primaryimage","url":"https:\/\/www.procarton.com\/wp-content\/uploads\/2021\/02\/award_logos_home.jpg","contentUrl":"https:\/\/www.procarton.com\/wp-content\/uploads\/2021\/02\/award_logos_home.jpg","width":600,"height":400},{"@type":"BreadcrumbList","@id":"http:\/\/www.procarton.com\/es\/the-stars-of-packaging-design-enter-now\/#breadcrumb","itemListElement":[{"@type":"ListItem","position":1,"name":"Home","item":"https:\/\/www.procarton.com\/"},{"@type":"ListItem","position":2,"name":"The stars of packaging design: enter now!"}]},{"@type":"WebSite","@id":"https:\/\/www.procarton.com\/es\/#website","url":"https:\/\/www.procarton.com\/es\/","name":"Pro Carton","description":"","publisher":{"@id":"https:\/\/www.procarton.com\/es\/#organization"},"potentialAction":[{"@type":"SearchAction","target":{"@type":"EntryPoint","urlTemplate":"https:\/\/www.procarton.com\/es\/?s={search_term_string}"},"query-input":{"@type":"PropertyValueSpecification","valueRequired":true,"valueName":"search_term_string"}}],"inLanguage":"de"},{"@type":"Organization","@id":"https:\/\/www.procarton.com\/es\/#organization","name":"ProCarton","url":"https:\/\/www.procarton.com\/es\/","logo":{"@type":"ImageObject","inLanguage":"de","@id":"https:\/\/www.procarton.com\/es\/#\/schema\/logo\/image\/","url":"https:\/\/www.procarton.com\/wp-content\/uploads\/2022\/06\/logo-mit-slogan.jpg","contentUrl":"https:\/\/www.procarton.com\/wp-content\/uploads\/2022\/06\/logo-mit-slogan.jpg","width":422,"height":519,"caption":"ProCarton"},"image":{"@id":"https:\/\/www.procarton.com\/es\/#\/schema\/logo\/image\/"},"sameAs":["https:\/\/www.facebook.com\/procartondesignaward\/","https:\/\/x.com\/pro_carton"]},{"@type":"Person","@id":"https:\/\/www.procarton.com\/es\/#\/schema\/person\/872a075145d2c38578ff4eed7d481251","name":"esterling@admin","sameAs":["https:\/\/www.procarton.com"],"url":"https:\/\/www.procarton.com\/de\/author\/esterlingadmin\/"}]}},"_links":{"self":[{"href":"https:\/\/www.procarton.com\/de\/wp-json\/wp\/v2\/posts\/242172","targetHints":{"allow":["GET"]}}],"collection":[{"href":"https:\/\/www.procarton.com\/de\/wp-json\/wp\/v2\/posts"}],"about":[{"href":"https:\/\/www.procarton.com\/de\/wp-json\/wp\/v2\/types\/post"}],"author":[{"embeddable":true,"href":"https:\/\/www.procarton.com\/de\/wp-json\/wp\/v2\/users\/1"}],"replies":[{"embeddable":true,"href":"https:\/\/www.procarton.com\/de\/wp-json\/wp\/v2\/comments?post=242172"}],"version-history":[{"count":1,"href":"https:\/\/www.procarton.com\/de\/wp-json\/wp\/v2\/posts\/242172\/revisions"}],"predecessor-version":[{"id":265916,"href":"https:\/\/www.procarton.com\/de\/wp-json\/wp\/v2\/posts\/242172\/revisions\/265916"}],"wp:featuredmedia":[{"embeddable":true,"href":"https:\/\/www.procarton.com\/de\/wp-json\/wp\/v2\/media\/242173"}],"wp:attachment":[{"href":"https:\/\/www.procarton.com\/de\/wp-json\/wp\/v2\/media?parent=242172"}],"wp:term":[{"taxonomy":"category","embeddable":true,"href":"https:\/\/www.procarton.com\/de\/wp-json\/wp\/v2\/categories?post=242172"},{"taxonomy":"post_tag","embeddable":true,"href":"https:\/\/www.procarton.com\/de\/wp-json\/wp\/v2\/tags?post=242172"}],"curies":[{"name":"wp","href":"https:\/\/api.w.org\/{rel}","templated":true}]}}