{"id":242111,"date":"2015-01-27T00:00:00","date_gmt":"2015-01-27T00:00:00","guid":{"rendered":"https:\/\/www.procarton.com\/new-call-for-entries-to-the-pro-carton-ecma-award-2015\/"},"modified":"2021-11-07T16:01:42","modified_gmt":"2021-11-07T16:01:42","slug":"new-call-for-entries-to-the-pro-carton-ecma-award-2015","status":"publish","type":"post","link":"https:\/\/www.procarton.com\/de\/new-call-for-entries-to-the-pro-carton-ecma-award-2015\/","title":{"rendered":"NEU: AUFRUF ZUR EINREICHUNG F\u00dcR DEN PRO CARTON ECMA AWARD 2015"},"content":{"rendered":"<p><strong>Die Ausschreibung f\u00fcr Europas f\u00fchrenden Preis f\u00fcr Kartonverpackungen ist ab sofort ge\u00f6ffnet. Alle Partner in der Supply Chain - Karton- und Faltschachtelindustrie, sowie Designer, Markeninhaber und der Handel sind herzlich eingeladen, sich zu beteiligen: unter www.procarton.com, Einsendeschluss ist der 21. Mai 2015.<\/strong><\/p>\n<p>Die besten Kartonverpackungen in Europa werden auf der Pro Carton ECMA Award pr\u00e4sentiert. Der Wettbewerb findet 2015 bereits zum 19. Mal statt und repr\u00e4sentiert die attraktivsten und erfolgreichsten neuen Kartons, die auf den Markt gekommen sind. Die Presseberichterstattung best\u00e4tigt: das Echo w\u00e4chst von Jahr zu Jahr. Die herausragenden Gewinner und Finalisten des Award 2014 und davor k\u00f6nnen unter www.procarton.com eingesehen werden.<\/p>\n<p>In der Jury sind alle Bereiche der Verpackungslieferkette vertreten. Entsprechend der wachsenden Bedeutung des Award wurde die Jury auf f\u00fcnf Mitglieder erweitert: Neben dem Vorsitzenden Satkar Gidda (SiebertHead, Marketing &amp; Design) und den Juroren Stan Akkermans (Mars) und Wilfried Duivenvoorden (Unilever) geh\u00f6ren in diesem Jahr Lotte Krekels, Packaging Manager bei Carrefour Belgien, sowie Suzanne Lippitsch, Verpackungsdesignerin aus Wien, zur Jury. Peter Klein Sprokkelhorst steht der Jury weiterhin beratend zur Seite.<\/p>\n<p>In diesem Jahr gibt es zwei Neuerungen: Aufgrund des wachsenden Produktsegments hei\u00dft die Kategorie \"Pharmaceuticals\" nun \"Health Care &amp; Pharmaceuticals\". Und die Konzepte der Kategorie \"Shelf Ready Packaging\" k\u00f6nnen ab sofort direkt in den einzelnen Kategorien eingereicht werden.<\/p>\n<p>Die Teilnahme zahlt sich f\u00fcr alle Partner der Packaging Supply Chain aus. Ein umfangreiches PR- und Marketingpaket sorgt daf\u00fcr, dass zahlreiche europ\u00e4ische Medien \u00fcber die Preistr\u00e4ger und Finalisten berichten und die Markenartikelindustrie und den Handel \u00fcber neue M\u00f6glichkeiten im Verpackungsdesign informieren:<\/p>\n<ul>\n<li>Bekanntgabe der Finalisten auf www.procarton.com im August 2015<\/li>\n<li>Award-Zeremonie auf der Award-Gala des ECMA-Kongresses am 10. September 2015 in Bukarest<\/li>\n<li>Druckfertige Bilder aller Beitr\u00e4ge f\u00fcr die Presse<\/li>\n<li>Videos der Jurysitzungen f\u00fcr jede Kategorie<\/li>\n<li>E-News an \u00fcber 12.000 Kontakte in Europa: Markeninhaber, Einzelh\u00e4ndler und Designer<\/li>\n<li>Pressemitteilungen an alle wichtigen Medien der Verpackungslieferkette in ganz Europa<\/li>\n<li>Ver\u00f6ffentlichung auf den Websites www.procarton.com,www.ecma.org<\/li>\n<li>Award-Brosch\u00fcre mit allen Preistr\u00e4gern, Finalisten und Beitr\u00e4gen, gedruckt in englischer Sprache (alle Preistr\u00e4ger mit Erfolgsgeschichte und Kommentaren der Jury, alle Finalisten mit einer kurzen Beschreibung)<\/li>\n<li>Ver\u00f6ffentlichung aller Nachrichten und der Award-Brosch\u00fcre auf www.procarton.com in f\u00fcnf Sprachen: Englisch, Franz\u00f6sisch, Italienisch, Deutsch und Spanisch<\/li>\n<li>Awards f\u00fcr die Gewinner und Urkunden f\u00fcr die Finalisten<\/li>\n<li>Roadshow mit den Gewinnerkartons auf Messen, Kongressen, Veranstaltungen usw. in ganz Europa<\/li>\n<\/ul>\n<p>Die umfassende Award-Brosch\u00fcre enth\u00e4lt nicht nur alle relevanten Informationen zu den Best-Practice-Beispielen der Gewinner und Finalisten, sondern auch die Erfolgsgeschichten hinter der Entstehung der besten Verpackungen. Die preisgekr\u00f6nten Verpackungen touren auch durch die gro\u00dfen Verpackungsmessen in Europa.<\/p>\n<p><em>Aufruf zur Einreichung von Beitr\u00e4gen (PDF) und Online-Einreichung unter <a href=\"https:\/\/www.procarton.com\/awards\/pro-carton-ecma-award\/2015\/entry-form\/\">www.procarton.com<\/a><\/em><br \/>\n<em> Zur sofortigen Einreichung<\/em><br \/>\n<em> Einsendeschluss 21. Mai 2015<\/em><br \/>\n<em> Bekanntgabe der Finalisten August 2015 auf www.procarton.com<\/em><br \/>\n<em> Preisverleihung auf der Award-Gala des ECMA-Kongresses in Bukarest, 10. September 2015<\/em><\/p>","protected":false},"excerpt":{"rendered":"<p>Die Ausschreibung f\u00fcr Europas f\u00fchrenden Preis f\u00fcr Kartonverpackungen ist ab sofort ge\u00f6ffnet.<\/p>","protected":false},"author":1,"featured_media":242112,"comment_status":"open","ping_status":"open","sticky":false,"template":"","format":"standard","meta":{"inline_featured_image":false,"footnotes":""},"categories":[42],"tags":[37],"class_list":["post-242111","post","type-post","status-publish","format-standard","has-post-thumbnail","hentry","category-awards","tag-events-fr"],"yoast_head":"<!-- This site is optimized with the Yoast SEO plugin v27.4 - https:\/\/yoast.com\/product\/yoast-seo-wordpress\/ -->\n<title>NEW: CALL FOR ENTRIES TO THE PRO CARTON ECMA AWARD 2015 - Pro Carton<\/title>\n<meta name=\"robots\" content=\"index, follow, max-snippet:-1, max-image-preview:large, max-video-preview:-1\" \/>\n<link rel=\"canonical\" href=\"https:\/\/www.procarton.com\/de\/new-call-for-entries-to-the-pro-carton-ecma-award-2015\/\" \/>\n<meta property=\"og:locale\" content=\"de_DE\" \/>\n<meta property=\"og:type\" content=\"article\" \/>\n<meta property=\"og:title\" content=\"NEW: CALL FOR ENTRIES TO THE PRO CARTON ECMA AWARD 2015 - Pro Carton\" \/>\n<meta property=\"og:description\" content=\"The call for entries to Europe&#039;s leading award for cartonboard packaging has opened as of now.\" \/>\n<meta property=\"og:url\" content=\"https:\/\/www.procarton.com\/de\/new-call-for-entries-to-the-pro-carton-ecma-award-2015\/\" \/>\n<meta property=\"og:site_name\" content=\"Pro Carton\" \/>\n<meta property=\"article:publisher\" content=\"https:\/\/www.facebook.com\/procartondesignaward\/\" \/>\n<meta property=\"article:published_time\" content=\"2015-01-27T00:00:00+00:00\" \/>\n<meta property=\"article:modified_time\" content=\"2021-11-07T16:01:42+00:00\" \/>\n<meta property=\"og:image\" content=\"https:\/\/www.procarton.com\/wp-content\/uploads\/2021\/02\/Pro-Carton-ECMA-AWARD-2015_k.jpg\" \/>\n\t<meta property=\"og:image:width\" content=\"600\" \/>\n\t<meta property=\"og:image:height\" content=\"400\" \/>\n\t<meta property=\"og:image:type\" content=\"image\/jpeg\" \/>\n<meta name=\"author\" content=\"esterling@admin\" \/>\n<meta name=\"twitter:card\" content=\"summary_large_image\" \/>\n<meta name=\"twitter:creator\" content=\"@pro_carton\" \/>\n<meta name=\"twitter:site\" content=\"@pro_carton\" \/>\n<meta name=\"twitter:label1\" content=\"Verfasst von\" \/>\n\t<meta name=\"twitter:data1\" content=\"esterling@admin\" \/>\n\t<meta name=\"twitter:label2\" content=\"Gesch\u00e4tzte Lesezeit\" \/>\n\t<meta name=\"twitter:data2\" content=\"3\u00a0Minuten\" \/>\n<script type=\"application\/ld+json\" class=\"yoast-schema-graph\">{\"@context\":\"https:\\\/\\\/schema.org\",\"@graph\":[{\"@type\":\"Article\",\"@id\":\"https:\\\/\\\/www.procarton.com\\\/es\\\/new-call-for-entries-to-the-pro-carton-ecma-award-2015\\\/#article\",\"isPartOf\":{\"@id\":\"https:\\\/\\\/www.procarton.com\\\/es\\\/new-call-for-entries-to-the-pro-carton-ecma-award-2015\\\/\"},\"author\":{\"name\":\"esterling@admin\",\"@id\":\"https:\\\/\\\/www.procarton.com\\\/es\\\/#\\\/schema\\\/person\\\/872a075145d2c38578ff4eed7d481251\"},\"headline\":\"NEW: CALL FOR ENTRIES TO THE PRO CARTON ECMA AWARD 2015\",\"datePublished\":\"2015-01-27T00:00:00+00:00\",\"dateModified\":\"2021-11-07T16:01:42+00:00\",\"mainEntityOfPage\":{\"@id\":\"https:\\\/\\\/www.procarton.com\\\/es\\\/new-call-for-entries-to-the-pro-carton-ecma-award-2015\\\/\"},\"wordCount\":517,\"commentCount\":0,\"publisher\":{\"@id\":\"https:\\\/\\\/www.procarton.com\\\/es\\\/#organization\"},\"image\":{\"@id\":\"https:\\\/\\\/www.procarton.com\\\/es\\\/new-call-for-entries-to-the-pro-carton-ecma-award-2015\\\/#primaryimage\"},\"thumbnailUrl\":\"https:\\\/\\\/www.procarton.com\\\/wp-content\\\/uploads\\\/2021\\\/02\\\/Pro-Carton-ECMA-AWARD-2015_k.jpg\",\"keywords\":[\"Events\"],\"articleSection\":[\"Awards\"],\"inLanguage\":\"de\",\"potentialAction\":[{\"@type\":\"CommentAction\",\"name\":\"Comment\",\"target\":[\"https:\\\/\\\/www.procarton.com\\\/es\\\/new-call-for-entries-to-the-pro-carton-ecma-award-2015\\\/#respond\"]}]},{\"@type\":\"WebPage\",\"@id\":\"https:\\\/\\\/www.procarton.com\\\/es\\\/new-call-for-entries-to-the-pro-carton-ecma-award-2015\\\/\",\"url\":\"https:\\\/\\\/www.procarton.com\\\/es\\\/new-call-for-entries-to-the-pro-carton-ecma-award-2015\\\/\",\"name\":\"NEW: CALL FOR ENTRIES TO THE PRO CARTON ECMA AWARD 2015 - Pro Carton\",\"isPartOf\":{\"@id\":\"https:\\\/\\\/www.procarton.com\\\/es\\\/#website\"},\"primaryImageOfPage\":{\"@id\":\"https:\\\/\\\/www.procarton.com\\\/es\\\/new-call-for-entries-to-the-pro-carton-ecma-award-2015\\\/#primaryimage\"},\"image\":{\"@id\":\"https:\\\/\\\/www.procarton.com\\\/es\\\/new-call-for-entries-to-the-pro-carton-ecma-award-2015\\\/#primaryimage\"},\"thumbnailUrl\":\"https:\\\/\\\/www.procarton.com\\\/wp-content\\\/uploads\\\/2021\\\/02\\\/Pro-Carton-ECMA-AWARD-2015_k.jpg\",\"datePublished\":\"2015-01-27T00:00:00+00:00\",\"dateModified\":\"2021-11-07T16:01:42+00:00\",\"breadcrumb\":{\"@id\":\"https:\\\/\\\/www.procarton.com\\\/es\\\/new-call-for-entries-to-the-pro-carton-ecma-award-2015\\\/#breadcrumb\"},\"inLanguage\":\"de\",\"potentialAction\":[{\"@type\":\"ReadAction\",\"target\":[\"https:\\\/\\\/www.procarton.com\\\/es\\\/new-call-for-entries-to-the-pro-carton-ecma-award-2015\\\/\"]}]},{\"@type\":\"ImageObject\",\"inLanguage\":\"de\",\"@id\":\"https:\\\/\\\/www.procarton.com\\\/es\\\/new-call-for-entries-to-the-pro-carton-ecma-award-2015\\\/#primaryimage\",\"url\":\"https:\\\/\\\/www.procarton.com\\\/wp-content\\\/uploads\\\/2021\\\/02\\\/Pro-Carton-ECMA-AWARD-2015_k.jpg\",\"contentUrl\":\"https:\\\/\\\/www.procarton.com\\\/wp-content\\\/uploads\\\/2021\\\/02\\\/Pro-Carton-ECMA-AWARD-2015_k.jpg\",\"width\":600,\"height\":400},{\"@type\":\"BreadcrumbList\",\"@id\":\"https:\\\/\\\/www.procarton.com\\\/es\\\/new-call-for-entries-to-the-pro-carton-ecma-award-2015\\\/#breadcrumb\",\"itemListElement\":[{\"@type\":\"ListItem\",\"position\":1,\"name\":\"Home\",\"item\":\"https:\\\/\\\/www.procarton.com\\\/\"},{\"@type\":\"ListItem\",\"position\":2,\"name\":\"NEW: CALL FOR ENTRIES TO THE PRO CARTON ECMA AWARD 2015\"}]},{\"@type\":\"WebSite\",\"@id\":\"https:\\\/\\\/www.procarton.com\\\/es\\\/#website\",\"url\":\"https:\\\/\\\/www.procarton.com\\\/es\\\/\",\"name\":\"Pro Carton\",\"description\":\"\",\"publisher\":{\"@id\":\"https:\\\/\\\/www.procarton.com\\\/es\\\/#organization\"},\"potentialAction\":[{\"@type\":\"SearchAction\",\"target\":{\"@type\":\"EntryPoint\",\"urlTemplate\":\"https:\\\/\\\/www.procarton.com\\\/es\\\/?s={search_term_string}\"},\"query-input\":{\"@type\":\"PropertyValueSpecification\",\"valueRequired\":true,\"valueName\":\"search_term_string\"}}],\"inLanguage\":\"de\"},{\"@type\":\"Organization\",\"@id\":\"https:\\\/\\\/www.procarton.com\\\/es\\\/#organization\",\"name\":\"ProCarton\",\"url\":\"https:\\\/\\\/www.procarton.com\\\/es\\\/\",\"logo\":{\"@type\":\"ImageObject\",\"inLanguage\":\"de\",\"@id\":\"https:\\\/\\\/www.procarton.com\\\/es\\\/#\\\/schema\\\/logo\\\/image\\\/\",\"url\":\"https:\\\/\\\/www.procarton.com\\\/wp-content\\\/uploads\\\/2022\\\/06\\\/logo-mit-slogan.jpg\",\"contentUrl\":\"https:\\\/\\\/www.procarton.com\\\/wp-content\\\/uploads\\\/2022\\\/06\\\/logo-mit-slogan.jpg\",\"width\":422,\"height\":519,\"caption\":\"ProCarton\"},\"image\":{\"@id\":\"https:\\\/\\\/www.procarton.com\\\/es\\\/#\\\/schema\\\/logo\\\/image\\\/\"},\"sameAs\":[\"https:\\\/\\\/www.facebook.com\\\/procartondesignaward\\\/\",\"https:\\\/\\\/x.com\\\/pro_carton\"]},{\"@type\":\"Person\",\"@id\":\"https:\\\/\\\/www.procarton.com\\\/es\\\/#\\\/schema\\\/person\\\/872a075145d2c38578ff4eed7d481251\",\"name\":\"esterling@admin\",\"sameAs\":[\"https:\\\/\\\/www.procarton.com\"],\"url\":\"https:\\\/\\\/www.procarton.com\\\/de\\\/author\\\/esterlingadmin\\\/\"}]}<\/script>\n<!-- \/ Yoast SEO plugin. -->","yoast_head_json":{"title":"NEU: AUFRUF ZUR EINREICHUNG DES PRO CARTON ECMA AWARD 2015 - Pro Carton","robots":{"index":"index","follow":"follow","max-snippet":"max-snippet:-1","max-image-preview":"max-image-preview:large","max-video-preview":"max-video-preview:-1"},"canonical":"https:\/\/www.procarton.com\/de\/new-call-for-entries-to-the-pro-carton-ecma-award-2015\/","og_locale":"de_DE","og_type":"article","og_title":"NEW: CALL FOR ENTRIES TO THE PRO CARTON ECMA AWARD 2015 - Pro Carton","og_description":"The call for entries to Europe's leading award for cartonboard packaging has opened as of now.","og_url":"https:\/\/www.procarton.com\/de\/new-call-for-entries-to-the-pro-carton-ecma-award-2015\/","og_site_name":"Pro Carton","article_publisher":"https:\/\/www.facebook.com\/procartondesignaward\/","article_published_time":"2015-01-27T00:00:00+00:00","article_modified_time":"2021-11-07T16:01:42+00:00","og_image":[{"width":600,"height":400,"url":"https:\/\/www.procarton.com\/wp-content\/uploads\/2021\/02\/Pro-Carton-ECMA-AWARD-2015_k.jpg","type":"image\/jpeg"}],"author":"esterling@admin","twitter_card":"summary_large_image","twitter_creator":"@pro_carton","twitter_site":"@pro_carton","twitter_misc":{"Verfasst von":"esterling@admin","Gesch\u00e4tzte Lesezeit":"3\u00a0Minuten"},"schema":{"@context":"https:\/\/schema.org","@graph":[{"@type":"Article","@id":"https:\/\/www.procarton.com\/es\/new-call-for-entries-to-the-pro-carton-ecma-award-2015\/#article","isPartOf":{"@id":"https:\/\/www.procarton.com\/es\/new-call-for-entries-to-the-pro-carton-ecma-award-2015\/"},"author":{"name":"esterling@admin","@id":"https:\/\/www.procarton.com\/es\/#\/schema\/person\/872a075145d2c38578ff4eed7d481251"},"headline":"NEW: CALL FOR ENTRIES TO THE PRO CARTON ECMA AWARD 2015","datePublished":"2015-01-27T00:00:00+00:00","dateModified":"2021-11-07T16:01:42+00:00","mainEntityOfPage":{"@id":"https:\/\/www.procarton.com\/es\/new-call-for-entries-to-the-pro-carton-ecma-award-2015\/"},"wordCount":517,"commentCount":0,"publisher":{"@id":"https:\/\/www.procarton.com\/es\/#organization"},"image":{"@id":"https:\/\/www.procarton.com\/es\/new-call-for-entries-to-the-pro-carton-ecma-award-2015\/#primaryimage"},"thumbnailUrl":"https:\/\/www.procarton.com\/wp-content\/uploads\/2021\/02\/Pro-Carton-ECMA-AWARD-2015_k.jpg","keywords":["Events"],"articleSection":["Awards"],"inLanguage":"de","potentialAction":[{"@type":"CommentAction","name":"Comment","target":["https:\/\/www.procarton.com\/es\/new-call-for-entries-to-the-pro-carton-ecma-award-2015\/#respond"]}]},{"@type":"WebPage","@id":"https:\/\/www.procarton.com\/es\/new-call-for-entries-to-the-pro-carton-ecma-award-2015\/","url":"https:\/\/www.procarton.com\/es\/new-call-for-entries-to-the-pro-carton-ecma-award-2015\/","name":"NEU: AUFRUF ZUR EINREICHUNG DES PRO CARTON ECMA AWARD 2015 - Pro Carton","isPartOf":{"@id":"https:\/\/www.procarton.com\/es\/#website"},"primaryImageOfPage":{"@id":"https:\/\/www.procarton.com\/es\/new-call-for-entries-to-the-pro-carton-ecma-award-2015\/#primaryimage"},"image":{"@id":"https:\/\/www.procarton.com\/es\/new-call-for-entries-to-the-pro-carton-ecma-award-2015\/#primaryimage"},"thumbnailUrl":"https:\/\/www.procarton.com\/wp-content\/uploads\/2021\/02\/Pro-Carton-ECMA-AWARD-2015_k.jpg","datePublished":"2015-01-27T00:00:00+00:00","dateModified":"2021-11-07T16:01:42+00:00","breadcrumb":{"@id":"https:\/\/www.procarton.com\/es\/new-call-for-entries-to-the-pro-carton-ecma-award-2015\/#breadcrumb"},"inLanguage":"de","potentialAction":[{"@type":"ReadAction","target":["https:\/\/www.procarton.com\/es\/new-call-for-entries-to-the-pro-carton-ecma-award-2015\/"]}]},{"@type":"ImageObject","inLanguage":"de","@id":"https:\/\/www.procarton.com\/es\/new-call-for-entries-to-the-pro-carton-ecma-award-2015\/#primaryimage","url":"https:\/\/www.procarton.com\/wp-content\/uploads\/2021\/02\/Pro-Carton-ECMA-AWARD-2015_k.jpg","contentUrl":"https:\/\/www.procarton.com\/wp-content\/uploads\/2021\/02\/Pro-Carton-ECMA-AWARD-2015_k.jpg","width":600,"height":400},{"@type":"BreadcrumbList","@id":"https:\/\/www.procarton.com\/es\/new-call-for-entries-to-the-pro-carton-ecma-award-2015\/#breadcrumb","itemListElement":[{"@type":"ListItem","position":1,"name":"Home","item":"https:\/\/www.procarton.com\/"},{"@type":"ListItem","position":2,"name":"NEW: CALL FOR ENTRIES TO THE PRO CARTON ECMA AWARD 2015"}]},{"@type":"WebSite","@id":"https:\/\/www.procarton.com\/es\/#website","url":"https:\/\/www.procarton.com\/es\/","name":"Pro Carton","description":"","publisher":{"@id":"https:\/\/www.procarton.com\/es\/#organization"},"potentialAction":[{"@type":"SearchAction","target":{"@type":"EntryPoint","urlTemplate":"https:\/\/www.procarton.com\/es\/?s={search_term_string}"},"query-input":{"@type":"PropertyValueSpecification","valueRequired":true,"valueName":"search_term_string"}}],"inLanguage":"de"},{"@type":"Organization","@id":"https:\/\/www.procarton.com\/es\/#organization","name":"ProCarton","url":"https:\/\/www.procarton.com\/es\/","logo":{"@type":"ImageObject","inLanguage":"de","@id":"https:\/\/www.procarton.com\/es\/#\/schema\/logo\/image\/","url":"https:\/\/www.procarton.com\/wp-content\/uploads\/2022\/06\/logo-mit-slogan.jpg","contentUrl":"https:\/\/www.procarton.com\/wp-content\/uploads\/2022\/06\/logo-mit-slogan.jpg","width":422,"height":519,"caption":"ProCarton"},"image":{"@id":"https:\/\/www.procarton.com\/es\/#\/schema\/logo\/image\/"},"sameAs":["https:\/\/www.facebook.com\/procartondesignaward\/","https:\/\/x.com\/pro_carton"]},{"@type":"Person","@id":"https:\/\/www.procarton.com\/es\/#\/schema\/person\/872a075145d2c38578ff4eed7d481251","name":"esterling@admin","sameAs":["https:\/\/www.procarton.com"],"url":"https:\/\/www.procarton.com\/de\/author\/esterlingadmin\/"}]}},"_links":{"self":[{"href":"https:\/\/www.procarton.com\/de\/wp-json\/wp\/v2\/posts\/242111","targetHints":{"allow":["GET"]}}],"collection":[{"href":"https:\/\/www.procarton.com\/de\/wp-json\/wp\/v2\/posts"}],"about":[{"href":"https:\/\/www.procarton.com\/de\/wp-json\/wp\/v2\/types\/post"}],"author":[{"embeddable":true,"href":"https:\/\/www.procarton.com\/de\/wp-json\/wp\/v2\/users\/1"}],"replies":[{"embeddable":true,"href":"https:\/\/www.procarton.com\/de\/wp-json\/wp\/v2\/comments?post=242111"}],"version-history":[{"count":1,"href":"https:\/\/www.procarton.com\/de\/wp-json\/wp\/v2\/posts\/242111\/revisions"}],"predecessor-version":[{"id":266164,"href":"https:\/\/www.procarton.com\/de\/wp-json\/wp\/v2\/posts\/242111\/revisions\/266164"}],"wp:featuredmedia":[{"embeddable":true,"href":"https:\/\/www.procarton.com\/de\/wp-json\/wp\/v2\/media\/242112"}],"wp:attachment":[{"href":"https:\/\/www.procarton.com\/de\/wp-json\/wp\/v2\/media?parent=242111"}],"wp:term":[{"taxonomy":"category","embeddable":true,"href":"https:\/\/www.procarton.com\/de\/wp-json\/wp\/v2\/categories?post=242111"},{"taxonomy":"post_tag","embeddable":true,"href":"https:\/\/www.procarton.com\/de\/wp-json\/wp\/v2\/tags?post=242111"}],"curies":[{"name":"wp","href":"https:\/\/api.w.org\/{rel}","templated":true}]}}