{"id":242085,"date":"2014-09-29T00:00:00","date_gmt":"2014-09-29T00:00:00","guid":{"rendered":"https:\/\/www.procarton.com\/pro-carton-website-in-new-design\/"},"modified":"2021-11-07T16:27:12","modified_gmt":"2021-11-07T16:27:12","slug":"pro-carton-website-in-new-design","status":"publish","type":"post","link":"https:\/\/www.procarton.com\/de\/pro-carton-website-in-new-design\/","title":{"rendered":"Pro Carton Website im neuen Design"},"content":{"rendered":"<p><strong>Die neue Website von Pro Carton ging am 18. September 2014 online - ganz modern und \u00fcbersichtlich. Zun\u00e4chst in Englisch, wird die Seite bald wie gewohnt in allen f\u00fcnf Sprachen, also auch in Deutsch, Franz\u00f6sisch, Italienisch und Spanisch, verf\u00fcgbar sein. Die Potenziale von Karton und Faltschachteln sollen noch besser und vielf\u00e4ltiger pr\u00e4sentiert werden. Wir freuen uns auf Ihr Feedback!\u00a0<strong style=\"color: #666666;\"><a style=\"color: #f28e00;\" title=\"\u00dcbersetzungen Word-Datei\" href=\"https:\/\/www.procarton.com\/wp-content\/uploads\/2014\/10\/new_website_all_languages.doc\" target=\"_blank\" rel=\"noopener\">F\u00fcr \u00dcbersetzungen in Deutsch, Franz\u00f6sisch, Italienisch, Spanisch und Rum\u00e4nisch klicken Sie HIER!<\/a><\/strong><\/strong><\/p>\n<p>Der neue Internetauftritt hat vor allem ein Ziel: die Dienstleistungen von Pro Carton besser zug\u00e4nglich und komfortabler zu machen. Die gesamte Navigation wurde \u00fcberarbeitet und klarer strukturiert: Unsere Besucher sollen schneller, direkter und gezielter die Inhalte finden, die sie interessieren.<\/p>\n<p>All diejenigen, die nichts Bestimmtes suchen, sondern die Seite regelm\u00e4\u00dfig besuchen, um zu sehen, was es Neues gibt, sowie \"zuf\u00e4llige Passanten\", werden von der freundlichen und gro\u00dfz\u00fcgigen Gestaltung begr\u00fc\u00dft. Die Startseite ist gro\u00dfz\u00fcgig gestaltet, Bilder und kurze Texte machen sofort deutlich, was neu und wichtig ist. Eine separate Version f\u00fcr Smartphones bietet alle aktuellen und wichtigen Inhalte f\u00fcr unterwegs.<\/p>\n<p>Eine neue Website sollte immer als \"Work in Progress\" betrachtet werden. Die kommenden Monate werden f\u00fcr die Feinabstimmung und Weiterentwicklung genutzt. Wie bei allen unseren Projekten ber\u00fccksichtigen wir den Input, das Feedback und die Kommentare unseres Publikums. Bitte teilen Sie uns Ihre Meinung mit und senden Sie uns Ihre Vorschl\u00e4ge - wir freuen uns sehr darauf, die Website in den kommenden Monaten mit Ihrem Feedback zu perfektionieren.<\/p>","protected":false},"excerpt":{"rendered":"<p>Die neue Website von Pro Carton ging am 18. September 2014 online - ganz modern und \u00fcbersichtlich. Zun\u00e4chst in Englisch, wird die Seite bald wie gewohnt in allen f\u00fcnf Sprachen, also auch in Deutsch, Franz\u00f6sisch, Italienisch und Spanisch, verf\u00fcgbar sein. Die Potenziale von Karton und Faltschachteln sollen noch besser und vielf\u00e4ltiger pr\u00e4sentiert werden. Wir freuen uns auf Ihr Feedback!<\/p>","protected":false},"author":1,"featured_media":242086,"comment_status":"open","ping_status":"open","sticky":false,"template":"","format":"standard","meta":{"inline_featured_image":false,"footnotes":""},"categories":[242],"tags":[],"class_list":["post-242085","post","type-post","status-publish","format-standard","has-post-thumbnail","hentry","category-procarton"],"yoast_head":"<!-- This site is optimized with the Yoast SEO plugin v27.5 - https:\/\/yoast.com\/product\/yoast-seo-wordpress\/ -->\n<title>Pro Carton Website in New Design - Pro Carton<\/title>\n<meta name=\"robots\" content=\"index, follow, max-snippet:-1, max-image-preview:large, max-video-preview:-1\" \/>\n<link rel=\"canonical\" href=\"https:\/\/www.procarton.com\/de\/pro-carton-website-in-new-design\/\" \/>\n<meta property=\"og:locale\" content=\"de_DE\" \/>\n<meta property=\"og:type\" content=\"article\" \/>\n<meta property=\"og:title\" content=\"Pro Carton Website in New Design - Pro Carton\" \/>\n<meta property=\"og:description\" content=\"The new Pro Carton website went online on 18. September 2014 \u2013 entirely modern and clear. Starting in English, the site will soon be available in all five languages as usual, i.e. German, French, Italian and Spanish as well. The potentials of cartonboard and cartons are to be presented even better and with greater variety. We look forward to your feedback!\" \/>\n<meta property=\"og:url\" content=\"https:\/\/www.procarton.com\/de\/pro-carton-website-in-new-design\/\" \/>\n<meta property=\"og:site_name\" content=\"Pro Carton\" \/>\n<meta property=\"article:publisher\" content=\"https:\/\/www.facebook.com\/procartondesignaward\/\" \/>\n<meta property=\"article:published_time\" content=\"2014-09-29T00:00:00+00:00\" \/>\n<meta property=\"article:modified_time\" content=\"2021-11-07T16:27:12+00:00\" \/>\n<meta property=\"og:image\" content=\"https:\/\/www.procarton.com\/wp-content\/uploads\/2021\/02\/procarton_website_screenshot.jpg\" \/>\n\t<meta property=\"og:image:width\" content=\"455\" \/>\n\t<meta property=\"og:image:height\" content=\"303\" \/>\n\t<meta property=\"og:image:type\" content=\"image\/jpeg\" \/>\n<meta name=\"author\" content=\"esterling@admin\" \/>\n<meta name=\"twitter:card\" content=\"summary_large_image\" \/>\n<meta name=\"twitter:creator\" content=\"@pro_carton\" \/>\n<meta name=\"twitter:site\" content=\"@pro_carton\" \/>\n<meta name=\"twitter:label1\" content=\"Verfasst von\" \/>\n\t<meta name=\"twitter:data1\" content=\"esterling@admin\" \/>\n\t<meta name=\"twitter:label2\" content=\"Gesch\u00e4tzte Lesezeit\" \/>\n\t<meta name=\"twitter:data2\" content=\"1\u00a0Minute\" \/>\n<script type=\"application\/ld+json\" class=\"yoast-schema-graph\">{\"@context\":\"https:\\\/\\\/schema.org\",\"@graph\":[{\"@type\":\"Article\",\"@id\":\"https:\\\/\\\/www.procarton.com\\\/es\\\/pro-carton-website-in-new-design\\\/#article\",\"isPartOf\":{\"@id\":\"https:\\\/\\\/www.procarton.com\\\/es\\\/pro-carton-website-in-new-design\\\/\"},\"author\":{\"name\":\"esterling@admin\",\"@id\":\"https:\\\/\\\/www.procarton.com\\\/es\\\/#\\\/schema\\\/person\\\/872a075145d2c38578ff4eed7d481251\"},\"headline\":\"Pro Carton Website in New Design\",\"datePublished\":\"2014-09-29T00:00:00+00:00\",\"dateModified\":\"2021-11-07T16:27:12+00:00\",\"mainEntityOfPage\":{\"@id\":\"https:\\\/\\\/www.procarton.com\\\/es\\\/pro-carton-website-in-new-design\\\/\"},\"wordCount\":256,\"commentCount\":0,\"publisher\":{\"@id\":\"https:\\\/\\\/www.procarton.com\\\/es\\\/#organization\"},\"image\":{\"@id\":\"https:\\\/\\\/www.procarton.com\\\/es\\\/pro-carton-website-in-new-design\\\/#primaryimage\"},\"thumbnailUrl\":\"https:\\\/\\\/www.procarton.com\\\/wp-content\\\/uploads\\\/2021\\\/02\\\/procarton_website_screenshot.jpg\",\"articleSection\":[\"Pro Carton\"],\"inLanguage\":\"de\",\"potentialAction\":[{\"@type\":\"CommentAction\",\"name\":\"Comment\",\"target\":[\"https:\\\/\\\/www.procarton.com\\\/es\\\/pro-carton-website-in-new-design\\\/#respond\"]}]},{\"@type\":\"WebPage\",\"@id\":\"https:\\\/\\\/www.procarton.com\\\/es\\\/pro-carton-website-in-new-design\\\/\",\"url\":\"https:\\\/\\\/www.procarton.com\\\/es\\\/pro-carton-website-in-new-design\\\/\",\"name\":\"Pro Carton Website in New Design - Pro Carton\",\"isPartOf\":{\"@id\":\"https:\\\/\\\/www.procarton.com\\\/es\\\/#website\"},\"primaryImageOfPage\":{\"@id\":\"https:\\\/\\\/www.procarton.com\\\/es\\\/pro-carton-website-in-new-design\\\/#primaryimage\"},\"image\":{\"@id\":\"https:\\\/\\\/www.procarton.com\\\/es\\\/pro-carton-website-in-new-design\\\/#primaryimage\"},\"thumbnailUrl\":\"https:\\\/\\\/www.procarton.com\\\/wp-content\\\/uploads\\\/2021\\\/02\\\/procarton_website_screenshot.jpg\",\"datePublished\":\"2014-09-29T00:00:00+00:00\",\"dateModified\":\"2021-11-07T16:27:12+00:00\",\"breadcrumb\":{\"@id\":\"https:\\\/\\\/www.procarton.com\\\/es\\\/pro-carton-website-in-new-design\\\/#breadcrumb\"},\"inLanguage\":\"de\",\"potentialAction\":[{\"@type\":\"ReadAction\",\"target\":[\"https:\\\/\\\/www.procarton.com\\\/es\\\/pro-carton-website-in-new-design\\\/\"]}]},{\"@type\":\"ImageObject\",\"inLanguage\":\"de\",\"@id\":\"https:\\\/\\\/www.procarton.com\\\/es\\\/pro-carton-website-in-new-design\\\/#primaryimage\",\"url\":\"https:\\\/\\\/www.procarton.com\\\/wp-content\\\/uploads\\\/2021\\\/02\\\/procarton_website_screenshot.jpg\",\"contentUrl\":\"https:\\\/\\\/www.procarton.com\\\/wp-content\\\/uploads\\\/2021\\\/02\\\/procarton_website_screenshot.jpg\",\"width\":455,\"height\":303},{\"@type\":\"BreadcrumbList\",\"@id\":\"https:\\\/\\\/www.procarton.com\\\/es\\\/pro-carton-website-in-new-design\\\/#breadcrumb\",\"itemListElement\":[{\"@type\":\"ListItem\",\"position\":1,\"name\":\"Home\",\"item\":\"https:\\\/\\\/www.procarton.com\\\/\"},{\"@type\":\"ListItem\",\"position\":2,\"name\":\"Pro Carton Website in New Design\"}]},{\"@type\":\"WebSite\",\"@id\":\"https:\\\/\\\/www.procarton.com\\\/es\\\/#website\",\"url\":\"https:\\\/\\\/www.procarton.com\\\/es\\\/\",\"name\":\"Pro Carton\",\"description\":\"\",\"publisher\":{\"@id\":\"https:\\\/\\\/www.procarton.com\\\/es\\\/#organization\"},\"potentialAction\":[{\"@type\":\"SearchAction\",\"target\":{\"@type\":\"EntryPoint\",\"urlTemplate\":\"https:\\\/\\\/www.procarton.com\\\/es\\\/?s={search_term_string}\"},\"query-input\":{\"@type\":\"PropertyValueSpecification\",\"valueRequired\":true,\"valueName\":\"search_term_string\"}}],\"inLanguage\":\"de\"},{\"@type\":\"Organization\",\"@id\":\"https:\\\/\\\/www.procarton.com\\\/es\\\/#organization\",\"name\":\"ProCarton\",\"url\":\"https:\\\/\\\/www.procarton.com\\\/es\\\/\",\"logo\":{\"@type\":\"ImageObject\",\"inLanguage\":\"de\",\"@id\":\"https:\\\/\\\/www.procarton.com\\\/es\\\/#\\\/schema\\\/logo\\\/image\\\/\",\"url\":\"https:\\\/\\\/www.procarton.com\\\/wp-content\\\/uploads\\\/2022\\\/06\\\/logo-mit-slogan.jpg\",\"contentUrl\":\"https:\\\/\\\/www.procarton.com\\\/wp-content\\\/uploads\\\/2022\\\/06\\\/logo-mit-slogan.jpg\",\"width\":422,\"height\":519,\"caption\":\"ProCarton\"},\"image\":{\"@id\":\"https:\\\/\\\/www.procarton.com\\\/es\\\/#\\\/schema\\\/logo\\\/image\\\/\"},\"sameAs\":[\"https:\\\/\\\/www.facebook.com\\\/procartondesignaward\\\/\",\"https:\\\/\\\/x.com\\\/pro_carton\"]},{\"@type\":\"Person\",\"@id\":\"https:\\\/\\\/www.procarton.com\\\/es\\\/#\\\/schema\\\/person\\\/872a075145d2c38578ff4eed7d481251\",\"name\":\"esterling@admin\",\"sameAs\":[\"https:\\\/\\\/www.procarton.com\"],\"url\":\"https:\\\/\\\/www.procarton.com\\\/de\\\/author\\\/esterlingadmin\\\/\"}]}<\/script>\n<!-- \/ Yoast SEO plugin. -->","yoast_head_json":{"title":"Pro Carton Website im neuen Design - Pro Carton","robots":{"index":"index","follow":"follow","max-snippet":"max-snippet:-1","max-image-preview":"max-image-preview:large","max-video-preview":"max-video-preview:-1"},"canonical":"https:\/\/www.procarton.com\/de\/pro-carton-website-in-new-design\/","og_locale":"de_DE","og_type":"article","og_title":"Pro Carton Website in New Design - Pro Carton","og_description":"The new Pro Carton website went online on 18. September 2014 \u2013 entirely modern and clear. Starting in English, the site will soon be available in all five languages as usual, i.e. German, French, Italian and Spanish as well. The potentials of cartonboard and cartons are to be presented even better and with greater variety. We look forward to your feedback!","og_url":"https:\/\/www.procarton.com\/de\/pro-carton-website-in-new-design\/","og_site_name":"Pro Carton","article_publisher":"https:\/\/www.facebook.com\/procartondesignaward\/","article_published_time":"2014-09-29T00:00:00+00:00","article_modified_time":"2021-11-07T16:27:12+00:00","og_image":[{"width":455,"height":303,"url":"https:\/\/www.procarton.com\/wp-content\/uploads\/2021\/02\/procarton_website_screenshot.jpg","type":"image\/jpeg"}],"author":"esterling@admin","twitter_card":"summary_large_image","twitter_creator":"@pro_carton","twitter_site":"@pro_carton","twitter_misc":{"Verfasst von":"esterling@admin","Gesch\u00e4tzte Lesezeit":"1\u00a0Minute"},"schema":{"@context":"https:\/\/schema.org","@graph":[{"@type":"Article","@id":"https:\/\/www.procarton.com\/es\/pro-carton-website-in-new-design\/#article","isPartOf":{"@id":"https:\/\/www.procarton.com\/es\/pro-carton-website-in-new-design\/"},"author":{"name":"esterling@admin","@id":"https:\/\/www.procarton.com\/es\/#\/schema\/person\/872a075145d2c38578ff4eed7d481251"},"headline":"Pro Carton Website in New Design","datePublished":"2014-09-29T00:00:00+00:00","dateModified":"2021-11-07T16:27:12+00:00","mainEntityOfPage":{"@id":"https:\/\/www.procarton.com\/es\/pro-carton-website-in-new-design\/"},"wordCount":256,"commentCount":0,"publisher":{"@id":"https:\/\/www.procarton.com\/es\/#organization"},"image":{"@id":"https:\/\/www.procarton.com\/es\/pro-carton-website-in-new-design\/#primaryimage"},"thumbnailUrl":"https:\/\/www.procarton.com\/wp-content\/uploads\/2021\/02\/procarton_website_screenshot.jpg","articleSection":["Pro Carton"],"inLanguage":"de","potentialAction":[{"@type":"CommentAction","name":"Comment","target":["https:\/\/www.procarton.com\/es\/pro-carton-website-in-new-design\/#respond"]}]},{"@type":"WebPage","@id":"https:\/\/www.procarton.com\/es\/pro-carton-website-in-new-design\/","url":"https:\/\/www.procarton.com\/es\/pro-carton-website-in-new-design\/","name":"Pro Carton Website im neuen Design - Pro Carton","isPartOf":{"@id":"https:\/\/www.procarton.com\/es\/#website"},"primaryImageOfPage":{"@id":"https:\/\/www.procarton.com\/es\/pro-carton-website-in-new-design\/#primaryimage"},"image":{"@id":"https:\/\/www.procarton.com\/es\/pro-carton-website-in-new-design\/#primaryimage"},"thumbnailUrl":"https:\/\/www.procarton.com\/wp-content\/uploads\/2021\/02\/procarton_website_screenshot.jpg","datePublished":"2014-09-29T00:00:00+00:00","dateModified":"2021-11-07T16:27:12+00:00","breadcrumb":{"@id":"https:\/\/www.procarton.com\/es\/pro-carton-website-in-new-design\/#breadcrumb"},"inLanguage":"de","potentialAction":[{"@type":"ReadAction","target":["https:\/\/www.procarton.com\/es\/pro-carton-website-in-new-design\/"]}]},{"@type":"ImageObject","inLanguage":"de","@id":"https:\/\/www.procarton.com\/es\/pro-carton-website-in-new-design\/#primaryimage","url":"https:\/\/www.procarton.com\/wp-content\/uploads\/2021\/02\/procarton_website_screenshot.jpg","contentUrl":"https:\/\/www.procarton.com\/wp-content\/uploads\/2021\/02\/procarton_website_screenshot.jpg","width":455,"height":303},{"@type":"BreadcrumbList","@id":"https:\/\/www.procarton.com\/es\/pro-carton-website-in-new-design\/#breadcrumb","itemListElement":[{"@type":"ListItem","position":1,"name":"Home","item":"https:\/\/www.procarton.com\/"},{"@type":"ListItem","position":2,"name":"Pro Carton Website in New Design"}]},{"@type":"WebSite","@id":"https:\/\/www.procarton.com\/es\/#website","url":"https:\/\/www.procarton.com\/es\/","name":"Pro Carton","description":"","publisher":{"@id":"https:\/\/www.procarton.com\/es\/#organization"},"potentialAction":[{"@type":"SearchAction","target":{"@type":"EntryPoint","urlTemplate":"https:\/\/www.procarton.com\/es\/?s={search_term_string}"},"query-input":{"@type":"PropertyValueSpecification","valueRequired":true,"valueName":"search_term_string"}}],"inLanguage":"de"},{"@type":"Organization","@id":"https:\/\/www.procarton.com\/es\/#organization","name":"ProCarton","url":"https:\/\/www.procarton.com\/es\/","logo":{"@type":"ImageObject","inLanguage":"de","@id":"https:\/\/www.procarton.com\/es\/#\/schema\/logo\/image\/","url":"https:\/\/www.procarton.com\/wp-content\/uploads\/2022\/06\/logo-mit-slogan.jpg","contentUrl":"https:\/\/www.procarton.com\/wp-content\/uploads\/2022\/06\/logo-mit-slogan.jpg","width":422,"height":519,"caption":"ProCarton"},"image":{"@id":"https:\/\/www.procarton.com\/es\/#\/schema\/logo\/image\/"},"sameAs":["https:\/\/www.facebook.com\/procartondesignaward\/","https:\/\/x.com\/pro_carton"]},{"@type":"Person","@id":"https:\/\/www.procarton.com\/es\/#\/schema\/person\/872a075145d2c38578ff4eed7d481251","name":"esterling@admin","sameAs":["https:\/\/www.procarton.com"],"url":"https:\/\/www.procarton.com\/de\/author\/esterlingadmin\/"}]}},"_links":{"self":[{"href":"https:\/\/www.procarton.com\/de\/wp-json\/wp\/v2\/posts\/242085","targetHints":{"allow":["GET"]}}],"collection":[{"href":"https:\/\/www.procarton.com\/de\/wp-json\/wp\/v2\/posts"}],"about":[{"href":"https:\/\/www.procarton.com\/de\/wp-json\/wp\/v2\/types\/post"}],"author":[{"embeddable":true,"href":"https:\/\/www.procarton.com\/de\/wp-json\/wp\/v2\/users\/1"}],"replies":[{"embeddable":true,"href":"https:\/\/www.procarton.com\/de\/wp-json\/wp\/v2\/comments?post=242085"}],"version-history":[{"count":2,"href":"https:\/\/www.procarton.com\/de\/wp-json\/wp\/v2\/posts\/242085\/revisions"}],"predecessor-version":[{"id":266336,"href":"https:\/\/www.procarton.com\/de\/wp-json\/wp\/v2\/posts\/242085\/revisions\/266336"}],"wp:featuredmedia":[{"embeddable":true,"href":"https:\/\/www.procarton.com\/de\/wp-json\/wp\/v2\/media\/242086"}],"wp:attachment":[{"href":"https:\/\/www.procarton.com\/de\/wp-json\/wp\/v2\/media?parent=242085"}],"wp:term":[{"taxonomy":"category","embeddable":true,"href":"https:\/\/www.procarton.com\/de\/wp-json\/wp\/v2\/categories?post=242085"},{"taxonomy":"post_tag","embeddable":true,"href":"https:\/\/www.procarton.com\/de\/wp-json\/wp\/v2\/tags?post=242085"}],"curies":[{"name":"wp","href":"https:\/\/api.w.org\/{rel}","templated":true}]}}