{"id":241913,"date":"2010-01-26T00:00:00","date_gmt":"2010-01-26T00:00:00","guid":{"rendered":"https:\/\/www.procarton.com\/tentacles-of-growth\/"},"modified":"2021-11-07T16:32:58","modified_gmt":"2021-11-07T16:32:58","slug":"tentacles-of-growth","status":"publish","type":"post","link":"https:\/\/www.procarton.com\/de\/tentacles-of-growth\/","title":{"rendered":"Tentakel des Wachstums"},"content":{"rendered":"<p>Trotz der schweren Auswirkungen der weltweiten Rezession gibt es Bereiche, die in der Verpackungs- und Verarbeitungsindustrie vielversprechend sind. Richard Dalgleish, Gesch\u00e4ftsf\u00fchrer von Pro Carton, dem europ\u00e4ischen Verband der Karton- und Faltschachtelhersteller, spricht mit PCI \u00fcber Rohstoffe, die Widerstandsf\u00e4higkeit der Kartonindustrie und ihre Zukunftsaussichten.<br \/>\n<a href=\"\/files\/file_manager\/press_0110\/p_0110_dal_e.htm \" target=\"_blank\" rel=\"noopener\">Mehr ...<\/a><\/p>","protected":false},"excerpt":{"rendered":"<p>Trotz der schweren Auswirkungen der weltweiten Rezession gibt es Bereiche, die in der Verpackungs- und Verarbeitungsindustrie vielversprechend sind. Richard Dalgleish, Gesch\u00e4ftsf\u00fchrer von Pro Carton, dem europ\u00e4ischen Verband der Karton- und Faltschachtelhersteller, spricht mit PCI \u00fcber Rohstoffe, die Widerstandsf\u00e4higkeit der Kartonindustrie und ihre Zukunftsaussichten.<br \/><a href='\/files\/file_manager\/press_0110\/p_0110_dal_e.htm ' target='_blank' rel=\"noopener\">Mehr ...<\/a><\/p>","protected":false},"author":1,"featured_media":241914,"comment_status":"open","ping_status":"open","sticky":false,"template":"","format":"standard","meta":{"inline_featured_image":false,"footnotes":""},"categories":[79,242,52],"tags":[45],"class_list":["post-241913","post","type-post","status-publish","format-standard","has-post-thumbnail","hentry","category-brands-markets","category-procarton","category-sustainability","tag-experts-it"],"yoast_head":"<!-- This site is optimized with the Yoast SEO plugin v27.4 - https:\/\/yoast.com\/product\/yoast-seo-wordpress\/ -->\n<title>Tentacles of Growth - Pro Carton<\/title>\n<meta name=\"robots\" content=\"index, follow, max-snippet:-1, max-image-preview:large, max-video-preview:-1\" \/>\n<link rel=\"canonical\" href=\"https:\/\/www.procarton.com\/de\/tentacles-of-growth\/\" \/>\n<meta property=\"og:locale\" content=\"de_DE\" \/>\n<meta property=\"og:type\" content=\"article\" \/>\n<meta property=\"og:title\" content=\"Tentacles of Growth - Pro Carton\" \/>\n<meta property=\"og:description\" content=\"Despite the heavy toll of a global recession, there are areas showing promise within the packaging and converting industries. Richard Dalgleish, managing director of Pro Carton, European Association of Carton and Cartonboard Manufacturers, talks to PCI about raw materials, the resilience of the cartonboard industry and its prospects for the future.More ...\" \/>\n<meta property=\"og:url\" content=\"https:\/\/www.procarton.com\/de\/tentacles-of-growth\/\" \/>\n<meta property=\"og:site_name\" content=\"Pro Carton\" \/>\n<meta property=\"article:publisher\" content=\"https:\/\/www.facebook.com\/procartondesignaward\/\" \/>\n<meta property=\"article:published_time\" content=\"2010-01-26T00:00:00+00:00\" \/>\n<meta property=\"article:modified_time\" content=\"2021-11-07T16:32:58+00:00\" \/>\n<meta property=\"og:image\" content=\"https:\/\/www.procarton.com\/wp-content\/uploads\/2021\/02\/dalgleish_k1.jpg\" \/>\n\t<meta property=\"og:image:width\" content=\"138\" \/>\n\t<meta property=\"og:image:height\" content=\"186\" \/>\n\t<meta property=\"og:image:type\" content=\"image\/jpeg\" \/>\n<meta name=\"author\" content=\"esterling@admin\" \/>\n<meta name=\"twitter:card\" content=\"summary_large_image\" \/>\n<meta name=\"twitter:creator\" content=\"@pro_carton\" \/>\n<meta name=\"twitter:site\" content=\"@pro_carton\" \/>\n<meta name=\"twitter:label1\" content=\"Verfasst von\" \/>\n\t<meta name=\"twitter:data1\" content=\"esterling@admin\" \/>\n<script type=\"application\/ld+json\" class=\"yoast-schema-graph\">{\"@context\":\"https:\\\/\\\/schema.org\",\"@graph\":[{\"@type\":\"Article\",\"@id\":\"https:\\\/\\\/www.procarton.com\\\/es\\\/tentacles-of-growth\\\/#article\",\"isPartOf\":{\"@id\":\"https:\\\/\\\/www.procarton.com\\\/es\\\/tentacles-of-growth\\\/\"},\"author\":{\"name\":\"esterling@admin\",\"@id\":\"https:\\\/\\\/www.procarton.com\\\/es\\\/#\\\/schema\\\/person\\\/872a075145d2c38578ff4eed7d481251\"},\"headline\":\"Tentacles of Growth\",\"datePublished\":\"2010-01-26T00:00:00+00:00\",\"dateModified\":\"2021-11-07T16:32:58+00:00\",\"mainEntityOfPage\":{\"@id\":\"https:\\\/\\\/www.procarton.com\\\/es\\\/tentacles-of-growth\\\/\"},\"wordCount\":55,\"commentCount\":0,\"publisher\":{\"@id\":\"https:\\\/\\\/www.procarton.com\\\/es\\\/#organization\"},\"image\":{\"@id\":\"https:\\\/\\\/www.procarton.com\\\/es\\\/tentacles-of-growth\\\/#primaryimage\"},\"thumbnailUrl\":\"https:\\\/\\\/www.procarton.com\\\/wp-content\\\/uploads\\\/2021\\\/02\\\/dalgleish_k1.jpg\",\"keywords\":[\"Experts\"],\"articleSection\":[\"Brands &amp; Markets\",\"Pro Carton\",\"Sustainability\"],\"inLanguage\":\"de\",\"potentialAction\":[{\"@type\":\"CommentAction\",\"name\":\"Comment\",\"target\":[\"https:\\\/\\\/www.procarton.com\\\/es\\\/tentacles-of-growth\\\/#respond\"]}]},{\"@type\":\"WebPage\",\"@id\":\"https:\\\/\\\/www.procarton.com\\\/es\\\/tentacles-of-growth\\\/\",\"url\":\"https:\\\/\\\/www.procarton.com\\\/es\\\/tentacles-of-growth\\\/\",\"name\":\"Tentacles of Growth - Pro Carton\",\"isPartOf\":{\"@id\":\"https:\\\/\\\/www.procarton.com\\\/es\\\/#website\"},\"primaryImageOfPage\":{\"@id\":\"https:\\\/\\\/www.procarton.com\\\/es\\\/tentacles-of-growth\\\/#primaryimage\"},\"image\":{\"@id\":\"https:\\\/\\\/www.procarton.com\\\/es\\\/tentacles-of-growth\\\/#primaryimage\"},\"thumbnailUrl\":\"https:\\\/\\\/www.procarton.com\\\/wp-content\\\/uploads\\\/2021\\\/02\\\/dalgleish_k1.jpg\",\"datePublished\":\"2010-01-26T00:00:00+00:00\",\"dateModified\":\"2021-11-07T16:32:58+00:00\",\"breadcrumb\":{\"@id\":\"https:\\\/\\\/www.procarton.com\\\/es\\\/tentacles-of-growth\\\/#breadcrumb\"},\"inLanguage\":\"de\",\"potentialAction\":[{\"@type\":\"ReadAction\",\"target\":[\"https:\\\/\\\/www.procarton.com\\\/es\\\/tentacles-of-growth\\\/\"]}]},{\"@type\":\"ImageObject\",\"inLanguage\":\"de\",\"@id\":\"https:\\\/\\\/www.procarton.com\\\/es\\\/tentacles-of-growth\\\/#primaryimage\",\"url\":\"https:\\\/\\\/www.procarton.com\\\/wp-content\\\/uploads\\\/2021\\\/02\\\/dalgleish_k1.jpg\",\"contentUrl\":\"https:\\\/\\\/www.procarton.com\\\/wp-content\\\/uploads\\\/2021\\\/02\\\/dalgleish_k1.jpg\",\"width\":138,\"height\":186},{\"@type\":\"BreadcrumbList\",\"@id\":\"https:\\\/\\\/www.procarton.com\\\/es\\\/tentacles-of-growth\\\/#breadcrumb\",\"itemListElement\":[{\"@type\":\"ListItem\",\"position\":1,\"name\":\"Home\",\"item\":\"https:\\\/\\\/www.procarton.com\\\/\"},{\"@type\":\"ListItem\",\"position\":2,\"name\":\"Tentacles of Growth\"}]},{\"@type\":\"WebSite\",\"@id\":\"https:\\\/\\\/www.procarton.com\\\/es\\\/#website\",\"url\":\"https:\\\/\\\/www.procarton.com\\\/es\\\/\",\"name\":\"Pro Carton\",\"description\":\"\",\"publisher\":{\"@id\":\"https:\\\/\\\/www.procarton.com\\\/es\\\/#organization\"},\"potentialAction\":[{\"@type\":\"SearchAction\",\"target\":{\"@type\":\"EntryPoint\",\"urlTemplate\":\"https:\\\/\\\/www.procarton.com\\\/es\\\/?s={search_term_string}\"},\"query-input\":{\"@type\":\"PropertyValueSpecification\",\"valueRequired\":true,\"valueName\":\"search_term_string\"}}],\"inLanguage\":\"de\"},{\"@type\":\"Organization\",\"@id\":\"https:\\\/\\\/www.procarton.com\\\/es\\\/#organization\",\"name\":\"ProCarton\",\"url\":\"https:\\\/\\\/www.procarton.com\\\/es\\\/\",\"logo\":{\"@type\":\"ImageObject\",\"inLanguage\":\"de\",\"@id\":\"https:\\\/\\\/www.procarton.com\\\/es\\\/#\\\/schema\\\/logo\\\/image\\\/\",\"url\":\"https:\\\/\\\/www.procarton.com\\\/wp-content\\\/uploads\\\/2022\\\/06\\\/logo-mit-slogan.jpg\",\"contentUrl\":\"https:\\\/\\\/www.procarton.com\\\/wp-content\\\/uploads\\\/2022\\\/06\\\/logo-mit-slogan.jpg\",\"width\":422,\"height\":519,\"caption\":\"ProCarton\"},\"image\":{\"@id\":\"https:\\\/\\\/www.procarton.com\\\/es\\\/#\\\/schema\\\/logo\\\/image\\\/\"},\"sameAs\":[\"https:\\\/\\\/www.facebook.com\\\/procartondesignaward\\\/\",\"https:\\\/\\\/x.com\\\/pro_carton\"]},{\"@type\":\"Person\",\"@id\":\"https:\\\/\\\/www.procarton.com\\\/es\\\/#\\\/schema\\\/person\\\/872a075145d2c38578ff4eed7d481251\",\"name\":\"esterling@admin\",\"sameAs\":[\"https:\\\/\\\/www.procarton.com\"],\"url\":\"https:\\\/\\\/www.procarton.com\\\/de\\\/author\\\/esterlingadmin\\\/\"}]}<\/script>\n<!-- \/ Yoast SEO plugin. -->","yoast_head_json":{"title":"Tentakel des Wachstums - Pro Carton","robots":{"index":"index","follow":"follow","max-snippet":"max-snippet:-1","max-image-preview":"max-image-preview:large","max-video-preview":"max-video-preview:-1"},"canonical":"https:\/\/www.procarton.com\/de\/tentacles-of-growth\/","og_locale":"de_DE","og_type":"article","og_title":"Tentacles of Growth - Pro Carton","og_description":"Despite the heavy toll of a global recession, there are areas showing promise within the packaging and converting industries. Richard Dalgleish, managing director of Pro Carton, European Association of Carton and Cartonboard Manufacturers, talks to PCI about raw materials, the resilience of the cartonboard industry and its prospects for the future.More ...","og_url":"https:\/\/www.procarton.com\/de\/tentacles-of-growth\/","og_site_name":"Pro Carton","article_publisher":"https:\/\/www.facebook.com\/procartondesignaward\/","article_published_time":"2010-01-26T00:00:00+00:00","article_modified_time":"2021-11-07T16:32:58+00:00","og_image":[{"width":138,"height":186,"url":"https:\/\/www.procarton.com\/wp-content\/uploads\/2021\/02\/dalgleish_k1.jpg","type":"image\/jpeg"}],"author":"esterling@admin","twitter_card":"summary_large_image","twitter_creator":"@pro_carton","twitter_site":"@pro_carton","twitter_misc":{"Verfasst von":"esterling@admin"},"schema":{"@context":"https:\/\/schema.org","@graph":[{"@type":"Article","@id":"https:\/\/www.procarton.com\/es\/tentacles-of-growth\/#article","isPartOf":{"@id":"https:\/\/www.procarton.com\/es\/tentacles-of-growth\/"},"author":{"name":"esterling@admin","@id":"https:\/\/www.procarton.com\/es\/#\/schema\/person\/872a075145d2c38578ff4eed7d481251"},"headline":"Tentacles of Growth","datePublished":"2010-01-26T00:00:00+00:00","dateModified":"2021-11-07T16:32:58+00:00","mainEntityOfPage":{"@id":"https:\/\/www.procarton.com\/es\/tentacles-of-growth\/"},"wordCount":55,"commentCount":0,"publisher":{"@id":"https:\/\/www.procarton.com\/es\/#organization"},"image":{"@id":"https:\/\/www.procarton.com\/es\/tentacles-of-growth\/#primaryimage"},"thumbnailUrl":"https:\/\/www.procarton.com\/wp-content\/uploads\/2021\/02\/dalgleish_k1.jpg","keywords":["Experts"],"articleSection":["Brands &amp; Markets","Pro Carton","Sustainability"],"inLanguage":"de","potentialAction":[{"@type":"CommentAction","name":"Comment","target":["https:\/\/www.procarton.com\/es\/tentacles-of-growth\/#respond"]}]},{"@type":"WebPage","@id":"https:\/\/www.procarton.com\/es\/tentacles-of-growth\/","url":"https:\/\/www.procarton.com\/es\/tentacles-of-growth\/","name":"Tentakel des Wachstums - Pro Carton","isPartOf":{"@id":"https:\/\/www.procarton.com\/es\/#website"},"primaryImageOfPage":{"@id":"https:\/\/www.procarton.com\/es\/tentacles-of-growth\/#primaryimage"},"image":{"@id":"https:\/\/www.procarton.com\/es\/tentacles-of-growth\/#primaryimage"},"thumbnailUrl":"https:\/\/www.procarton.com\/wp-content\/uploads\/2021\/02\/dalgleish_k1.jpg","datePublished":"2010-01-26T00:00:00+00:00","dateModified":"2021-11-07T16:32:58+00:00","breadcrumb":{"@id":"https:\/\/www.procarton.com\/es\/tentacles-of-growth\/#breadcrumb"},"inLanguage":"de","potentialAction":[{"@type":"ReadAction","target":["https:\/\/www.procarton.com\/es\/tentacles-of-growth\/"]}]},{"@type":"ImageObject","inLanguage":"de","@id":"https:\/\/www.procarton.com\/es\/tentacles-of-growth\/#primaryimage","url":"https:\/\/www.procarton.com\/wp-content\/uploads\/2021\/02\/dalgleish_k1.jpg","contentUrl":"https:\/\/www.procarton.com\/wp-content\/uploads\/2021\/02\/dalgleish_k1.jpg","width":138,"height":186},{"@type":"BreadcrumbList","@id":"https:\/\/www.procarton.com\/es\/tentacles-of-growth\/#breadcrumb","itemListElement":[{"@type":"ListItem","position":1,"name":"Home","item":"https:\/\/www.procarton.com\/"},{"@type":"ListItem","position":2,"name":"Tentacles of Growth"}]},{"@type":"WebSite","@id":"https:\/\/www.procarton.com\/es\/#website","url":"https:\/\/www.procarton.com\/es\/","name":"Pro Carton","description":"","publisher":{"@id":"https:\/\/www.procarton.com\/es\/#organization"},"potentialAction":[{"@type":"SearchAction","target":{"@type":"EntryPoint","urlTemplate":"https:\/\/www.procarton.com\/es\/?s={search_term_string}"},"query-input":{"@type":"PropertyValueSpecification","valueRequired":true,"valueName":"search_term_string"}}],"inLanguage":"de"},{"@type":"Organization","@id":"https:\/\/www.procarton.com\/es\/#organization","name":"ProCarton","url":"https:\/\/www.procarton.com\/es\/","logo":{"@type":"ImageObject","inLanguage":"de","@id":"https:\/\/www.procarton.com\/es\/#\/schema\/logo\/image\/","url":"https:\/\/www.procarton.com\/wp-content\/uploads\/2022\/06\/logo-mit-slogan.jpg","contentUrl":"https:\/\/www.procarton.com\/wp-content\/uploads\/2022\/06\/logo-mit-slogan.jpg","width":422,"height":519,"caption":"ProCarton"},"image":{"@id":"https:\/\/www.procarton.com\/es\/#\/schema\/logo\/image\/"},"sameAs":["https:\/\/www.facebook.com\/procartondesignaward\/","https:\/\/x.com\/pro_carton"]},{"@type":"Person","@id":"https:\/\/www.procarton.com\/es\/#\/schema\/person\/872a075145d2c38578ff4eed7d481251","name":"esterling@admin","sameAs":["https:\/\/www.procarton.com"],"url":"https:\/\/www.procarton.com\/de\/author\/esterlingadmin\/"}]}},"_links":{"self":[{"href":"https:\/\/www.procarton.com\/de\/wp-json\/wp\/v2\/posts\/241913","targetHints":{"allow":["GET"]}}],"collection":[{"href":"https:\/\/www.procarton.com\/de\/wp-json\/wp\/v2\/posts"}],"about":[{"href":"https:\/\/www.procarton.com\/de\/wp-json\/wp\/v2\/types\/post"}],"author":[{"embeddable":true,"href":"https:\/\/www.procarton.com\/de\/wp-json\/wp\/v2\/users\/1"}],"replies":[{"embeddable":true,"href":"https:\/\/www.procarton.com\/de\/wp-json\/wp\/v2\/comments?post=241913"}],"version-history":[{"count":2,"href":"https:\/\/www.procarton.com\/de\/wp-json\/wp\/v2\/posts\/241913\/revisions"}],"predecessor-version":[{"id":266364,"href":"https:\/\/www.procarton.com\/de\/wp-json\/wp\/v2\/posts\/241913\/revisions\/266364"}],"wp:featuredmedia":[{"embeddable":true,"href":"https:\/\/www.procarton.com\/de\/wp-json\/wp\/v2\/media\/241914"}],"wp:attachment":[{"href":"https:\/\/www.procarton.com\/de\/wp-json\/wp\/v2\/media?parent=241913"}],"wp:term":[{"taxonomy":"category","embeddable":true,"href":"https:\/\/www.procarton.com\/de\/wp-json\/wp\/v2\/categories?post=241913"},{"taxonomy":"post_tag","embeddable":true,"href":"https:\/\/www.procarton.com\/de\/wp-json\/wp\/v2\/tags?post=241913"}],"curies":[{"name":"wp","href":"https:\/\/api.w.org\/{rel}","templated":true}]}}