{"id":241909,"date":"2010-02-18T00:00:00","date_gmt":"2010-02-18T00:00:00","guid":{"rendered":"https:\/\/www.procarton.com\/gold-medal-for-mike-clark\/"},"modified":"2021-11-07T16:32:36","modified_gmt":"2021-11-07T16:32:36","slug":"gold-medal-for-mike-clark","status":"publish","type":"post","link":"https:\/\/www.procarton.com\/de\/gold-medal-for-mike-clark\/","title":{"rendered":"Goldmedaille f\u00fcr Mike Clark"},"content":{"rendered":"<p>Pro Carton war erfreut zu h\u00f6ren, dass sein ehemaliger Pr\u00e4sident Mike Clark mit der Goldmedaille der Papierindustrie f\u00fcr 2010 ausgezeichnet wurde. Dies ist eine etablierte Auszeichnung, die jedes Jahr von der britischen Papierindustrie an eine Person verliehen wird. Die Auszeichnung wird an \"Menschen mit Weitblick, einem echten Verst\u00e4ndnis f\u00fcr die Branche und vor allem einer Leidenschaft f\u00fcr ihr Thema\" verliehen. Pro Carton freut sich, dass Mikes Beitrag zur Papier- und Kartonindustrie auf diese Weise gew\u00fcrdigt wurde und schlie\u00dft sich den Gl\u00fcckw\u00fcnschen vieler anderer Unternehmen an.<br \/>\n<a href=\"\/files\/file_manager\/members_0110\/m_0110_cla_e.htm \" target=\"_blank\" rel=\"noopener\">Mehr ...<\/a><\/p>","protected":false},"excerpt":{"rendered":"<p>Pro Carton war erfreut zu h\u00f6ren, dass sein ehemaliger Pr\u00e4sident Mike Clark mit der Goldmedaille der Papierindustrie f\u00fcr 2010 ausgezeichnet wurde. Dies ist eine etablierte Auszeichnung, die jedes Jahr von der britischen Papierindustrie an eine Person verliehen wird. Die Auszeichnung wird an \"Menschen mit Weitblick, einem echten Verst\u00e4ndnis f\u00fcr die Branche und vor allem einer Leidenschaft f\u00fcr ihr Thema\" verliehen. Pro Carton freut sich, dass Mikes Beitrag zur Papier- und Kartonindustrie auf diese Weise gew\u00fcrdigt wurde und schlie\u00dft sich den Gl\u00fcckw\u00fcnschen vieler anderer Unternehmen an. <br \/><a href='\/files\/file_manager\/members_0110\/m_0110_cla_e.htm ' target='_blank' rel=\"noopener\">Mehr ...<\/a><\/p>","protected":false},"author":1,"featured_media":241910,"comment_status":"open","ping_status":"open","sticky":false,"template":"","format":"standard","meta":{"inline_featured_image":false,"footnotes":""},"categories":[242],"tags":[45],"class_list":["post-241909","post","type-post","status-publish","format-standard","has-post-thumbnail","hentry","category-procarton","tag-experts-it"],"yoast_head":"<!-- This site is optimized with the Yoast SEO plugin v27.4 - https:\/\/yoast.com\/product\/yoast-seo-wordpress\/ -->\n<title>Gold Medal for Mike Clark - Pro Carton<\/title>\n<meta name=\"robots\" content=\"index, follow, max-snippet:-1, max-image-preview:large, max-video-preview:-1\" \/>\n<link rel=\"canonical\" href=\"https:\/\/www.procarton.com\/de\/gold-medal-for-mike-clark\/\" \/>\n<meta property=\"og:locale\" content=\"de_DE\" \/>\n<meta property=\"og:type\" content=\"article\" \/>\n<meta property=\"og:title\" content=\"Gold Medal for Mike Clark - Pro Carton\" \/>\n<meta property=\"og:description\" content=\"Pro Carton was delighted to hear that its former President Mike Clark has been awarded the Paper Industry Gold medal for 2010. This is a well established award made each year by the British Paper Industry to one individual. The award is made to &quot;People with foresight, a real understanding of the industry and, above all, a passion for their subject&quot;. Pro Carton is delighted that Mike\u2019s contribution to the paper and board industry has been recognised in this way and join many other in offering their congratulations to him. More ...\" \/>\n<meta property=\"og:url\" content=\"https:\/\/www.procarton.com\/de\/gold-medal-for-mike-clark\/\" \/>\n<meta property=\"og:site_name\" content=\"Pro Carton\" \/>\n<meta property=\"article:publisher\" content=\"https:\/\/www.facebook.com\/procartondesignaward\/\" \/>\n<meta property=\"article:published_time\" content=\"2010-02-18T00:00:00+00:00\" \/>\n<meta property=\"article:modified_time\" content=\"2021-11-07T16:32:36+00:00\" \/>\n<meta property=\"og:image\" content=\"https:\/\/www.procarton.com\/wp-content\/uploads\/2021\/02\/clark_k1.jpg\" \/>\n\t<meta property=\"og:image:width\" content=\"138\" \/>\n\t<meta property=\"og:image:height\" content=\"156\" \/>\n\t<meta property=\"og:image:type\" content=\"image\/jpeg\" \/>\n<meta name=\"author\" content=\"esterling@admin\" \/>\n<meta name=\"twitter:card\" content=\"summary_large_image\" \/>\n<meta name=\"twitter:creator\" content=\"@pro_carton\" \/>\n<meta name=\"twitter:site\" content=\"@pro_carton\" \/>\n<meta name=\"twitter:label1\" content=\"Verfasst von\" \/>\n\t<meta name=\"twitter:data1\" content=\"esterling@admin\" \/>\n<script type=\"application\/ld+json\" class=\"yoast-schema-graph\">{\"@context\":\"https:\\\/\\\/schema.org\",\"@graph\":[{\"@type\":\"Article\",\"@id\":\"https:\\\/\\\/www.procarton.com\\\/es\\\/gold-medal-for-mike-clark\\\/#article\",\"isPartOf\":{\"@id\":\"https:\\\/\\\/www.procarton.com\\\/es\\\/gold-medal-for-mike-clark\\\/\"},\"author\":{\"name\":\"esterling@admin\",\"@id\":\"https:\\\/\\\/www.procarton.com\\\/es\\\/#\\\/schema\\\/person\\\/872a075145d2c38578ff4eed7d481251\"},\"headline\":\"Gold Medal for Mike Clark\",\"datePublished\":\"2010-02-18T00:00:00+00:00\",\"dateModified\":\"2021-11-07T16:32:36+00:00\",\"mainEntityOfPage\":{\"@id\":\"https:\\\/\\\/www.procarton.com\\\/es\\\/gold-medal-for-mike-clark\\\/\"},\"wordCount\":96,\"commentCount\":0,\"publisher\":{\"@id\":\"https:\\\/\\\/www.procarton.com\\\/es\\\/#organization\"},\"image\":{\"@id\":\"https:\\\/\\\/www.procarton.com\\\/es\\\/gold-medal-for-mike-clark\\\/#primaryimage\"},\"thumbnailUrl\":\"https:\\\/\\\/www.procarton.com\\\/wp-content\\\/uploads\\\/2021\\\/02\\\/clark_k1.jpg\",\"keywords\":[\"Experts\"],\"articleSection\":[\"Pro Carton\"],\"inLanguage\":\"de\",\"potentialAction\":[{\"@type\":\"CommentAction\",\"name\":\"Comment\",\"target\":[\"https:\\\/\\\/www.procarton.com\\\/es\\\/gold-medal-for-mike-clark\\\/#respond\"]}]},{\"@type\":\"WebPage\",\"@id\":\"https:\\\/\\\/www.procarton.com\\\/es\\\/gold-medal-for-mike-clark\\\/\",\"url\":\"https:\\\/\\\/www.procarton.com\\\/es\\\/gold-medal-for-mike-clark\\\/\",\"name\":\"Gold Medal for Mike Clark - Pro Carton\",\"isPartOf\":{\"@id\":\"https:\\\/\\\/www.procarton.com\\\/es\\\/#website\"},\"primaryImageOfPage\":{\"@id\":\"https:\\\/\\\/www.procarton.com\\\/es\\\/gold-medal-for-mike-clark\\\/#primaryimage\"},\"image\":{\"@id\":\"https:\\\/\\\/www.procarton.com\\\/es\\\/gold-medal-for-mike-clark\\\/#primaryimage\"},\"thumbnailUrl\":\"https:\\\/\\\/www.procarton.com\\\/wp-content\\\/uploads\\\/2021\\\/02\\\/clark_k1.jpg\",\"datePublished\":\"2010-02-18T00:00:00+00:00\",\"dateModified\":\"2021-11-07T16:32:36+00:00\",\"breadcrumb\":{\"@id\":\"https:\\\/\\\/www.procarton.com\\\/es\\\/gold-medal-for-mike-clark\\\/#breadcrumb\"},\"inLanguage\":\"de\",\"potentialAction\":[{\"@type\":\"ReadAction\",\"target\":[\"https:\\\/\\\/www.procarton.com\\\/es\\\/gold-medal-for-mike-clark\\\/\"]}]},{\"@type\":\"ImageObject\",\"inLanguage\":\"de\",\"@id\":\"https:\\\/\\\/www.procarton.com\\\/es\\\/gold-medal-for-mike-clark\\\/#primaryimage\",\"url\":\"https:\\\/\\\/www.procarton.com\\\/wp-content\\\/uploads\\\/2021\\\/02\\\/clark_k1.jpg\",\"contentUrl\":\"https:\\\/\\\/www.procarton.com\\\/wp-content\\\/uploads\\\/2021\\\/02\\\/clark_k1.jpg\",\"width\":138,\"height\":156},{\"@type\":\"BreadcrumbList\",\"@id\":\"https:\\\/\\\/www.procarton.com\\\/es\\\/gold-medal-for-mike-clark\\\/#breadcrumb\",\"itemListElement\":[{\"@type\":\"ListItem\",\"position\":1,\"name\":\"Home\",\"item\":\"https:\\\/\\\/www.procarton.com\\\/\"},{\"@type\":\"ListItem\",\"position\":2,\"name\":\"Gold Medal for Mike Clark\"}]},{\"@type\":\"WebSite\",\"@id\":\"https:\\\/\\\/www.procarton.com\\\/es\\\/#website\",\"url\":\"https:\\\/\\\/www.procarton.com\\\/es\\\/\",\"name\":\"Pro Carton\",\"description\":\"\",\"publisher\":{\"@id\":\"https:\\\/\\\/www.procarton.com\\\/es\\\/#organization\"},\"potentialAction\":[{\"@type\":\"SearchAction\",\"target\":{\"@type\":\"EntryPoint\",\"urlTemplate\":\"https:\\\/\\\/www.procarton.com\\\/es\\\/?s={search_term_string}\"},\"query-input\":{\"@type\":\"PropertyValueSpecification\",\"valueRequired\":true,\"valueName\":\"search_term_string\"}}],\"inLanguage\":\"de\"},{\"@type\":\"Organization\",\"@id\":\"https:\\\/\\\/www.procarton.com\\\/es\\\/#organization\",\"name\":\"ProCarton\",\"url\":\"https:\\\/\\\/www.procarton.com\\\/es\\\/\",\"logo\":{\"@type\":\"ImageObject\",\"inLanguage\":\"de\",\"@id\":\"https:\\\/\\\/www.procarton.com\\\/es\\\/#\\\/schema\\\/logo\\\/image\\\/\",\"url\":\"https:\\\/\\\/www.procarton.com\\\/wp-content\\\/uploads\\\/2022\\\/06\\\/logo-mit-slogan.jpg\",\"contentUrl\":\"https:\\\/\\\/www.procarton.com\\\/wp-content\\\/uploads\\\/2022\\\/06\\\/logo-mit-slogan.jpg\",\"width\":422,\"height\":519,\"caption\":\"ProCarton\"},\"image\":{\"@id\":\"https:\\\/\\\/www.procarton.com\\\/es\\\/#\\\/schema\\\/logo\\\/image\\\/\"},\"sameAs\":[\"https:\\\/\\\/www.facebook.com\\\/procartondesignaward\\\/\",\"https:\\\/\\\/x.com\\\/pro_carton\"]},{\"@type\":\"Person\",\"@id\":\"https:\\\/\\\/www.procarton.com\\\/es\\\/#\\\/schema\\\/person\\\/872a075145d2c38578ff4eed7d481251\",\"name\":\"esterling@admin\",\"sameAs\":[\"https:\\\/\\\/www.procarton.com\"],\"url\":\"https:\\\/\\\/www.procarton.com\\\/de\\\/author\\\/esterlingadmin\\\/\"}]}<\/script>\n<!-- \/ Yoast SEO plugin. -->","yoast_head_json":{"title":"Goldmedaille f\u00fcr Mike Clark - Pro Carton","robots":{"index":"index","follow":"follow","max-snippet":"max-snippet:-1","max-image-preview":"max-image-preview:large","max-video-preview":"max-video-preview:-1"},"canonical":"https:\/\/www.procarton.com\/de\/gold-medal-for-mike-clark\/","og_locale":"de_DE","og_type":"article","og_title":"Gold Medal for Mike Clark - Pro Carton","og_description":"Pro Carton was delighted to hear that its former President Mike Clark has been awarded the Paper Industry Gold medal for 2010. This is a well established award made each year by the British Paper Industry to one individual. The award is made to \"People with foresight, a real understanding of the industry and, above all, a passion for their subject\". Pro Carton is delighted that Mike\u2019s contribution to the paper and board industry has been recognised in this way and join many other in offering their congratulations to him. More ...","og_url":"https:\/\/www.procarton.com\/de\/gold-medal-for-mike-clark\/","og_site_name":"Pro Carton","article_publisher":"https:\/\/www.facebook.com\/procartondesignaward\/","article_published_time":"2010-02-18T00:00:00+00:00","article_modified_time":"2021-11-07T16:32:36+00:00","og_image":[{"width":138,"height":156,"url":"https:\/\/www.procarton.com\/wp-content\/uploads\/2021\/02\/clark_k1.jpg","type":"image\/jpeg"}],"author":"esterling@admin","twitter_card":"summary_large_image","twitter_creator":"@pro_carton","twitter_site":"@pro_carton","twitter_misc":{"Verfasst von":"esterling@admin"},"schema":{"@context":"https:\/\/schema.org","@graph":[{"@type":"Article","@id":"https:\/\/www.procarton.com\/es\/gold-medal-for-mike-clark\/#article","isPartOf":{"@id":"https:\/\/www.procarton.com\/es\/gold-medal-for-mike-clark\/"},"author":{"name":"esterling@admin","@id":"https:\/\/www.procarton.com\/es\/#\/schema\/person\/872a075145d2c38578ff4eed7d481251"},"headline":"Gold Medal for Mike Clark","datePublished":"2010-02-18T00:00:00+00:00","dateModified":"2021-11-07T16:32:36+00:00","mainEntityOfPage":{"@id":"https:\/\/www.procarton.com\/es\/gold-medal-for-mike-clark\/"},"wordCount":96,"commentCount":0,"publisher":{"@id":"https:\/\/www.procarton.com\/es\/#organization"},"image":{"@id":"https:\/\/www.procarton.com\/es\/gold-medal-for-mike-clark\/#primaryimage"},"thumbnailUrl":"https:\/\/www.procarton.com\/wp-content\/uploads\/2021\/02\/clark_k1.jpg","keywords":["Experts"],"articleSection":["Pro Carton"],"inLanguage":"de","potentialAction":[{"@type":"CommentAction","name":"Comment","target":["https:\/\/www.procarton.com\/es\/gold-medal-for-mike-clark\/#respond"]}]},{"@type":"WebPage","@id":"https:\/\/www.procarton.com\/es\/gold-medal-for-mike-clark\/","url":"https:\/\/www.procarton.com\/es\/gold-medal-for-mike-clark\/","name":"Goldmedaille f\u00fcr Mike Clark - Pro Carton","isPartOf":{"@id":"https:\/\/www.procarton.com\/es\/#website"},"primaryImageOfPage":{"@id":"https:\/\/www.procarton.com\/es\/gold-medal-for-mike-clark\/#primaryimage"},"image":{"@id":"https:\/\/www.procarton.com\/es\/gold-medal-for-mike-clark\/#primaryimage"},"thumbnailUrl":"https:\/\/www.procarton.com\/wp-content\/uploads\/2021\/02\/clark_k1.jpg","datePublished":"2010-02-18T00:00:00+00:00","dateModified":"2021-11-07T16:32:36+00:00","breadcrumb":{"@id":"https:\/\/www.procarton.com\/es\/gold-medal-for-mike-clark\/#breadcrumb"},"inLanguage":"de","potentialAction":[{"@type":"ReadAction","target":["https:\/\/www.procarton.com\/es\/gold-medal-for-mike-clark\/"]}]},{"@type":"ImageObject","inLanguage":"de","@id":"https:\/\/www.procarton.com\/es\/gold-medal-for-mike-clark\/#primaryimage","url":"https:\/\/www.procarton.com\/wp-content\/uploads\/2021\/02\/clark_k1.jpg","contentUrl":"https:\/\/www.procarton.com\/wp-content\/uploads\/2021\/02\/clark_k1.jpg","width":138,"height":156},{"@type":"BreadcrumbList","@id":"https:\/\/www.procarton.com\/es\/gold-medal-for-mike-clark\/#breadcrumb","itemListElement":[{"@type":"ListItem","position":1,"name":"Home","item":"https:\/\/www.procarton.com\/"},{"@type":"ListItem","position":2,"name":"Gold Medal for Mike Clark"}]},{"@type":"WebSite","@id":"https:\/\/www.procarton.com\/es\/#website","url":"https:\/\/www.procarton.com\/es\/","name":"Pro Carton","description":"","publisher":{"@id":"https:\/\/www.procarton.com\/es\/#organization"},"potentialAction":[{"@type":"SearchAction","target":{"@type":"EntryPoint","urlTemplate":"https:\/\/www.procarton.com\/es\/?s={search_term_string}"},"query-input":{"@type":"PropertyValueSpecification","valueRequired":true,"valueName":"search_term_string"}}],"inLanguage":"de"},{"@type":"Organization","@id":"https:\/\/www.procarton.com\/es\/#organization","name":"ProCarton","url":"https:\/\/www.procarton.com\/es\/","logo":{"@type":"ImageObject","inLanguage":"de","@id":"https:\/\/www.procarton.com\/es\/#\/schema\/logo\/image\/","url":"https:\/\/www.procarton.com\/wp-content\/uploads\/2022\/06\/logo-mit-slogan.jpg","contentUrl":"https:\/\/www.procarton.com\/wp-content\/uploads\/2022\/06\/logo-mit-slogan.jpg","width":422,"height":519,"caption":"ProCarton"},"image":{"@id":"https:\/\/www.procarton.com\/es\/#\/schema\/logo\/image\/"},"sameAs":["https:\/\/www.facebook.com\/procartondesignaward\/","https:\/\/x.com\/pro_carton"]},{"@type":"Person","@id":"https:\/\/www.procarton.com\/es\/#\/schema\/person\/872a075145d2c38578ff4eed7d481251","name":"esterling@admin","sameAs":["https:\/\/www.procarton.com"],"url":"https:\/\/www.procarton.com\/de\/author\/esterlingadmin\/"}]}},"_links":{"self":[{"href":"https:\/\/www.procarton.com\/de\/wp-json\/wp\/v2\/posts\/241909","targetHints":{"allow":["GET"]}}],"collection":[{"href":"https:\/\/www.procarton.com\/de\/wp-json\/wp\/v2\/posts"}],"about":[{"href":"https:\/\/www.procarton.com\/de\/wp-json\/wp\/v2\/types\/post"}],"author":[{"embeddable":true,"href":"https:\/\/www.procarton.com\/de\/wp-json\/wp\/v2\/users\/1"}],"replies":[{"embeddable":true,"href":"https:\/\/www.procarton.com\/de\/wp-json\/wp\/v2\/comments?post=241909"}],"version-history":[{"count":2,"href":"https:\/\/www.procarton.com\/de\/wp-json\/wp\/v2\/posts\/241909\/revisions"}],"predecessor-version":[{"id":266363,"href":"https:\/\/www.procarton.com\/de\/wp-json\/wp\/v2\/posts\/241909\/revisions\/266363"}],"wp:featuredmedia":[{"embeddable":true,"href":"https:\/\/www.procarton.com\/de\/wp-json\/wp\/v2\/media\/241910"}],"wp:attachment":[{"href":"https:\/\/www.procarton.com\/de\/wp-json\/wp\/v2\/media?parent=241909"}],"wp:term":[{"taxonomy":"category","embeddable":true,"href":"https:\/\/www.procarton.com\/de\/wp-json\/wp\/v2\/categories?post=241909"},{"taxonomy":"post_tag","embeddable":true,"href":"https:\/\/www.procarton.com\/de\/wp-json\/wp\/v2\/tags?post=241909"}],"curies":[{"name":"wp","href":"https:\/\/api.w.org\/{rel}","templated":true}]}}