{"id":241754,"date":"2012-05-25T00:00:00","date_gmt":"2012-05-24T23:00:00","guid":{"rendered":"https:\/\/www.procarton.com\/paper-and-board-is-the-most-recycled-packaging-material-in-europe\/"},"modified":"2021-11-07T16:10:24","modified_gmt":"2021-11-07T16:10:24","slug":"paper-and-board-is-the-most-recycled-packaging-material-in-europe","status":"publish","type":"post","link":"https:\/\/www.procarton.com\/de\/paper-and-board-is-the-most-recycled-packaging-material-in-europe\/","title":{"rendered":"Papier und Karton sind das am h\u00e4ufigsten recycelte Verpackungsmaterial in Europa"},"content":{"rendered":"<p>Papier und Karton erreichten 2010 eine Recyclingquote von 78%. Nach Berechnungen der CEPI (Confederation of European Paper Industries) auf der Grundlage von Eurostat-Daten ist dies das am h\u00e4ufigsten recycelte Verpackungsmaterial in Europa. Mit diesen j\u00fcngsten Daten setzt sich der Aufw\u00e4rtstrend fort, der im Jahr 2000 bei 63,81 TTP1T und im Jahr 2005 bei 73,31 TTP1T lag, und \u00fcbertrifft bei weitem das in der Richtlinie \u00fcber Verpackungen und Verpackungsabf\u00e4lle festgelegte Ziel von 601 TTP1T.<\/p>\n<p><a href='\/files\/file_manager\/press_0512\/p_0512_rec_e.html ' target='_blank' rel=\"noopener\">Mehr ...<\/a><\/p>","protected":false},"excerpt":{"rendered":"<p>Papier und Karton erreichten 2010 eine Recyclingquote von 78%. Nach Berechnungen der CEPI (Confederation of European Paper Industries) auf der Grundlage von Eurostat-Daten ist dies das am h\u00e4ufigsten recycelte Verpackungsmaterial in Europa. Mit diesen j\u00fcngsten Daten setzt sich der Aufw\u00e4rtstrend fort, der im Jahr 2000 bei 63,81 TTP1T und im Jahr 2005 bei 73,31 TTP1T lag, und \u00fcbertrifft bei weitem das in der Richtlinie \u00fcber Verpackungen und Verpackungsabf\u00e4lle festgelegte Ziel von 601 TTP1T.<\/p>\n<p><a href='\/files\/file_manager\/press_0512\/p_0512_rec_e.html ' target='_blank' rel=\"noopener\">Mehr ...<\/a><\/p>","protected":false},"author":1,"featured_media":241755,"comment_status":"open","ping_status":"open","sticky":false,"template":"","format":"standard","meta":{"inline_featured_image":false,"footnotes":""},"categories":[52],"tags":[51],"class_list":["post-241754","post","type-post","status-publish","format-standard","has-post-thumbnail","hentry","category-sustainability","tag-studies"],"yoast_head":"<!-- This site is optimized with the Yoast SEO plugin v27.4 - https:\/\/yoast.com\/product\/yoast-seo-wordpress\/ -->\n<title>Paper and board is the most recycled packaging material in Europe - Pro Carton<\/title>\n<meta name=\"robots\" content=\"index, follow, max-snippet:-1, max-image-preview:large, max-video-preview:-1\" \/>\n<link rel=\"canonical\" href=\"https:\/\/www.procarton.com\/de\/paper-and-board-is-the-most-recycled-packaging-material-in-europe\/\" \/>\n<meta property=\"og:locale\" content=\"de_DE\" \/>\n<meta property=\"og:type\" content=\"article\" \/>\n<meta property=\"og:title\" content=\"Paper and board is the most recycled packaging material in Europe - Pro Carton\" \/>\n<meta property=\"og:description\" content=\"Paper and board including cartonboard achieved a recycling rate of 78% in 2010. It\u2019s the most recycled packaging material in Europe, according to CEPI (Confederation of European Paper Industries) calculations using Eurostat data. This latest data continues an upward trend from 63.8% achieved in 2000 and 73.3% achieved in 2005, and far exceeds the 60% target set by the Packaging and Packaging Waste Directive.More ...\" \/>\n<meta property=\"og:url\" content=\"https:\/\/www.procarton.com\/de\/paper-and-board-is-the-most-recycled-packaging-material-in-europe\/\" \/>\n<meta property=\"og:site_name\" content=\"Pro Carton\" \/>\n<meta property=\"article:publisher\" content=\"https:\/\/www.facebook.com\/procartondesignaward\/\" \/>\n<meta property=\"article:published_time\" content=\"2012-05-24T23:00:00+00:00\" \/>\n<meta property=\"article:modified_time\" content=\"2021-11-07T16:10:24+00:00\" \/>\n<meta property=\"og:image\" content=\"https:\/\/www.procarton.com\/wp-content\/uploads\/2021\/02\/paper_waste_m.jpg\" \/>\n\t<meta property=\"og:image:width\" content=\"200\" \/>\n\t<meta property=\"og:image:height\" content=\"200\" \/>\n\t<meta property=\"og:image:type\" content=\"image\/jpeg\" \/>\n<meta name=\"author\" content=\"esterling@admin\" \/>\n<meta name=\"twitter:card\" content=\"summary_large_image\" \/>\n<meta name=\"twitter:creator\" content=\"@pro_carton\" \/>\n<meta name=\"twitter:site\" content=\"@pro_carton\" \/>\n<meta name=\"twitter:label1\" content=\"Verfasst von\" \/>\n\t<meta name=\"twitter:data1\" content=\"esterling@admin\" \/>\n<script type=\"application\/ld+json\" class=\"yoast-schema-graph\">{\"@context\":\"https:\\\/\\\/schema.org\",\"@graph\":[{\"@type\":\"Article\",\"@id\":\"https:\\\/\\\/www.procarton.com\\\/es\\\/paper-and-board-is-the-most-recycled-packaging-material-in-europe\\\/#article\",\"isPartOf\":{\"@id\":\"https:\\\/\\\/www.procarton.com\\\/es\\\/paper-and-board-is-the-most-recycled-packaging-material-in-europe\\\/\"},\"author\":{\"name\":\"esterling@admin\",\"@id\":\"https:\\\/\\\/www.procarton.com\\\/es\\\/#\\\/schema\\\/person\\\/872a075145d2c38578ff4eed7d481251\"},\"headline\":\"Paper and board is the most recycled packaging material in Europe\",\"datePublished\":\"2012-05-24T23:00:00+00:00\",\"dateModified\":\"2021-11-07T16:10:24+00:00\",\"mainEntityOfPage\":{\"@id\":\"https:\\\/\\\/www.procarton.com\\\/es\\\/paper-and-board-is-the-most-recycled-packaging-material-in-europe\\\/\"},\"wordCount\":70,\"commentCount\":0,\"publisher\":{\"@id\":\"https:\\\/\\\/www.procarton.com\\\/es\\\/#organization\"},\"image\":{\"@id\":\"https:\\\/\\\/www.procarton.com\\\/es\\\/paper-and-board-is-the-most-recycled-packaging-material-in-europe\\\/#primaryimage\"},\"thumbnailUrl\":\"https:\\\/\\\/www.procarton.com\\\/wp-content\\\/uploads\\\/2021\\\/02\\\/paper_waste_m.jpg\",\"keywords\":[\"Studies\"],\"articleSection\":[\"Sustainability\"],\"inLanguage\":\"de\",\"potentialAction\":[{\"@type\":\"CommentAction\",\"name\":\"Comment\",\"target\":[\"https:\\\/\\\/www.procarton.com\\\/es\\\/paper-and-board-is-the-most-recycled-packaging-material-in-europe\\\/#respond\"]}]},{\"@type\":\"WebPage\",\"@id\":\"https:\\\/\\\/www.procarton.com\\\/es\\\/paper-and-board-is-the-most-recycled-packaging-material-in-europe\\\/\",\"url\":\"https:\\\/\\\/www.procarton.com\\\/es\\\/paper-and-board-is-the-most-recycled-packaging-material-in-europe\\\/\",\"name\":\"Paper and board is the most recycled packaging material in Europe - Pro Carton\",\"isPartOf\":{\"@id\":\"https:\\\/\\\/www.procarton.com\\\/es\\\/#website\"},\"primaryImageOfPage\":{\"@id\":\"https:\\\/\\\/www.procarton.com\\\/es\\\/paper-and-board-is-the-most-recycled-packaging-material-in-europe\\\/#primaryimage\"},\"image\":{\"@id\":\"https:\\\/\\\/www.procarton.com\\\/es\\\/paper-and-board-is-the-most-recycled-packaging-material-in-europe\\\/#primaryimage\"},\"thumbnailUrl\":\"https:\\\/\\\/www.procarton.com\\\/wp-content\\\/uploads\\\/2021\\\/02\\\/paper_waste_m.jpg\",\"datePublished\":\"2012-05-24T23:00:00+00:00\",\"dateModified\":\"2021-11-07T16:10:24+00:00\",\"breadcrumb\":{\"@id\":\"https:\\\/\\\/www.procarton.com\\\/es\\\/paper-and-board-is-the-most-recycled-packaging-material-in-europe\\\/#breadcrumb\"},\"inLanguage\":\"de\",\"potentialAction\":[{\"@type\":\"ReadAction\",\"target\":[\"https:\\\/\\\/www.procarton.com\\\/es\\\/paper-and-board-is-the-most-recycled-packaging-material-in-europe\\\/\"]}]},{\"@type\":\"ImageObject\",\"inLanguage\":\"de\",\"@id\":\"https:\\\/\\\/www.procarton.com\\\/es\\\/paper-and-board-is-the-most-recycled-packaging-material-in-europe\\\/#primaryimage\",\"url\":\"https:\\\/\\\/www.procarton.com\\\/wp-content\\\/uploads\\\/2021\\\/02\\\/paper_waste_m.jpg\",\"contentUrl\":\"https:\\\/\\\/www.procarton.com\\\/wp-content\\\/uploads\\\/2021\\\/02\\\/paper_waste_m.jpg\",\"width\":200,\"height\":200},{\"@type\":\"BreadcrumbList\",\"@id\":\"https:\\\/\\\/www.procarton.com\\\/es\\\/paper-and-board-is-the-most-recycled-packaging-material-in-europe\\\/#breadcrumb\",\"itemListElement\":[{\"@type\":\"ListItem\",\"position\":1,\"name\":\"Home\",\"item\":\"https:\\\/\\\/www.procarton.com\\\/\"},{\"@type\":\"ListItem\",\"position\":2,\"name\":\"Paper and board is the most recycled packaging material in Europe\"}]},{\"@type\":\"WebSite\",\"@id\":\"https:\\\/\\\/www.procarton.com\\\/es\\\/#website\",\"url\":\"https:\\\/\\\/www.procarton.com\\\/es\\\/\",\"name\":\"Pro Carton\",\"description\":\"\",\"publisher\":{\"@id\":\"https:\\\/\\\/www.procarton.com\\\/es\\\/#organization\"},\"potentialAction\":[{\"@type\":\"SearchAction\",\"target\":{\"@type\":\"EntryPoint\",\"urlTemplate\":\"https:\\\/\\\/www.procarton.com\\\/es\\\/?s={search_term_string}\"},\"query-input\":{\"@type\":\"PropertyValueSpecification\",\"valueRequired\":true,\"valueName\":\"search_term_string\"}}],\"inLanguage\":\"de\"},{\"@type\":\"Organization\",\"@id\":\"https:\\\/\\\/www.procarton.com\\\/es\\\/#organization\",\"name\":\"ProCarton\",\"url\":\"https:\\\/\\\/www.procarton.com\\\/es\\\/\",\"logo\":{\"@type\":\"ImageObject\",\"inLanguage\":\"de\",\"@id\":\"https:\\\/\\\/www.procarton.com\\\/es\\\/#\\\/schema\\\/logo\\\/image\\\/\",\"url\":\"https:\\\/\\\/www.procarton.com\\\/wp-content\\\/uploads\\\/2022\\\/06\\\/logo-mit-slogan.jpg\",\"contentUrl\":\"https:\\\/\\\/www.procarton.com\\\/wp-content\\\/uploads\\\/2022\\\/06\\\/logo-mit-slogan.jpg\",\"width\":422,\"height\":519,\"caption\":\"ProCarton\"},\"image\":{\"@id\":\"https:\\\/\\\/www.procarton.com\\\/es\\\/#\\\/schema\\\/logo\\\/image\\\/\"},\"sameAs\":[\"https:\\\/\\\/www.facebook.com\\\/procartondesignaward\\\/\",\"https:\\\/\\\/x.com\\\/pro_carton\"]},{\"@type\":\"Person\",\"@id\":\"https:\\\/\\\/www.procarton.com\\\/es\\\/#\\\/schema\\\/person\\\/872a075145d2c38578ff4eed7d481251\",\"name\":\"esterling@admin\",\"sameAs\":[\"https:\\\/\\\/www.procarton.com\"],\"url\":\"https:\\\/\\\/www.procarton.com\\\/de\\\/author\\\/esterlingadmin\\\/\"}]}<\/script>\n<!-- \/ Yoast SEO plugin. -->","yoast_head_json":{"title":"Papier und Karton sind das am h\u00e4ufigsten recycelte Verpackungsmaterial in Europa - Pro Carton","robots":{"index":"index","follow":"follow","max-snippet":"max-snippet:-1","max-image-preview":"max-image-preview:large","max-video-preview":"max-video-preview:-1"},"canonical":"https:\/\/www.procarton.com\/de\/paper-and-board-is-the-most-recycled-packaging-material-in-europe\/","og_locale":"de_DE","og_type":"article","og_title":"Paper and board is the most recycled packaging material in Europe - Pro Carton","og_description":"Paper and board including cartonboard achieved a recycling rate of 78% in 2010. It\u2019s the most recycled packaging material in Europe, according to CEPI (Confederation of European Paper Industries) calculations using Eurostat data. This latest data continues an upward trend from 63.8% achieved in 2000 and 73.3% achieved in 2005, and far exceeds the 60% target set by the Packaging and Packaging Waste Directive.More ...","og_url":"https:\/\/www.procarton.com\/de\/paper-and-board-is-the-most-recycled-packaging-material-in-europe\/","og_site_name":"Pro Carton","article_publisher":"https:\/\/www.facebook.com\/procartondesignaward\/","article_published_time":"2012-05-24T23:00:00+00:00","article_modified_time":"2021-11-07T16:10:24+00:00","og_image":[{"width":200,"height":200,"url":"https:\/\/www.procarton.com\/wp-content\/uploads\/2021\/02\/paper_waste_m.jpg","type":"image\/jpeg"}],"author":"esterling@admin","twitter_card":"summary_large_image","twitter_creator":"@pro_carton","twitter_site":"@pro_carton","twitter_misc":{"Verfasst von":"esterling@admin"},"schema":{"@context":"https:\/\/schema.org","@graph":[{"@type":"Article","@id":"https:\/\/www.procarton.com\/es\/paper-and-board-is-the-most-recycled-packaging-material-in-europe\/#article","isPartOf":{"@id":"https:\/\/www.procarton.com\/es\/paper-and-board-is-the-most-recycled-packaging-material-in-europe\/"},"author":{"name":"esterling@admin","@id":"https:\/\/www.procarton.com\/es\/#\/schema\/person\/872a075145d2c38578ff4eed7d481251"},"headline":"Paper and board is the most recycled packaging material in Europe","datePublished":"2012-05-24T23:00:00+00:00","dateModified":"2021-11-07T16:10:24+00:00","mainEntityOfPage":{"@id":"https:\/\/www.procarton.com\/es\/paper-and-board-is-the-most-recycled-packaging-material-in-europe\/"},"wordCount":70,"commentCount":0,"publisher":{"@id":"https:\/\/www.procarton.com\/es\/#organization"},"image":{"@id":"https:\/\/www.procarton.com\/es\/paper-and-board-is-the-most-recycled-packaging-material-in-europe\/#primaryimage"},"thumbnailUrl":"https:\/\/www.procarton.com\/wp-content\/uploads\/2021\/02\/paper_waste_m.jpg","keywords":["Studies"],"articleSection":["Sustainability"],"inLanguage":"de","potentialAction":[{"@type":"CommentAction","name":"Comment","target":["https:\/\/www.procarton.com\/es\/paper-and-board-is-the-most-recycled-packaging-material-in-europe\/#respond"]}]},{"@type":"WebPage","@id":"https:\/\/www.procarton.com\/es\/paper-and-board-is-the-most-recycled-packaging-material-in-europe\/","url":"https:\/\/www.procarton.com\/es\/paper-and-board-is-the-most-recycled-packaging-material-in-europe\/","name":"Papier und Karton sind das am h\u00e4ufigsten recycelte Verpackungsmaterial in Europa - Pro Carton","isPartOf":{"@id":"https:\/\/www.procarton.com\/es\/#website"},"primaryImageOfPage":{"@id":"https:\/\/www.procarton.com\/es\/paper-and-board-is-the-most-recycled-packaging-material-in-europe\/#primaryimage"},"image":{"@id":"https:\/\/www.procarton.com\/es\/paper-and-board-is-the-most-recycled-packaging-material-in-europe\/#primaryimage"},"thumbnailUrl":"https:\/\/www.procarton.com\/wp-content\/uploads\/2021\/02\/paper_waste_m.jpg","datePublished":"2012-05-24T23:00:00+00:00","dateModified":"2021-11-07T16:10:24+00:00","breadcrumb":{"@id":"https:\/\/www.procarton.com\/es\/paper-and-board-is-the-most-recycled-packaging-material-in-europe\/#breadcrumb"},"inLanguage":"de","potentialAction":[{"@type":"ReadAction","target":["https:\/\/www.procarton.com\/es\/paper-and-board-is-the-most-recycled-packaging-material-in-europe\/"]}]},{"@type":"ImageObject","inLanguage":"de","@id":"https:\/\/www.procarton.com\/es\/paper-and-board-is-the-most-recycled-packaging-material-in-europe\/#primaryimage","url":"https:\/\/www.procarton.com\/wp-content\/uploads\/2021\/02\/paper_waste_m.jpg","contentUrl":"https:\/\/www.procarton.com\/wp-content\/uploads\/2021\/02\/paper_waste_m.jpg","width":200,"height":200},{"@type":"BreadcrumbList","@id":"https:\/\/www.procarton.com\/es\/paper-and-board-is-the-most-recycled-packaging-material-in-europe\/#breadcrumb","itemListElement":[{"@type":"ListItem","position":1,"name":"Home","item":"https:\/\/www.procarton.com\/"},{"@type":"ListItem","position":2,"name":"Paper and board is the most recycled packaging material in Europe"}]},{"@type":"WebSite","@id":"https:\/\/www.procarton.com\/es\/#website","url":"https:\/\/www.procarton.com\/es\/","name":"Pro Carton","description":"","publisher":{"@id":"https:\/\/www.procarton.com\/es\/#organization"},"potentialAction":[{"@type":"SearchAction","target":{"@type":"EntryPoint","urlTemplate":"https:\/\/www.procarton.com\/es\/?s={search_term_string}"},"query-input":{"@type":"PropertyValueSpecification","valueRequired":true,"valueName":"search_term_string"}}],"inLanguage":"de"},{"@type":"Organization","@id":"https:\/\/www.procarton.com\/es\/#organization","name":"ProCarton","url":"https:\/\/www.procarton.com\/es\/","logo":{"@type":"ImageObject","inLanguage":"de","@id":"https:\/\/www.procarton.com\/es\/#\/schema\/logo\/image\/","url":"https:\/\/www.procarton.com\/wp-content\/uploads\/2022\/06\/logo-mit-slogan.jpg","contentUrl":"https:\/\/www.procarton.com\/wp-content\/uploads\/2022\/06\/logo-mit-slogan.jpg","width":422,"height":519,"caption":"ProCarton"},"image":{"@id":"https:\/\/www.procarton.com\/es\/#\/schema\/logo\/image\/"},"sameAs":["https:\/\/www.facebook.com\/procartondesignaward\/","https:\/\/x.com\/pro_carton"]},{"@type":"Person","@id":"https:\/\/www.procarton.com\/es\/#\/schema\/person\/872a075145d2c38578ff4eed7d481251","name":"esterling@admin","sameAs":["https:\/\/www.procarton.com"],"url":"https:\/\/www.procarton.com\/de\/author\/esterlingadmin\/"}]}},"_links":{"self":[{"href":"https:\/\/www.procarton.com\/de\/wp-json\/wp\/v2\/posts\/241754","targetHints":{"allow":["GET"]}}],"collection":[{"href":"https:\/\/www.procarton.com\/de\/wp-json\/wp\/v2\/posts"}],"about":[{"href":"https:\/\/www.procarton.com\/de\/wp-json\/wp\/v2\/types\/post"}],"author":[{"embeddable":true,"href":"https:\/\/www.procarton.com\/de\/wp-json\/wp\/v2\/users\/1"}],"replies":[{"embeddable":true,"href":"https:\/\/www.procarton.com\/de\/wp-json\/wp\/v2\/comments?post=241754"}],"version-history":[{"count":1,"href":"https:\/\/www.procarton.com\/de\/wp-json\/wp\/v2\/posts\/241754\/revisions"}],"predecessor-version":[{"id":266226,"href":"https:\/\/www.procarton.com\/de\/wp-json\/wp\/v2\/posts\/241754\/revisions\/266226"}],"wp:featuredmedia":[{"embeddable":true,"href":"https:\/\/www.procarton.com\/de\/wp-json\/wp\/v2\/media\/241755"}],"wp:attachment":[{"href":"https:\/\/www.procarton.com\/de\/wp-json\/wp\/v2\/media?parent=241754"}],"wp:term":[{"taxonomy":"category","embeddable":true,"href":"https:\/\/www.procarton.com\/de\/wp-json\/wp\/v2\/categories?post=241754"},{"taxonomy":"post_tag","embeddable":true,"href":"https:\/\/www.procarton.com\/de\/wp-json\/wp\/v2\/tags?post=241754"}],"curies":[{"name":"wp","href":"https:\/\/api.w.org\/{rel}","templated":true}]}}